{"id":19763,"date":"2019-11-29T14:40:26","date_gmt":"2019-11-29T11:40:26","guid":{"rendered":"http:\/\/chpantalya.com\/?p=19763"},"modified":"2019-11-29T14:40:26","modified_gmt":"2019-11-29T11:40:26","slug":"yeni-dipsiz-gol-facialari-olmamasi-icin-daha-radikal-onlem-gerekiyor","status":"publish","type":"post","link":"https:\/\/chpantalya.com\/?p=19763","title":{"rendered":"\u201cYEN\u0130 D\u0130PS\u0130Z G\u00d6L FAC\u0130ALARI OLMAMASI \u0130\u00c7\u0130N DAHA RAD\u0130KAL \u00d6NLEM GEREK\u0130YOR\u201d"},"content":{"rendered":"<p><strong>CHP ANTALYA M\u0130LLETVEK\u0130L\u0130 \u00c7ET\u0130N OSMAN BUDAK:<\/strong><\/p>\n<p><strong>\u00a0<\/strong><\/p>\n<p><strong>\u201cDEF\u0130NE ARAMA 2.DERECE \u00c7ED KAPSAMINA ALINDI AMA YETERS\u0130Z\u201d<\/strong><\/p>\n<p>&nbsp;<\/p>\n<p><strong>\u201cYEN\u0130 D\u0130PS\u0130Z G\u00d6L FAC\u0130ALARI OLMAMASI \u0130\u00c7\u0130N DAHA RAD\u0130KAL \u00d6NLEM GEREK\u0130YOR\u201d<\/strong><\/p>\n<p>&nbsp;<\/p>\n<p>Cumhuriyet Halk Partisi(CHP) Antalya Milletvekili \u00c7etin Osman Budak, define arama faaliyetlerinin ikinci derece \u00c7ED kapsam\u0131na al\u0131nmas\u0131n\u0131 olumlu bulduklar\u0131n\u0131 ancak bunun sorunlar\u0131 \u00e7\u00f6zmeye yeterli olamayaca\u011f\u0131n\u0131 s\u00f6yledi.<\/p>\n<p>\u201c12 bin y\u0131ll\u0131k g\u00f6l\u00fc kuruttular, \u015fimdi define arama faaliyetlerini ikinci derece \u00c7ED kapsam\u0131na al\u0131yorlar. Yani \u00c7ED\u2019i ki\u015filerin insiyatifine b\u0131rak\u0131yorlar. Unutmay\u0131n Dipsiz G\u00f6l facias\u0131 da Valili\u011fin insiyatifiyle ger\u00e7ekle\u015fmi\u015fti\u201d dedi.<\/p>\n<p>&nbsp;<\/p>\n<p>Resmi Gazete\u2019de yay\u0131nlanan y\u00f6netmeli\u011fi de\u011ferlendiren CHP Antalya Milletvekili \u00c7etin Osman Budak, \u201c28 Kas\u0131m\u2019da Resmi Gazete\u2019de yay\u0131nlanan y\u00f6netmeli\u011fi olumlu buluyoruz. Dipsiz G\u00f6l facias\u0131 ya\u015fand\u0131ktan sonra h\u0131zl\u0131 reaksiyon g\u00f6sterilerek mevzuat\u0131n de\u011fi\u015ftirilmesi \u00f6nemli. Ancak hi\u00e7bir sekt\u00f6rde sa\u011fl\u0131kl\u0131 denetim yap\u0131lamad\u0131\u011f\u0131n\u0131n g\u00f6z \u00f6n\u00fcnde bulundurdu\u011fumuzda, d\u00fcnyan\u0131n en b\u00fcy\u00fck A\u00e7\u0131khava m\u00fczesi olan T\u00fcrkiye\u2019de, b\u00f6ylesine \u00f6nemli bir konunun ki\u015filerin insiyatifine b\u0131rak\u0131lmas\u0131, yeni Dipsiz G\u00f6l facialar\u0131n\u0131n ya\u015fanmayaca\u011f\u0131n\u0131 garanti edemez\u201d dedi.<\/p>\n<p>&nbsp;<\/p>\n<p>Budak \u015fu sorular\u0131 y\u00f6neltti:<\/p>\n<p>&nbsp;<\/p>\n<p>\u201cDefine arama projeleri, \u00c7ED y\u00f6netmeli\u011finin, \u00c7evresel Etki De\u011ferlendirmesi Uygulanacak Projeler Listesi yerine ikinci derece olarak nitelendirilebilecek ve \u00c7ED raporunu inisiyatife ba\u011fl\u0131 b\u0131rakan Ek-2 listesine eklenmi\u015ftir. Dipsiz G\u00f6l facias\u0131n\u0131 g\u00f6z \u00f6n\u00fcnde bulundurarak, \u2018define arama projelerinin Ek-1 listesine dahil edilmeme gerek\u00e7esi nedir? Define avc\u0131l\u0131\u011f\u0131n\u0131n hem tarihsel yap\u0131lar hem de \u00e7evre \u00fczerinde yaratt\u0131\u011f\u0131 a\u011f\u0131r tahribat\u0131 engellemek i\u00e7in Bakanl\u0131\u011f\u0131n\u0131z taraf\u0131ndan bir eylem plan\u0131 uygulanmakta m\u0131d\u0131r? Varsa bu eylem plan\u0131 nedir?\u201d<\/p>\n","protected":false},"excerpt":{"rendered":"<p>CHP ANTALYA M\u0130LLETVEK\u0130L\u0130 \u00c7ET\u0130N OSMAN BUDAK: \u00a0 \u201cDEF\u0130NE ARAMA 2.DERECE \u00c7ED KAPSAMINA ALINDI AMA YETERS\u0130Z\u201d &nbsp; \u201cYEN\u0130 D\u0130PS\u0130Z G\u00d6L FAC\u0130ALARI OLMAMASI \u0130\u00c7\u0130N DAHA RAD\u0130KAL \u00d6NLEM GEREK\u0130YOR\u201d &nbsp; Cumhuriyet Halk Partisi(CHP) Antalya Milletvekili \u00c7etin Osman Budak, define arama faaliyetlerinin ikinci derece \u00c7ED kapsam\u0131na al\u0131nmas\u0131n\u0131 olumlu bulduklar\u0131n\u0131 ancak bunun sorunlar\u0131 \u00e7\u00f6zmeye yeterli olamayaca\u011f\u0131n\u0131 s\u00f6yledi. \u201c12 bin y\u0131ll\u0131k [&hellip;]<\/p>\n","protected":false},"author":1,"featured_media":19699,"comment_status":"closed","ping_status":"open","sticky":false,"template":"","format":"standard","meta":[],"categories":[52,35],"tags":[],"amp_enabled":true,"_links":{"self":[{"href":"https:\/\/chpantalya.com\/index.php?rest_route=\/wp\/v2\/posts\/19763"}],"collection":[{"href":"https:\/\/chpantalya.com\/index.php?rest_route=\/wp\/v2\/posts"}],"about":[{"href":"https:\/\/chpantalya.com\/index.php?rest_route=\/wp\/v2\/types\/post"}],"author":[{"embeddable":true,"href":"https:\/\/chpantalya.com\/index.php?rest_route=\/wp\/v2\/users\/1"}],"replies":[{"embeddable":true,"href":"https:\/\/chpantalya.com\/index.php?rest_route=%2Fwp%2Fv2%2Fcomments&post=19763"}],"version-history":[{"count":0,"href":"https:\/\/chpantalya.com\/index.php?rest_route=\/wp\/v2\/posts\/19763\/revisions"}],"wp:featuredmedia":[{"embeddable":true,"href":"https:\/\/chpantalya.com\/index.php?rest_route=\/wp\/v2\/media\/19699"}],"wp:attachment":[{"href":"https:\/\/chpantalya.com\/index.php?rest_route=%2Fwp%2Fv2%2Fmedia&parent=19763"}],"wp:term":[{"taxonomy":"category","embeddable":true,"href":"https:\/\/chpantalya.com\/index.php?rest_route=%2Fwp%2Fv2%2Fcategories&post=19763"},{"taxonomy":"post_tag","embeddable":true,"href":"https:\/\/chpantalya.com\/index.php?rest_route=%2Fwp%2Fv2%2Ftags&post=19763"}],"curies":[{"name":"wp","href":"https:\/\/api.w.org\/{rel}","templated":true}]}}