{"id":19793,"date":"2019-12-05T14:11:21","date_gmt":"2019-12-05T11:11:21","guid":{"rendered":"http:\/\/chpantalya.com\/?p=19793"},"modified":"2019-12-05T14:11:21","modified_gmt":"2019-12-05T11:11:21","slug":"zeybekkac-saglik-emekcisi-saldiriya-ugradi","status":"publish","type":"post","link":"https:\/\/chpantalya.com\/?p=19793","title":{"rendered":"ZEYBEK:\u201cKA\u00c7 SA\u011eLIK EMEK\u00c7\u0130S\u0130 SALDIRIYA U\u011eRADI\u201d"},"content":{"rendered":"<p>CHP Antalya Milletvekili Rafet Zeybek Kemer, Demre ve Elmal\u0131 Devlet Hastanelerinin ya\u011f\u0131\u015fl\u0131 havalarda su almas\u0131n\u0131 ve Antalya\u2019da sa\u011fl\u0131k emek\u00e7ilerinin u\u011frad\u0131\u011f\u0131 \u015fiddeti soru \u00f6nergesi ile TBMM g\u00fcndemine ta\u015f\u0131d\u0131.<\/p>\n<p><strong>\u201cHASTANELER\u0130 SU BASIYOR\u201d<\/strong><\/p>\n<p>CHP\u2019li Rafet Zeybek, Sa\u011fl\u0131k Bakan\u0131 Koca\u2019n\u0131n cevaplamas\u0131 istemiyle verdi\u011fi yaz\u0131l\u0131 \u00f6nergesinde Demre Devlet Hastanesi, Kemer Devlet Hastanesi ve Elmal\u0131 Devlet Hastanesinin yo\u011fun bak\u0131m ve eczane \u00fcnitelerini ya\u011f\u0131\u015fl\u0131 havalarda su bast\u0131\u011f\u0131 iddialar\u0131n\u0131 ve bu hastaneleri hangi firmalar\u0131n in\u015fa etti\u011fini, firmalara ne kadar \u00f6dendi\u011fini sordu. CHP\u2019li Zeybek Devlet Hastanelerinin ya\u011f\u0131\u015fl\u0131 havalarda su almas\u0131n\u0131n hem \u00e7al\u0131\u015fan sa\u011fl\u0131k emek\u00e7ilerini hem de sa\u011fl\u0131k hizmeti alan vatanda\u015flar\u0131m\u0131z\u0131 zor durumda b\u0131rakt\u0131\u011f\u0131n\u0131 belirtti.<\/p>\n<p>&nbsp;<\/p>\n<p>AKP iktidar\u0131n\u0131n sa\u011fl\u0131kta d\u00f6n\u00fc\u015f\u00fcm ad\u0131n\u0131 verdi\u011fi s\u00fcrecin ticari kayg\u0131lar\u0131 \u00f6n plana \u00e7\u0131kard\u0131\u011f\u0131n\u0131 belirten CHP\u2019li Zeybek verdi\u011fi soru \u00f6nergesinde g\u00f6r\u00fcnt\u00fcleme cihazlar\u0131 (BTR-MR) i\u00e7in kota uygulamas\u0131n\u0131 ve kotan\u0131n doldurulmad\u0131\u011f\u0131 zaman firmaya fazla \u00fccret \u00f6demesi yap\u0131l\u0131p yap\u0131lmad\u0131\u011f\u0131n\u0131n cevaplanmas\u0131n\u0131 istedi.<\/p>\n<p><strong>\u201cKA\u00c7 SA\u011eLIK EMEK\u00c7\u0130S\u0130 SALDIRIYA U\u011eRADI\u201d<\/strong><\/p>\n<p>Sa\u011fl\u0131k emek\u00e7ilerinin ya\u015fad\u0131klar\u0131 zorluklara da de\u011finen CHP\u2019li Zeybek, verdi\u011fi soru \u00f6nergesinde Antalya genelinde kamu hastanelerinde sa\u011fl\u0131k \u00e7al\u0131\u015fanlar\u0131na y\u00f6nelik son be\u015f y\u0131lda ka\u00e7 fiziki, s\u00f6zl\u00fc ve psikolojik sald\u0131r\u0131 olay\u0131 ya\u015fand\u0131\u011f\u0131n\u0131 da sordu.\u00a0 \u00a0\u201cGece g\u00fcnd\u00fcz, vatanda\u015flar\u0131m\u0131za sa\u011fl\u0131k hizmeti veren ve bu fedak\u00e2rl\u0131klar\u0131na ra\u011fmen s\u00fcrekli fiziksel ve s\u00f6zl\u00fc \u015fiddete u\u011frayan sa\u011fl\u0131k emek\u00e7ilerimize kar\u015f\u0131 i\u015flenen bu su\u00e7lar\u0131n cayd\u0131r\u0131c\u0131l\u0131\u011f\u0131 ne yaz\u0131k ki az, toplumsal \u015fiddetin her ge\u00e7en g\u00fcn artt\u0131\u011f\u0131 \u00fclkemizde sa\u011fl\u0131k emek\u00e7ilerine kar\u015f\u0131 artan \u015fiddetin \u00f6nlenmesi i\u00e7in ayr\u0131m g\u00f6zetmeksizin t\u00fcm payda\u015flar\u0131n g\u00f6r\u00fc\u015fleri al\u0131nmal\u0131 ve gerekli tedbirler uygulanmal\u0131d\u0131r.\u201d ifadesini kullanan CHP Antalya Milletvekili Rafet Zeybek, d\u00f6ner sermaye \u00f6demelerinden, idari ve siyasi bask\u0131ya, \u00e7al\u0131\u015fma \u015fartlar\u0131n\u0131n zorlu\u011funa kadar sa\u011fl\u0131k emek\u00e7ilerinin \u00e7\u00f6z\u00fcm bekleyen bir\u00e7ok sorunu oldu\u011funu belirtti.<\/p>\n\r\n                <style type=\"text\/css\">\r\n                    \r\n                    #tdi_1  .td-doubleSlider-2 .td-item1 {\r\n                        background: url(https:\/\/chpantalya.com\/wp-content\/uploads\/2019\/12\/Hastane-su-sorunu-1-160x120.jpeg) 0 0 no-repeat;\r\n                    }\r\n                    #tdi_1  .td-doubleSlider-2 .td-item2 {\r\n                        background: url(https:\/\/chpantalya.com\/wp-content\/uploads\/2019\/12\/Hastane-su-sorunu-2-160x120.jpeg) 0 0 no-repeat;\r\n                    }\r\n                    #tdi_1  .td-doubleSlider-2 .td-item3 {\r\n                        background: url(https:\/\/chpantalya.com\/wp-content\/uploads\/2019\/12\/Rafet-Zeybek-Genel-Kurul-Foto\u011fraf-160x120.jpg) 0 0 no-repeat;\r\n                    }\r\n                <\/style>\r\n\r\n                <div id=\"tdi_1\" class=\"td-gallery td-slide-on-2-columns\">\r\n                    <div class=\"post_td_gallery\">\r\n                        <div class=\"td-gallery-slide-top\">\r\n                           <div class=\"td-gallery-title\"><\/div>\r\n\r\n                            <div class=\"td-gallery-controls-wrapper\">\r\n                                <div class=\"td-gallery-slide-count\"><span class=\"td-gallery-slide-item-focus\">1<\/span> - 3<\/div>\r\n                                <div class=\"td-gallery-slide-prev-next-but\">\r\n                                    <i class = \"td-icon-left doubleSliderPrevButton\"><\/i>\r\n                                    <i class = \"td-icon-right doubleSliderNextButton\"><\/i>\r\n                                <\/div>\r\n                            <\/div>\r\n                        <\/div>\r\n\r\n                        <div class = \"td-doubleSlider-1 \">\r\n                            <div class = \"td-slider\">\r\n                                \r\n                    <div class = \"td-slide-item td-item1\">\r\n                        <figure class=\"td-slide-galery-figure td-slide-popup-gallery\">\r\n                            <a class=\"slide-gallery-image-link\" href=\"https:\/\/chpantalya.com\/wp-content\/uploads\/2019\/12\/Hastane-su-sorunu-1.jpeg\" title=\"Hastane su sorunu 1\"  data-caption=\"\"  data-description=\"\">\r\n                                <img src=\"https:\/\/chpantalya.com\/wp-content\/uploads\/2019\/12\/Hastane-su-sorunu-1-210x420.jpeg\" srcset=\"https:\/\/chpantalya.com\/wp-content\/uploads\/2019\/12\/Hastane-su-sorunu-1-210x420.jpeg 420w, https:\/\/chpantalya.com\/wp-content\/uploads\/2019\/12\/Hastane-su-sorunu-1-420x840.jpeg 840w\" sizes=\"(-webkit-min-device-pixel-ratio: 2) 840px, (min-resolution: 192dpi) 840px, 420px\" alt=\"\">\r\n                            <\/a>\r\n                            \r\n                        <\/figure>\r\n                    <\/div>\r\n                    <div class = \"td-slide-item td-item2\">\r\n                        <figure class=\"td-slide-galery-figure td-slide-popup-gallery\">\r\n                            <a class=\"slide-gallery-image-link\" href=\"https:\/\/chpantalya.com\/wp-content\/uploads\/2019\/12\/Hastane-su-sorunu-2.jpeg\" title=\"Hastane su sorunu 2\"  data-caption=\"\"  data-description=\"\">\r\n                                <img src=\"https:\/\/chpantalya.com\/wp-content\/uploads\/2019\/12\/Hastane-su-sorunu-2-210x420.jpeg\" srcset=\"https:\/\/chpantalya.com\/wp-content\/uploads\/2019\/12\/Hastane-su-sorunu-2-210x420.jpeg 420w, https:\/\/chpantalya.com\/wp-content\/uploads\/2019\/12\/Hastane-su-sorunu-2-420x840.jpeg 840w\" sizes=\"(-webkit-min-device-pixel-ratio: 2) 840px, (min-resolution: 192dpi) 840px, 420px\" alt=\"\">\r\n                            <\/a>\r\n                            \r\n                        <\/figure>\r\n                    <\/div>\r\n                    <div class = \"td-slide-item td-item3\">\r\n                        <figure class=\"td-slide-galery-figure td-slide-popup-gallery\">\r\n                            <a class=\"slide-gallery-image-link\" href=\"https:\/\/chpantalya.com\/wp-content\/uploads\/2019\/12\/Rafet-Zeybek-Genel-Kurul-Foto\u011fraf.jpg\" title=\"Rafet Zeybek Genel Kurul Foto\u011fraf\"  data-caption=\"\"  data-description=\"\">\r\n                                <img src=\"https:\/\/chpantalya.com\/wp-content\/uploads\/2019\/12\/Rafet-Zeybek-Genel-Kurul-Foto\u011fraf-630x420.jpg\" srcset=\"https:\/\/chpantalya.com\/wp-content\/uploads\/2019\/12\/Rafet-Zeybek-Genel-Kurul-Foto\u011fraf-630x420.jpg 420w, https:\/\/chpantalya.com\/wp-content\/uploads\/2019\/12\/Rafet-Zeybek-Genel-Kurul-Foto\u011fraf-1260x840.jpg 840w\" sizes=\"(-webkit-min-device-pixel-ratio: 2) 840px, (min-resolution: 192dpi) 840px, 420px\" alt=\"\">\r\n                            <\/a>\r\n                            \r\n                        <\/figure>\r\n                    <\/div>\r\n                            <\/div>\r\n                        <\/div>\r\n\r\n                        <div class = \"td-doubleSlider-2\">\r\n                            <div class = \"td-slider\">\r\n                                \r\n                    <div class = \"td-button td-item1\">\r\n                        <div class = \"td-border\"><\/div>\r\n                    <\/div>\r\n                    <div class = \"td-button td-item2\">\r\n                        <div class = \"td-border\"><\/div>\r\n                    <\/div>\r\n                    <div class = \"td-button td-item3\">\r\n                        <div class = \"td-border\"><\/div>\r\n                    <\/div>\r\n                            <\/div>\r\n                        <\/div>\r\n\r\n                    <\/div>\r\n\r\n                <\/div>\r\n                \n","protected":false},"excerpt":{"rendered":"<p>CHP Antalya Milletvekili Rafet Zeybek Kemer, Demre ve Elmal\u0131 Devlet Hastanelerinin ya\u011f\u0131\u015fl\u0131 havalarda su almas\u0131n\u0131 ve Antalya\u2019da sa\u011fl\u0131k emek\u00e7ilerinin u\u011frad\u0131\u011f\u0131 \u015fiddeti soru \u00f6nergesi ile TBMM g\u00fcndemine ta\u015f\u0131d\u0131. \u201cHASTANELER\u0130 SU BASIYOR\u201d CHP\u2019li Rafet Zeybek, Sa\u011fl\u0131k Bakan\u0131 Koca\u2019n\u0131n cevaplamas\u0131 istemiyle verdi\u011fi yaz\u0131l\u0131 \u00f6nergesinde Demre Devlet Hastanesi, Kemer Devlet Hastanesi ve Elmal\u0131 Devlet Hastanesinin yo\u011fun bak\u0131m ve eczane [&hellip;]<\/p>\n","protected":false},"author":1,"featured_media":19796,"comment_status":"closed","ping_status":"open","sticky":false,"template":"","format":"standard","meta":[],"categories":[35,62],"tags":[],"amp_enabled":true,"_links":{"self":[{"href":"https:\/\/chpantalya.com\/index.php?rest_route=\/wp\/v2\/posts\/19793"}],"collection":[{"href":"https:\/\/chpantalya.com\/index.php?rest_route=\/wp\/v2\/posts"}],"about":[{"href":"https:\/\/chpantalya.com\/index.php?rest_route=\/wp\/v2\/types\/post"}],"author":[{"embeddable":true,"href":"https:\/\/chpantalya.com\/index.php?rest_route=\/wp\/v2\/users\/1"}],"replies":[{"embeddable":true,"href":"https:\/\/chpantalya.com\/index.php?rest_route=%2Fwp%2Fv2%2Fcomments&post=19793"}],"version-history":[{"count":0,"href":"https:\/\/chpantalya.com\/index.php?rest_route=\/wp\/v2\/posts\/19793\/revisions"}],"wp:featuredmedia":[{"embeddable":true,"href":"https:\/\/chpantalya.com\/index.php?rest_route=\/wp\/v2\/media\/19796"}],"wp:attachment":[{"href":"https:\/\/chpantalya.com\/index.php?rest_route=%2Fwp%2Fv2%2Fmedia&parent=19793"}],"wp:term":[{"taxonomy":"category","embeddable":true,"href":"https:\/\/chpantalya.com\/index.php?rest_route=%2Fwp%2Fv2%2Fcategories&post=19793"},{"taxonomy":"post_tag","embeddable":true,"href":"https:\/\/chpantalya.com\/index.php?rest_route=%2Fwp%2Fv2%2Ftags&post=19793"}],"curies":[{"name":"wp","href":"https:\/\/api.w.org\/{rel}","templated":true}]}}