{"id":19801,"date":"2019-12-10T15:49:30","date_gmt":"2019-12-10T12:49:30","guid":{"rendered":"http:\/\/chpantalya.com\/?p=19801"},"modified":"2019-12-10T15:49:30","modified_gmt":"2019-12-10T12:49:30","slug":"zeybekyetkililerin-mal-varliginda-artis-iddialari-dogru-mu","status":"publish","type":"post","link":"https:\/\/chpantalya.com\/?p=19801","title":{"rendered":"ZEYBEK:YETK\u0130L\u0130LER\u0130N MAL VARLI\u011eINDA ARTI\u015e \u0130DD\u0130ALARI DO\u011eRU MU?"},"content":{"rendered":"<p>CHP Antalya Milletvekili ve Adalet Komisyonu \u00dcyesi Rafet Zeybek, Antalya Aksu \u00c7ay\u0131 Ta\u015fk\u0131n Koruma Projesi kapsam\u0131nda toplula\u015ft\u0131rma \u00e7al\u0131\u015fmalar\u0131nda y\u00f6re halk\u0131n\u0131n ma\u011fdur edildi\u011fi, holding ve b\u00fcy\u00fck \u015firketlere ise rant sa\u011fland\u0131\u011f\u0131 iddialar\u0131n\u0131 verdi\u011fi yaz\u0131l\u0131 soru \u00f6nergesi ile TBMM g\u00fcndemine ta\u015f\u0131d\u0131.<\/p>\n<p>Y\u00d6RE HALKININ ARAZ\u0130LER\u0130 KORUNMALI<\/p>\n<p>CHP Antalya Milletvekili Rafet Zeybek y\u00f6re halk\u0131n\u0131n d\u00f6n\u00fcm\u00fc 300 bin T\u00fcrk Liras\u0131 eden yerlerinin 200 bin T\u00fcrk Liras\u0131 eden yerlere, holding ve \u015firketlerin daha az de\u011ferli yerlerinin ise y\u00fcksek de\u011ferli alanlara kayd\u0131r\u0131ld\u0131\u011f\u0131 iddialar\u0131na soru \u00f6nergesinde yer verdi.\u00a0 CHP\u2019li Zeybek verdi\u011fi soru \u00f6nergesinde DS\u0130 y\u00f6neticilerine ait oldu\u011fu iddia edilen a\u00e7\u0131klamada bahse konu iddialar i\u00e7in oteller b\u00f6lgesinde baz\u0131 firmalar\u0131n habersiz i\u015f yapt\u0131klar\u0131 ve bunlar\u0131n tespit edilerek m\u00fcdahale edildi\u011fi belirtilmesine dair, DS\u0130\u2019nin usuls\u00fcz i\u015f yapan firmalar hakk\u0131nda hangi yasal i\u015flemi ba\u015flatt\u0131\u011f\u0131 ve bu firmalar\u0131n hangileri oldu\u011funu da sordu.<\/p>\n<p>YETK\u0130L\u0130LER\u0130N MAL VARLI\u011eINDA ARTI\u015e \u0130DD\u0130ALARI DO\u011eRU MU?<\/p>\n<p>Antalya Aksu \u00c7ay\u0131 Ta\u015fk\u0131n Koruma Projesi ihalesini hangi firman\u0131n, ne kadar bedelle ald\u0131\u011f\u0131n\u0131 ve ka\u00e7 adet alt y\u00fcklenici firma ile \u00e7al\u0131\u015f\u0131ld\u0131\u011f\u0131n\u0131 da soru \u00f6nergesinde soran CHP\u2019li Zeybek, ayr\u0131ca verdi\u011fi \u00f6nergede \u015fu sorular\u0131n yan\u0131tlanmas\u0131n\u0131 istedi; \u201cDS\u0130 Arazi Toplula\u015ft\u0131rma ve Tarla \u0130\u00e7i Geli\u015ftirme Hizmetleri Daire Ba\u015fkanl\u0131\u011f\u0131 ve 13. B\u00f6lge M\u00fcd\u00fcrl\u00fc\u011f\u00fc 27 mahallede toplula\u015ft\u0131rma i\u015fi yapan alt y\u00fcklenici firma olmas\u0131na ra\u011fmen son mahallede ba\u015fka bir alt y\u00fcklenici firman\u0131n toplula\u015ft\u0131rma i\u015fi yapmas\u0131na y\u00f6nelik ana y\u00fcklenici firmaya yaz\u0131 g\u00f6nderdi\u011fi iddias\u0131 do\u011fru mudur? DS\u0130\u2019nin ilgili daire ba\u015fkanl\u0131\u011f\u0131 ve b\u00f6lge m\u00fcd\u00fcrl\u00fc\u011f\u00fc alt y\u00fcklenici firmadan bir g\u00f6revlinin, \u00f6zel olarak istenip g\u00f6revlendirilmesine ili\u015fkin talebi olmu\u015f mudur? Olmu\u015f ise bunun gerek\u00e7esi nedir? Proje kapsam\u0131nda g\u00f6revli ve yetkili DS\u0130 y\u00f6neticilerinin ve yak\u0131nlar\u0131n\u0131n mal beyanlar\u0131nda art\u0131\u015f oldu\u011fu iddias\u0131 do\u011fru mudur? Antalya Aksu \u00c7ay\u0131 Ta\u015fk\u0131n Koruma Projesi kapsam\u0131nda toplula\u015ft\u0131rma \u00e7al\u0131\u015fmalar\u0131 ne zaman sonu\u00e7lanacakt\u0131r?\u201d<\/p>\n<p>RANT \u0130DDD\u0130ALARI ARA\u015eTIRILSIN<\/p>\n<p>CHP\u2019li Zeybek soru \u00f6nergesi sonras\u0131 yapt\u0131\u011f\u0131 a\u00e7\u0131klamada \u201cBu proje vatanda\u015f\u0131n sorununu \u00e7\u00f6zmek i\u00e7in ba\u015flat\u0131ld\u0131, firmalar\u0131n rant sa\u011flamas\u0131 i\u00e7in de\u011fil. Rant iddialar\u0131 vatanda\u015f\u0131n devlete g\u00fcvenini zedeler, vatanda\u015f\u0131n hakk\u0131 g\u00f6zetilmeli ve t\u00fcm iddialar ara\u015ft\u0131r\u0131lmad\u0131r.\u201d dedi.<\/p>\n","protected":false},"excerpt":{"rendered":"<p>CHP Antalya Milletvekili ve Adalet Komisyonu \u00dcyesi Rafet Zeybek, Antalya Aksu \u00c7ay\u0131 Ta\u015fk\u0131n Koruma Projesi kapsam\u0131nda toplula\u015ft\u0131rma \u00e7al\u0131\u015fmalar\u0131nda y\u00f6re halk\u0131n\u0131n ma\u011fdur edildi\u011fi, holding ve b\u00fcy\u00fck \u015firketlere ise rant sa\u011fland\u0131\u011f\u0131 iddialar\u0131n\u0131 verdi\u011fi yaz\u0131l\u0131 soru \u00f6nergesi ile TBMM g\u00fcndemine ta\u015f\u0131d\u0131. Y\u00d6RE HALKININ ARAZ\u0130LER\u0130 KORUNMALI CHP Antalya Milletvekili Rafet Zeybek y\u00f6re halk\u0131n\u0131n d\u00f6n\u00fcm\u00fc 300 bin T\u00fcrk Liras\u0131 eden [&hellip;]<\/p>\n","protected":false},"author":1,"featured_media":19507,"comment_status":"closed","ping_status":"open","sticky":false,"template":"","format":"standard","meta":[],"categories":[35,62],"tags":[],"amp_enabled":true,"_links":{"self":[{"href":"https:\/\/chpantalya.com\/index.php?rest_route=\/wp\/v2\/posts\/19801"}],"collection":[{"href":"https:\/\/chpantalya.com\/index.php?rest_route=\/wp\/v2\/posts"}],"about":[{"href":"https:\/\/chpantalya.com\/index.php?rest_route=\/wp\/v2\/types\/post"}],"author":[{"embeddable":true,"href":"https:\/\/chpantalya.com\/index.php?rest_route=\/wp\/v2\/users\/1"}],"replies":[{"embeddable":true,"href":"https:\/\/chpantalya.com\/index.php?rest_route=%2Fwp%2Fv2%2Fcomments&post=19801"}],"version-history":[{"count":0,"href":"https:\/\/chpantalya.com\/index.php?rest_route=\/wp\/v2\/posts\/19801\/revisions"}],"wp:featuredmedia":[{"embeddable":true,"href":"https:\/\/chpantalya.com\/index.php?rest_route=\/wp\/v2\/media\/19507"}],"wp:attachment":[{"href":"https:\/\/chpantalya.com\/index.php?rest_route=%2Fwp%2Fv2%2Fmedia&parent=19801"}],"wp:term":[{"taxonomy":"category","embeddable":true,"href":"https:\/\/chpantalya.com\/index.php?rest_route=%2Fwp%2Fv2%2Fcategories&post=19801"},{"taxonomy":"post_tag","embeddable":true,"href":"https:\/\/chpantalya.com\/index.php?rest_route=%2Fwp%2Fv2%2Ftags&post=19801"}],"curies":[{"name":"wp","href":"https:\/\/api.w.org\/{rel}","templated":true}]}}