{"id":19803,"date":"2019-12-12T12:17:29","date_gmt":"2019-12-12T09:17:29","guid":{"rendered":"http:\/\/chpantalya.com\/?p=19803"},"modified":"2019-12-12T12:17:29","modified_gmt":"2019-12-12T09:17:29","slug":"zeybekyargiyi-yok-ederseniz-devleti-yok-edersiniz","status":"publish","type":"post","link":"https:\/\/chpantalya.com\/?p=19803","title":{"rendered":"ZEYBEK:YARGIYI YOK EDERSEN\u0130Z, DEVLET\u0130 YOK EDERS\u0130N\u0130Z"},"content":{"rendered":"<p>CHP Antalya Milletvekili ve Adalet Komisyonu \u00dcyesi Rafet Zeybek TBMM\u2019de devam eden 2020 Merkezi Y\u00f6netim B\u00fct\u00e7e G\u00f6r\u00fc\u015fmelerinde H\u00e2kimler ve Savc\u0131lar Kurulu b\u00fct\u00e7esi \u00fczerine Genel Kurul\u2019da konu\u015ftu.<\/p>\n<p>CHP Antalya Milletvekili Rafet Zeybek konu\u015fmas\u0131nda \u201cyarg\u0131 ba\u011f\u0131ms\u0131zl\u0131\u011f\u0131\u201d ve yarg\u0131ya g\u00fcven\u201d vurgusunda bulundu. CHP\u2019li Zeybek konu\u015fmas\u0131 \u015funlar\u0131 ifade etti.<\/p>\n<p><strong>YARGI BA\u011eIMSIZ DE\u011e\u0130LSE, ADALET DA\u011eITILAMAZ<\/strong><\/p>\n<p>\u201cHepimizin bildi\u011fi bir ger\u00e7ek vard\u0131r, demokrasinin ve hukuk devletinin asla vazge\u00e7ilmezi kuvvetler ayr\u0131l\u0131\u011f\u0131d\u0131r. Kuvvetler ayr\u0131l\u0131\u011f\u0131 yasama y\u00fcr\u00fctme ve yarg\u0131dan olu\u015fuyor. Burada yarg\u0131n\u0131n asla vazge\u00e7ilmezi de ba\u011f\u0131ms\u0131zl\u0131\u011f\u0131 ve tarafs\u0131zl\u0131\u011f\u0131d\u0131r. Bir \u00fclkede yarg\u0131 ba\u011f\u0131ms\u0131z de\u011filse o \u00fclkenin adalet da\u011f\u0131tma iddias\u0131 olmaz. Ve bug\u00fcn \u0131srarla s\u00f6yl\u00fcyorum T\u00fcrkiye\u2019de yarg\u0131 ba\u011f\u0131ms\u0131zda de\u011fildir, tarafs\u0131zda de\u011fildir. Bu ger\u00e7e\u011fi kabullenemezsek yarg\u0131n\u0131n hi\u00e7bir sorununu \u00e7\u00f6zemeyiz, Adalet Bakan\u0131 yarg\u0131 reform paketleri ile yarg\u0131ya g\u00fcveni art\u0131raca\u011f\u0131z dedi ama o yarg\u0131 reformu paketlerinde yarg\u0131n\u0131n ba\u011f\u0131ms\u0131z ve tarafs\u0131zl\u0131\u011f\u0131n\u0131 sa\u011flayacak hi\u00e7 bir madde olmad\u0131. Anayasay\u0131 uygulamazsan\u0131z o anayasan\u0131n hi\u00e7bir anlam\u0131 olmaz, \u00f6nce anayasaya uyacaks\u0131n\u0131z.\u201d<\/p>\n<p><strong>YARGI D\u00dcN FET\u00d6\u2019N\u00dcN, BUG\u00dcN Y\u00dcR\u00dcTMEN\u0130N KONTROL\u00dcNDE<\/strong><\/p>\n<p>\u201c2010 y\u0131l\u0131nda bu yarg\u0131 FET\u00d6\u2019ye bilerek ve isteyerek teslim edildi\u011finde, biz dedik ki yarg\u0131 tarafs\u0131zl\u0131\u011f\u0131n\u0131 kaybediyor. AKP 2013 y\u0131l\u0131nda yarg\u0131 tarafs\u0131z ve ba\u011f\u0131ms\u0131zd\u0131r diye ba\u011f\u0131rd\u0131, \u015fimdi soruyorum, 2013 y\u0131l\u0131nda 2014 y\u0131l\u0131nda 2015 y\u0131l\u0131nda yarg\u0131 ba\u011f\u0131ms\u0131z ve tarafs\u0131z m\u0131yd\u0131, FET\u00d6\u2019n\u00fcn talimat\u0131 alt\u0131nda de\u011fil miydi, d\u00fcn FET\u00d6\u2019n\u00fcn talimat\u0131 alt\u0131nda olan yarg\u0131, bug\u00fcn kesinlikle y\u00fcr\u00fctmenin talimat\u0131 alt\u0131ndad\u0131r. Ve bunun en b\u00fcy\u00fck sorumlulu\u011fu AKP\u2019ye aittir.\u201d<\/p>\n<p><strong>YARGIYI YOK EDERSEN\u0130Z, DEVLET\u0130 YOK EDERS\u0130N\u0130Z<\/strong><\/p>\n<p>\u201c1961 Anayasas\u0131nda sadece H\u00e2kimler Y\u00fcksek Kurulu vard\u0131, 12 \u00fcyesini yarg\u0131 mensuplar\u0131 kendi i\u00e7inden se\u00e7iyordu, 3 \u00fcyeyi TBMM, 3 \u00fcyeyi Senato se\u00e7iyordu, 1971 y\u0131l\u0131nda Savc\u0131lar Y\u00fcksek Kurulu kuruldu, Adalet Bakan\u0131 ve m\u00fcste\u015far\u0131 \u00fcye yap\u0131ld\u0131. 1982 Anayasas\u0131nda ise H\u00e2kimler Kurulu ve Savc\u0131lar Kurulu birle\u015ftirildi ve 12 Eyl\u00fcl Darbecilerinin ama\u00e7lar\u0131 devleti g\u00fc\u00e7lendirece\u011fiz idi. 2010 y\u0131l\u0131nda, AKP ise cemaati g\u00fc\u00e7lendirece\u011fiz diye anayasay\u0131 de\u011fi\u015ftirdi, 2017 y\u0131l\u0131nda da y\u00fcr\u00fctmeyi g\u00fc\u00e7lendirece\u011fiz diye anayasay\u0131 de\u011fi\u015ftirdi. Yanl\u0131\u015f yapt\u0131n\u0131z, yan\u0131ld\u0131n\u0131z, aldat\u0131ld\u0131n\u0131z biz s\u00f6yledik bunlar yanl\u0131\u015f yapmay\u0131n, yarg\u0131ya zarar vermeyin, adaleti yok edersiniz dedik, yarg\u0131y\u0131 yok ederseniz devleti yok edersiniz dedik. AKP hay\u0131r dedi.<\/p>\n<p>2015 y\u0131l\u0131nda da yarg\u0131 ba\u011f\u0131ms\u0131z de\u011fildi, 2019 y\u0131l\u0131nda da yarg\u0131 ba\u011f\u0131ms\u0131z de\u011fildir. Millet yarg\u0131ya g\u00fcvenmiyor, yarg\u0131 ba\u011f\u0131ms\u0131z olmad\u0131\u011f\u0131 i\u00e7in yarg\u0131ya g\u00fcven y\u00fczde yetmi\u015flerden, y\u00fczde yirmilere d\u00fc\u015ft\u00fc.\u201d<\/p>\n<p><strong>YARGI \u00c7\u00d6KERSE ALTINDA KALIRSINIZ<\/strong><\/p>\n<p>\u201cYarg\u0131n\u0131n bug\u00fcn y\u00fcr\u00fctmenin kontrol\u00fc alt\u0131nda oldu\u011funu kabul etmedi\u011finiz s\u00fcrece, yar\u0131n yine yan\u0131ld\u0131k, aldat\u0131ld\u0131k diyeceksiniz. Bir daha yan\u0131l\u0131r ve aldat\u0131l\u0131rsan\u0131z sadece yarg\u0131y\u0131 \u00e7\u00f6kertmezsiniz, devleti \u00e7\u00f6kertirsiniz ve alt\u0131nda sizde kal\u0131rs\u0131n\u0131z.<\/p>\n<p>Bu yarg\u0131y\u0131 milletin yarg\u0131s\u0131 yapal\u0131m, millet i\u00e7in ve herkes i\u00e7in adalet isteyin. AKP sadece kendisi i\u00e7in adalet istiyor. Bug\u00fcn i\u015finize gelebilir ama asla unutmay\u0131n adaleti yok edenlerin bir g\u00fcn mutlaka adalete ihtiyac\u0131 olacakt\u0131r.\u201d<\/p>\n","protected":false},"excerpt":{"rendered":"<p>CHP Antalya Milletvekili ve Adalet Komisyonu \u00dcyesi Rafet Zeybek TBMM\u2019de devam eden 2020 Merkezi Y\u00f6netim B\u00fct\u00e7e G\u00f6r\u00fc\u015fmelerinde H\u00e2kimler ve Savc\u0131lar Kurulu b\u00fct\u00e7esi \u00fczerine Genel Kurul\u2019da konu\u015ftu. CHP Antalya Milletvekili Rafet Zeybek konu\u015fmas\u0131nda \u201cyarg\u0131 ba\u011f\u0131ms\u0131zl\u0131\u011f\u0131\u201d ve yarg\u0131ya g\u00fcven\u201d vurgusunda bulundu. CHP\u2019li Zeybek konu\u015fmas\u0131 \u015funlar\u0131 ifade etti. YARGI BA\u011eIMSIZ DE\u011e\u0130LSE, ADALET DA\u011eITILAMAZ \u201cHepimizin bildi\u011fi bir ger\u00e7ek vard\u0131r, [&hellip;]<\/p>\n","protected":false},"author":1,"featured_media":19796,"comment_status":"closed","ping_status":"open","sticky":false,"template":"","format":"standard","meta":[],"categories":[35,62],"tags":[],"amp_enabled":true,"_links":{"self":[{"href":"https:\/\/chpantalya.com\/index.php?rest_route=\/wp\/v2\/posts\/19803"}],"collection":[{"href":"https:\/\/chpantalya.com\/index.php?rest_route=\/wp\/v2\/posts"}],"about":[{"href":"https:\/\/chpantalya.com\/index.php?rest_route=\/wp\/v2\/types\/post"}],"author":[{"embeddable":true,"href":"https:\/\/chpantalya.com\/index.php?rest_route=\/wp\/v2\/users\/1"}],"replies":[{"embeddable":true,"href":"https:\/\/chpantalya.com\/index.php?rest_route=%2Fwp%2Fv2%2Fcomments&post=19803"}],"version-history":[{"count":0,"href":"https:\/\/chpantalya.com\/index.php?rest_route=\/wp\/v2\/posts\/19803\/revisions"}],"wp:featuredmedia":[{"embeddable":true,"href":"https:\/\/chpantalya.com\/index.php?rest_route=\/wp\/v2\/media\/19796"}],"wp:attachment":[{"href":"https:\/\/chpantalya.com\/index.php?rest_route=%2Fwp%2Fv2%2Fmedia&parent=19803"}],"wp:term":[{"taxonomy":"category","embeddable":true,"href":"https:\/\/chpantalya.com\/index.php?rest_route=%2Fwp%2Fv2%2Fcategories&post=19803"},{"taxonomy":"post_tag","embeddable":true,"href":"https:\/\/chpantalya.com\/index.php?rest_route=%2Fwp%2Fv2%2Ftags&post=19803"}],"curies":[{"name":"wp","href":"https:\/\/api.w.org\/{rel}","templated":true}]}}