{"id":19970,"date":"2020-01-03T15:35:35","date_gmt":"2020-01-03T12:35:35","guid":{"rendered":"http:\/\/chpantalya.com\/?p=19970"},"modified":"2020-01-03T15:35:35","modified_gmt":"2020-01-03T12:35:35","slug":"ari-korkuteli-ilcesi-elektrik-kesintisini-meclis-gundemine-tasidi","status":"publish","type":"post","link":"https:\/\/chpantalya.com\/?p=19970","title":{"rendered":"ARI, KORKUTEL\u0130 \u0130L\u00c7ES\u0130 ELEKTR\u0130K KES\u0130NT\u0130S\u0130N\u0130 MECL\u0130S G\u00dcNDEM\u0130NE TA\u015eIDI\u201d"},"content":{"rendered":"<p><strong>CHP Antalya Milletvekili Av. Cavit ARI; <\/strong><\/p>\n<p>\u201c29 Aral\u0131k 2019 Pazar g\u00fcn\u00fc Antalya&#8217;n\u0131n Korkuteli il\u00e7esine mevsimin ilk kar\u0131 ya\u011fm\u0131\u015f, sabaha kadar devam eden ya\u011f\u0131\u015f nedeniyle kent merkezindeki kar kal\u0131nl\u0131\u011f\u0131 yakla\u015f\u0131k 20 santime kadar ula\u015fm\u0131\u015ft\u0131r.<\/p>\n<p>Ancak kar ya\u011f\u0131\u015f\u0131 maalesef elektrik kesintisini de beraberinde getirmi\u015ftir. Pazartesi sabah\u0131ndan itibaren Korkuteli merkez ve bir\u00e7ok mahallede (k\u00f6yde) elektrikler kesilmi\u015ftir. Al\u0131nan bilgiye g\u00f6re de bir\u00e7ok mahallede elektrik kesintisi devam etmektedir.<\/p>\n<p>\u00d6zelle\u015ftirmenin sonucu kendini g\u00f6stermi\u015ftir. B\u00f6lgenin elektrik da\u011f\u0131t\u0131m hizmetini veren Akdeniz Elektrik Da\u011f\u0131t\u0131m A.\u015e.\u2019nin (Cengiz \u0130n\u015faat Sanayi ve Ticaret A.\u015e. ve Kolin \u0130n\u015faat Turizm Sanayi ve Ticaret A.\u015e.) gerekli alt yap\u0131ya \u00f6nem vermedi\u011fi ve alt yap\u0131y\u0131 ihmal etti\u011fi ortaya \u00e7\u0131km\u0131\u015ft\u0131r. Korkuteli gibi Antalya merkeze yak\u0131n bir il\u00e7ede evler ve ticari i\u015fletmeler 4 g\u00fcnd\u00fcr elektriksiz kalm\u0131\u015ft\u0131r.<\/p>\n<p>\u0130l\u00e7enin ba\u015fta mantar \u00fcreticileri olmak \u00fczere, besi \u00fcreticileri, s\u00fct \u00fcreticileri, so\u011fuk hava depolar\u0131 gibi bir\u00e7ok \u00fcretici bu kesintiden\u00a0 zarar g\u00f6rm\u00fc\u015ft\u00fcr. Zararlar\u0131n bir an \u00f6nce tespit edilmesi, ma\u011fduriyetlerin giderilmesi i\u00e7in sorumlulara r\u00fccu edilmesi gerekmektedir.<\/p>\n<p>\u0130lgililerin ilgisizligi ile Korkuteli il\u00e7esi 2020 y\u0131l\u0131na karanl\u0131kta girmi\u015ftir.<\/p>\n<p>Biran evvel \u00e7\u00f6z\u00fcm \u00fcretilmelidir.<\/p>\n<p>Vatanda\u015f\u0131m\u0131z elektri\u011fe kavu\u015fmal\u0131d\u0131r.<\/p>\n<p>Yetkilileri g\u00f6reve davet ediyorum.\u201d<\/p>\n<p>diyerek konunun \u00f6nemini hem Enerji ve Tabii Kaynaklar Bakan\u0131 Fatih D\u00d6NMEZ\u2019e hem de Tar\u0131m ve Orman Bakan\u0131 Ekrem PAKDEM\u0130RL\u0130\u2019ye verdi\u011fi yaz\u0131l\u0131 soru \u00f6nergeleri ile meclis g\u00fcndemine ta\u015f\u0131m\u0131\u015ft\u0131r.<\/p>\n<p>&nbsp;<\/p>\n","protected":false},"excerpt":{"rendered":"<p>CHP Antalya Milletvekili Av. Cavit ARI; \u201c29 Aral\u0131k 2019 Pazar g\u00fcn\u00fc Antalya&#8217;n\u0131n Korkuteli il\u00e7esine mevsimin ilk kar\u0131 ya\u011fm\u0131\u015f, sabaha kadar devam eden ya\u011f\u0131\u015f nedeniyle kent merkezindeki kar kal\u0131nl\u0131\u011f\u0131 yakla\u015f\u0131k 20 santime kadar ula\u015fm\u0131\u015ft\u0131r. Ancak kar ya\u011f\u0131\u015f\u0131 maalesef elektrik kesintisini de beraberinde getirmi\u015ftir. Pazartesi sabah\u0131ndan itibaren Korkuteli merkez ve bir\u00e7ok mahallede (k\u00f6yde) elektrikler kesilmi\u015ftir. Al\u0131nan bilgiye [&hellip;]<\/p>\n","protected":false},"author":1,"featured_media":19971,"comment_status":"closed","ping_status":"open","sticky":false,"template":"","format":"standard","meta":[],"categories":[63,35],"tags":[],"amp_enabled":true,"_links":{"self":[{"href":"https:\/\/chpantalya.com\/index.php?rest_route=\/wp\/v2\/posts\/19970"}],"collection":[{"href":"https:\/\/chpantalya.com\/index.php?rest_route=\/wp\/v2\/posts"}],"about":[{"href":"https:\/\/chpantalya.com\/index.php?rest_route=\/wp\/v2\/types\/post"}],"author":[{"embeddable":true,"href":"https:\/\/chpantalya.com\/index.php?rest_route=\/wp\/v2\/users\/1"}],"replies":[{"embeddable":true,"href":"https:\/\/chpantalya.com\/index.php?rest_route=%2Fwp%2Fv2%2Fcomments&post=19970"}],"version-history":[{"count":0,"href":"https:\/\/chpantalya.com\/index.php?rest_route=\/wp\/v2\/posts\/19970\/revisions"}],"wp:featuredmedia":[{"embeddable":true,"href":"https:\/\/chpantalya.com\/index.php?rest_route=\/wp\/v2\/media\/19971"}],"wp:attachment":[{"href":"https:\/\/chpantalya.com\/index.php?rest_route=%2Fwp%2Fv2%2Fmedia&parent=19970"}],"wp:term":[{"taxonomy":"category","embeddable":true,"href":"https:\/\/chpantalya.com\/index.php?rest_route=%2Fwp%2Fv2%2Fcategories&post=19970"},{"taxonomy":"post_tag","embeddable":true,"href":"https:\/\/chpantalya.com\/index.php?rest_route=%2Fwp%2Fv2%2Ftags&post=19970"}],"curies":[{"name":"wp","href":"https:\/\/api.w.org\/{rel}","templated":true}]}}