{"id":20076,"date":"2020-01-09T13:30:14","date_gmt":"2020-01-09T10:30:14","guid":{"rendered":"http:\/\/chpantalya.com\/?p=20076"},"modified":"2020-01-13T12:23:55","modified_gmt":"2020-01-13T09:23:55","slug":"aridan-orman-bakani-pakdemirliye-soru-onergesi-verdi","status":"publish","type":"post","link":"https:\/\/chpantalya.com\/?p=20076","title":{"rendered":"ARI\u2019DAN ORMAN BAKANI PAKDEM\u0130RL\u0130\u2019YE SORU \u00d6NERGES\u0130 VERD\u0130"},"content":{"rendered":"<p><strong>\u00a0<\/strong><\/p>\n<p><strong>T\u00dcRK\u0130YE B\u00dcY\u00dcK M\u0130LLET MECL\u0130S\u0130 BA\u015eKANLI\u011eINA<\/strong><\/p>\n<p>&nbsp;<\/p>\n<p>A\u015fa\u011f\u0131daki sorular\u0131m\u0131n Tar\u0131m ve Orman Bakan\u0131 Say\u0131n Bekir PAKDEM\u0130RL\u0130 taraf\u0131ndan yaz\u0131l\u0131 olarak yan\u0131tlanmas\u0131n\u0131 arz ederim.\u00a0 08\/01\/2020<\/p>\n<p>&nbsp;<\/p>\n<p>Sayg\u0131lar\u0131mla,<\/p>\n<p>&nbsp;<\/p>\n<p><strong>\u00a0\u00a0\u00a0\u00a0\u00a0\u00a0\u00a0\u00a0\u00a0\u00a0\u00a0\u00a0\u00a0\u00a0\u00a0\u00a0\u00a0\u00a0\u00a0\u00a0\u00a0\u00a0\u00a0\u00a0\u00a0\u00a0\u00a0\u00a0\u00a0\u00a0\u00a0\u00a0\u00a0\u00a0\u00a0\u00a0\u00a0\u00a0\u00a0\u00a0\u00a0\u00a0\u00a0\u00a0 \u00a0\u00a0\u00a0\u00a0\u00a0\u00a0\u00a0\u00a0\u00a0\u00a0\u00a0\u00a0\u00a0\u00a0\u00a0\u00a0\u00a0\u00a0\u00a0\u00a0\u00a0\u00a0\u00a0\u00a0\u00a0\u00a0\u00a0\u00a0\u00a0\u00a0\u00a0\u00a0\u00a0\u00a0\u00a0\u00a0\u00a0\u00a0\u00a0\u00a0\u00a0\u00a0\u00a0\u00a0\u00a0\u00a0Av. Cavit ARI <\/strong><\/p>\n<p><strong>\u00a0\u00a0\u00a0\u00a0\u00a0\u00a0\u00a0\u00a0\u00a0\u00a0\u00a0\u00a0\u00a0\u00a0\u00a0\u00a0\u00a0\u00a0\u00a0\u00a0\u00a0\u00a0\u00a0\u00a0\u00a0\u00a0\u00a0\u00a0\u00a0\u00a0\u00a0\u00a0\u00a0\u00a0\u00a0\u00a0\u00a0\u00a0\u00a0\u00a0\u00a0\u00a0\u00a0\u00a0\u00a0\u00a0\u00a0\u00a0\u00a0\u00a0\u00a0\u00a0\u00a0\u00a0\u00a0\u00a0\u00a0\u00a0\u00a0\u00a0\u00a0\u00a0\u00a0\u00a0\u00a0\u00a0\u00a0\u00a0\u00a0\u00a0\u00a0\u00a0\u00a0\u00a0\u00a0\u00a0\u00a0\u00a0\u00a0\u00a0\u00a0\u00a0\u00a0\u00a0 \u00a0\u00a0\u00a0\u00a0\u00a0\u00a0\u00a0\u00a0\u00a0\u00a0\u00a0\u00a0\u00a0Antalya Milletvekili<\/strong><\/p>\n<p><em>\u00a0<\/em><\/p>\n<p>Do\u0308s\u0327emealt\u0131 \u0130l\u00e7esi, Yag\u0306ca Mahallesi s\u0131n\u0131rlar\u0131 i\u00e7erisinde 811 d\u00f6n\u00fcm arazi \u00fczerine Temmuz 2017\u2019de in\u015faat\u0131na ba\u015flanan ve ayn\u0131 y\u0131l i\u00e7erisinde bitirilip TJK\u2019ya teslim edilmesi gereken Antalya Hipodromunun aradan 2 y\u0131l ge\u00e7mesine ra\u011fmen neden halen bitirilip TJK\u2019ya teslim edilmedi\u011fi ve yar\u0131\u015f takvimine al\u0131nmad\u0131\u011f\u0131yla ilgili olarak a\u015fa\u011f\u0131daki sorular\u0131m\u0131 i\u00e7eren 05.02.2019 tarihli yaz\u0131l\u0131 soru \u00f6nergeme de aradan yakla\u015f\u0131k bir y\u0131l ge\u00e7mesine ra\u011fmen cevap verilmemi\u015ftir.<\/p>\n<p>&nbsp;<\/p>\n<p><strong><em>\u201c1) Antalya ve D\u00f6\u015femealt\u0131 i\u00e7in hem ekonomik hem de istihdam a\u00e7\u0131\u015f\u0131ndan \u00f6nemli katk\u0131 sa\u011flayacak olan projenin \u00f6ng\u00f6r\u00fclen zamanda bitirilememesinin sebebi nedir? <\/em><\/strong><\/p>\n<p><strong><em>2) Gecikme \u00f6denek yetersizli\u011finden mi yoksa y\u00fcklenici firmadan m\u0131 kaynaklanmaktad\u0131r?<\/em><\/strong><\/p>\n<p><strong><em>3) Bu gecikme ile ilgili olarak Bakanl\u0131\u011f\u0131n\u0131z taraf\u0131ndan herhangi bir tahkikat ba\u015flat\u0131lm\u0131\u015f m\u0131d\u0131r?<\/em><\/strong><\/p>\n<p><strong><em>4) Antalya Hipodromu halk\u0131m\u0131z\u0131n ve yar\u0131\u015f severlerin hizmetine ne zaman a\u00e7\u0131lacakt\u0131r?\u201d<\/em><\/strong><\/p>\n<p><strong><em>\u00a0<\/em><\/strong><\/p>\n<p>\u0130n\u015faat\u0131 yakla\u015f\u0131k 3 &#8211; 4 ay \u00f6nce tamamlanan ve teslime haz\u0131r olan Antalya Hipodromu halen TJK\u2019ya teslim edilmemi\u015f ve 2020 y\u0131l\u0131 yar\u0131\u015f takvimine de al\u0131nmam\u0131\u015ft\u0131r.<\/p>\n<p>&nbsp;<\/p>\n<p>Bu ba\u011flamda;<\/p>\n<p>&nbsp;<\/p>\n<ul>\n<li>Konuyla ilgili vermi\u015f oldu\u011fum 05.02.2019 tarihli soru \u00f6nergeme yakla\u015f\u0131k bir y\u0131ld\u0131r neden cevap verilmemi\u015ftir? Sizce bu konu \u00f6nemsiz ve de\u011fersiz midir? Cevap vermeyi d\u00fc\u015f\u00fcn\u00fcyor musunuz?<\/li>\n<li>\u0130n\u015faat\u0131 bitmi\u015f ve teslime haz\u0131r olan Antalya Hipodromu neden halen TJK\u2019ye teslim edilmemi\u015ftir? Teslimi i\u00e7in ne beklenmektedir? Ne zaman teslim edilecektir?<\/li>\n<li>Antalya Hipodromu 2020 y\u0131l\u0131 yar\u0131\u015f takvimine al\u0131nacak m\u0131d\u0131r? Al\u0131nacaksa ne zaman al\u0131nmas\u0131 planlanmaktad\u0131r?<\/li>\n<\/ul>\n","protected":false},"excerpt":{"rendered":"<p>\u00a0 T\u00dcRK\u0130YE B\u00dcY\u00dcK M\u0130LLET MECL\u0130S\u0130 BA\u015eKANLI\u011eINA &nbsp; A\u015fa\u011f\u0131daki sorular\u0131m\u0131n Tar\u0131m ve Orman Bakan\u0131 Say\u0131n Bekir PAKDEM\u0130RL\u0130 taraf\u0131ndan yaz\u0131l\u0131 olarak yan\u0131tlanmas\u0131n\u0131 arz ederim.\u00a0 08\/01\/2020 &nbsp; Sayg\u0131lar\u0131mla, &nbsp; \u00a0\u00a0\u00a0\u00a0\u00a0\u00a0\u00a0\u00a0\u00a0\u00a0\u00a0\u00a0\u00a0\u00a0\u00a0\u00a0\u00a0\u00a0\u00a0\u00a0\u00a0\u00a0\u00a0\u00a0\u00a0\u00a0\u00a0\u00a0\u00a0\u00a0\u00a0\u00a0\u00a0\u00a0\u00a0\u00a0\u00a0\u00a0\u00a0\u00a0\u00a0\u00a0\u00a0\u00a0 \u00a0\u00a0\u00a0\u00a0\u00a0\u00a0\u00a0\u00a0\u00a0\u00a0\u00a0\u00a0\u00a0\u00a0\u00a0\u00a0\u00a0\u00a0\u00a0\u00a0\u00a0\u00a0\u00a0\u00a0\u00a0\u00a0\u00a0\u00a0\u00a0\u00a0\u00a0\u00a0\u00a0\u00a0\u00a0\u00a0\u00a0\u00a0\u00a0\u00a0\u00a0\u00a0\u00a0\u00a0\u00a0\u00a0Av. Cavit ARI \u00a0\u00a0\u00a0\u00a0\u00a0\u00a0\u00a0\u00a0\u00a0\u00a0\u00a0\u00a0\u00a0\u00a0\u00a0\u00a0\u00a0\u00a0\u00a0\u00a0\u00a0\u00a0\u00a0\u00a0\u00a0\u00a0\u00a0\u00a0\u00a0\u00a0\u00a0\u00a0\u00a0\u00a0\u00a0\u00a0\u00a0\u00a0\u00a0\u00a0\u00a0\u00a0\u00a0\u00a0\u00a0\u00a0\u00a0\u00a0\u00a0\u00a0\u00a0\u00a0\u00a0\u00a0\u00a0\u00a0\u00a0\u00a0\u00a0\u00a0\u00a0\u00a0\u00a0\u00a0\u00a0\u00a0\u00a0\u00a0\u00a0\u00a0\u00a0\u00a0\u00a0\u00a0\u00a0\u00a0\u00a0\u00a0\u00a0\u00a0\u00a0\u00a0\u00a0\u00a0 \u00a0\u00a0\u00a0\u00a0\u00a0\u00a0\u00a0\u00a0\u00a0\u00a0\u00a0\u00a0\u00a0Antalya Milletvekili \u00a0 Do\u0308s\u0327emealt\u0131 \u0130l\u00e7esi, Yag\u0306ca Mahallesi s\u0131n\u0131rlar\u0131 i\u00e7erisinde 811 d\u00f6n\u00fcm arazi \u00fczerine Temmuz 2017\u2019de in\u015faat\u0131na ba\u015flanan ve ayn\u0131 y\u0131l i\u00e7erisinde bitirilip TJK\u2019ya teslim [&hellip;]<\/p>\n","protected":false},"author":1,"featured_media":18324,"comment_status":"closed","ping_status":"open","sticky":false,"template":"","format":"standard","meta":[],"categories":[63,35],"tags":[],"amp_enabled":true,"_links":{"self":[{"href":"https:\/\/chpantalya.com\/index.php?rest_route=\/wp\/v2\/posts\/20076"}],"collection":[{"href":"https:\/\/chpantalya.com\/index.php?rest_route=\/wp\/v2\/posts"}],"about":[{"href":"https:\/\/chpantalya.com\/index.php?rest_route=\/wp\/v2\/types\/post"}],"author":[{"embeddable":true,"href":"https:\/\/chpantalya.com\/index.php?rest_route=\/wp\/v2\/users\/1"}],"replies":[{"embeddable":true,"href":"https:\/\/chpantalya.com\/index.php?rest_route=%2Fwp%2Fv2%2Fcomments&post=20076"}],"version-history":[{"count":0,"href":"https:\/\/chpantalya.com\/index.php?rest_route=\/wp\/v2\/posts\/20076\/revisions"}],"wp:featuredmedia":[{"embeddable":true,"href":"https:\/\/chpantalya.com\/index.php?rest_route=\/wp\/v2\/media\/18324"}],"wp:attachment":[{"href":"https:\/\/chpantalya.com\/index.php?rest_route=%2Fwp%2Fv2%2Fmedia&parent=20076"}],"wp:term":[{"taxonomy":"category","embeddable":true,"href":"https:\/\/chpantalya.com\/index.php?rest_route=%2Fwp%2Fv2%2Fcategories&post=20076"},{"taxonomy":"post_tag","embeddable":true,"href":"https:\/\/chpantalya.com\/index.php?rest_route=%2Fwp%2Fv2%2Ftags&post=20076"}],"curies":[{"name":"wp","href":"https:\/\/api.w.org\/{rel}","templated":true}]}}