{"id":20084,"date":"2020-01-10T12:45:04","date_gmt":"2020-01-10T09:45:04","guid":{"rendered":"http:\/\/chpantalya.com\/?p=20084"},"modified":"2020-01-10T12:45:04","modified_gmt":"2020-01-10T09:45:04","slug":"kumbul-mucadeleye-devam-edecegiz","status":"publish","type":"post","link":"https:\/\/chpantalya.com\/?p=20084","title":{"rendered":"KUMBUL: \u201cM\u00dcCADELEYE DEVAM EDECE\u011e\u0130Z\u201d"},"content":{"rendered":"<p><strong>CHP Antalya \u0130l Ba\u015fkan\u0131 Ahmet Kumbul\u2019un 10 Ocak \u00c7al\u0131\u015fan Gazeteciler G\u00fcn\u00fc mesaj\u0131 <\/strong><\/p>\n<p>CHP Antalya \u0130l Ba\u015fkan\u0131 Ahmet Kumbul, 10 Ocak \u00c7al\u0131\u015fan Gazeteciler G\u00fcn\u00fc nedeniyle yaz\u0131l\u0131 a\u00e7\u0131klama yaparak, emek\u00e7i gazetecilerin yan\u0131nda oldu.<\/p>\n<p>\u0130l Ba\u015fkan\u0131m\u0131z Ahmet Kumbul, \u201c10 Ocak \u00c7al\u0131\u015fan Gazeteciler G\u00fcn\u00fc, ne yaz\u0131k ki kutlanacak bir g\u00fcn de\u011fil. Emek\u00e7i Gazetecilerimizin en temel sorunlar\u0131ndan biri bas\u0131n \u00f6zg\u00fcrl\u00fc\u011f\u00fcn\u00fcn olmamas\u0131d\u0131r. Bug\u00fcn gelinen noktada bas\u0131n emek\u00e7ilerimiz ikiye ayr\u0131lm\u0131\u015f durumda. \u0130ktidar medyas\u0131 d\u0131\u015f\u0131nda kalan bas\u0131n emek\u00e7isi \u00e7al\u0131\u015fan arkada\u015flar\u0131m\u0131z ba\u015flar\u0131nda bir yumrukla g\u00f6revlerini yapmaya \u00e7al\u0131\u015fmaktad\u0131r. Bu \u015fartlar alt\u0131ndan kalemini satmadan, habercilik ilkelerini do\u011fru yapan, her \u015fartta mesleki onuruyla hareket eden bas\u0131n emek\u00e7ilerimizin \u00c7al\u0131\u015fan Gazeteciler G\u00fcn\u00fc kutlu olsun\u201d dedi.<\/p>\n<p><strong>\u201cM\u00dcCADELEYE DEVAM EDECE\u011e\u0130Z\u201d<\/strong><\/p>\n<p>S\u00f6zlerine devam eden Ba\u015fkan Kumbul, \u201cBas\u0131n \u00f6zg\u00fcrl\u00fc\u011f\u00fc T\u00fcrkiye\u2019de tarihinde kara bir leke olarak yerini alm\u0131\u015ft\u0131r.<\/p>\n<p>Vatanda\u015f\u0131m\u0131z\u0131n haber alma hakk\u0131n\u0131n gasp edildi\u011fi bu s\u00fcre\u00e7te, mesle\u011fini inatla yapan t\u00fcm gazeteci arkada\u015flar\u0131m\u0131z daha iyi \u015fartlarda \u00e7al\u0131\u015fabildi\u011fi T\u00fcrkiye i\u00e7in, Cezaevlerindeki gazetecilerimiz \u00f6zg\u00fcrl\u00fc\u011f\u00fcne kavu\u015fana, bask\u0131 alt\u0131nda kalan arkada\u015flar\u0131m\u0131z\u0131 i\u015fini lay\u0131k\u0131yla yapmaya devam edene kadar m\u00fccadelemize devam edece\u011fiz.<\/p>\n<p>&nbsp;<\/p>\n<p>2019 y\u0131l\u0131nda T\u00fcrkiye genelinde yay\u0131n yapan yerel ve ulusal 1106 gazeteden 100\u2019\u00fc kapand\u0131. Ulusal \u00f6l\u00e7ekli gazetelerden 170, yerel \u00f6l\u00e7ekteki gazetelerden ise 330 meslekta\u015f\u0131m\u0131z i\u015fsiz kald\u0131.<\/p>\n<p>Halk\u0131n haber alma hakk\u0131n\u0131n gasp edildi\u011fi, zor ve karanl\u0131k bir s\u00fcre\u00e7ten ge\u00e7ti\u011fimiz bu g\u00fcnlerde \u00e7al\u0131\u015fmaya \u00e7al\u0131\u015fan t\u00fcm bas\u0131n camias\u0131n\u0131n 10 Ocak \u00c7al\u0131\u015fan Gazeteciler G\u00fcn\u00fc\u2019n\u00fc kutlar\u0131m\u201d \u015feklinde konu\u015ftu.<\/p>\n","protected":false},"excerpt":{"rendered":"<p>CHP Antalya \u0130l Ba\u015fkan\u0131 Ahmet Kumbul\u2019un 10 Ocak \u00c7al\u0131\u015fan Gazeteciler G\u00fcn\u00fc mesaj\u0131 CHP Antalya \u0130l Ba\u015fkan\u0131 Ahmet Kumbul, 10 Ocak \u00c7al\u0131\u015fan Gazeteciler G\u00fcn\u00fc nedeniyle yaz\u0131l\u0131 a\u00e7\u0131klama yaparak, emek\u00e7i gazetecilerin yan\u0131nda oldu. \u0130l Ba\u015fkan\u0131m\u0131z Ahmet Kumbul, \u201c10 Ocak \u00c7al\u0131\u015fan Gazeteciler G\u00fcn\u00fc, ne yaz\u0131k ki kutlanacak bir g\u00fcn de\u011fil. Emek\u00e7i Gazetecilerimizin en temel sorunlar\u0131ndan biri bas\u0131n \u00f6zg\u00fcrl\u00fc\u011f\u00fcn\u00fcn [&hellip;]<\/p>\n","protected":false},"author":1,"featured_media":15346,"comment_status":"closed","ping_status":"open","sticky":false,"template":"","format":"standard","meta":[],"categories":[58],"tags":[],"amp_enabled":true,"_links":{"self":[{"href":"https:\/\/chpantalya.com\/index.php?rest_route=\/wp\/v2\/posts\/20084"}],"collection":[{"href":"https:\/\/chpantalya.com\/index.php?rest_route=\/wp\/v2\/posts"}],"about":[{"href":"https:\/\/chpantalya.com\/index.php?rest_route=\/wp\/v2\/types\/post"}],"author":[{"embeddable":true,"href":"https:\/\/chpantalya.com\/index.php?rest_route=\/wp\/v2\/users\/1"}],"replies":[{"embeddable":true,"href":"https:\/\/chpantalya.com\/index.php?rest_route=%2Fwp%2Fv2%2Fcomments&post=20084"}],"version-history":[{"count":0,"href":"https:\/\/chpantalya.com\/index.php?rest_route=\/wp\/v2\/posts\/20084\/revisions"}],"wp:featuredmedia":[{"embeddable":true,"href":"https:\/\/chpantalya.com\/index.php?rest_route=\/wp\/v2\/media\/15346"}],"wp:attachment":[{"href":"https:\/\/chpantalya.com\/index.php?rest_route=%2Fwp%2Fv2%2Fmedia&parent=20084"}],"wp:term":[{"taxonomy":"category","embeddable":true,"href":"https:\/\/chpantalya.com\/index.php?rest_route=%2Fwp%2Fv2%2Fcategories&post=20084"},{"taxonomy":"post_tag","embeddable":true,"href":"https:\/\/chpantalya.com\/index.php?rest_route=%2Fwp%2Fv2%2Ftags&post=20084"}],"curies":[{"name":"wp","href":"https:\/\/api.w.org\/{rel}","templated":true}]}}