{"id":20160,"date":"2020-01-14T23:31:57","date_gmt":"2020-01-14T20:31:57","guid":{"rendered":"http:\/\/chpantalya.com\/?p=20160"},"modified":"2020-01-14T23:31:57","modified_gmt":"2020-01-14T20:31:57","slug":"zubeyde-hanim-olumunun-97-yilinda-anildi","status":"publish","type":"post","link":"https:\/\/chpantalya.com\/?p=20160","title":{"rendered":"Z\u00dcBEYDE HANIM \u00d6L\u00dcM\u00dcN\u00dcN 97. YILINDA ANILDI"},"content":{"rendered":"<p>Cumhuriyet Halk Partisi Antalya Kad\u0131n Kollar\u0131 ile baz\u0131 sivil toplum kurulu\u015flar\u0131, T\u00fcrkiye Cumhuriyeti Devleti\u2019nin kurucusu Mustafa Kemal Atat\u00fcrk\u2019\u00fcn annesi Z\u00fcbeyde Han\u0131m\u2019\u0131 \u00f6l\u00fcm\u00fcn\u00fcn 97\u2019nci y\u0131l\u0131nda and\u0131. T\u00fcrkiye Cumhuriyeti Devleti\u2019nin kurucusu b\u00fcy\u00fck \u00f6nder Mustafa Kemal Atat\u00fcrk\u2019\u00fcn annesi Z\u00fcbeyde Han\u0131m,<\/p>\n<p>\u00f6l\u00fcm\u00fcn\u00fcn 97\u2019nci y\u0131ld\u00f6n\u00fcm\u00fcnde Antalya\u2019da t\u00f6renle an\u0131ld\u0131. D\u00fcn, I\u015f\u0131klar Caddesi \u00fczerindeki Atat\u00fcrk Evi yan\u0131nda bulunan Z\u00fcbeyde Han\u0131m An\u0131t\u0131 \u00f6n\u00fcnde bir araya gelen Antalyal\u0131lar, b\u00fcy\u00fck \u00d6nder\u2019in annesine olan minnetlerini dile getirdi.<\/p>\n<p>Sayg\u0131 duru\u015fu ve \u0130stiklal Mar\u015f\u0131\u2019n\u0131n okunmas\u0131yla ba\u015flayan anmada CHP Antalya Kad\u0131n Kollar\u0131 Ba\u015fkan\u0131 Nil\u00fcfer Deveci, T\u00fcrk Anneler Derne\u011fi Ba\u015fkan\u0131 \u0130nci Savran ve Cumhuriyet Kad\u0131nlar\u0131 Derne\u011fi Konyaalt\u0131 \u015eube Ba\u015fkan\u0131 Hikmet \u00d6zkaya,<\/p>\n<p>Z\u00fcbeyde Han\u0131m\u2019\u0131 anlatan bir konu\u015fma ger\u00e7ekle\u015ftirdi. AN\u015eOYAD Ba\u015fkan\u0131 \u015e\u00fckr\u00fc Erciyeslio\u011flu ise \u015fiir okudu.<\/p>\n<p>\u201cAtat\u00fcrk \u0130\u00e7in Annesi Vatand\u0131\u201d<\/p>\n<p>\u201cAtat\u00fcrk\u2019\u00fcm\u00fcz\u00fcn annesi Z\u00fcbeyde Anay\u0131, vefat\u0131n\u0131n 97\u2019nci y\u0131l d\u00f6n\u00fcm\u00fcnde minnet ve rahmetle an\u0131yoruz\u201d diyen CHP Kad\u0131n Kollar\u0131 Antalya \u0130l Ba\u015fkan\u0131 Nil\u00fcfer Deveci, \u201c17 y\u0131l s\u00fcreyle cepheden cepheye ko\u015fan Mustafa Kemal i\u00e7in annesi vatand\u0131. Vatan\u0131 kurtarmak, annesini kurtarmakt\u0131.<\/p>\n<p>Ne mutlu onu do\u011furan anaya, ne mutlu ona sahip olan T\u00fcrk Milletine. Ne mutlu ki Ona erken ya\u015fta babas\u0131z b\u00fcy\u00fctt\u00fc\u011f\u00fc bir evlada, vatan ve insan sevgisinin yan\u0131nda, bir millete \u00f6nderlik yapacak \u00f6zg\u00fcveni ve cesareti vermeyi ba\u015far\u0131p T\u00fcrk ulusuna ve d\u00fcnyaya arma\u011fan etti.<\/p>\n<p>Yeti\u015ftirdi\u011fin evlatla bir milletin kaderini de\u011fi\u015ftirdin. O evlat ki \u00f6zg\u00fcrl\u00fc\u011f\u00fcn\u00fc isteyen t\u00fcm milletlere cesaret verdi ve \u00f6rnek oldu\u201d diye konu\u015ftu.<\/p>\n<p>\u201cY\u0131lmaz Bek\u00e7ileriz\u201d<\/p>\n<p>T\u00fcm kad\u0131nlar\u0131, toplum y\u00f6netiminde g\u00f6rev almaya, a\u011f\u0131rl\u0131\u011f\u0131n\u0131 koymaya, karar mekanizmalar\u0131nda yer almaya, laik demokratik sosyal hukuk devleti ilkelerinin eksiksiz uygulanaca\u011f\u0131; yar\u0131nlardan umutlu, \u00e7a\u011fda\u015f, g\u00fc\u00e7l\u00fc, \u00fcretken,<\/p>\n<p>bilgi \u00e7a\u011f\u0131na ayak uyduran bir \u00fclke haline gelmek i\u00e7in \u00e7al\u0131\u015fmaya \u00e7a\u011f\u0131ran Deveci, \u201cAtat\u00fcrk\u2019\u00fcm\u00fcz \u2018B\u00fcy\u00fck ba\u015far\u0131lar k\u0131ymetli analar\u0131n yeti\u015ftirdi\u011fi evlatlar sayesinde olmu\u015ftur\u2019 demi\u015ftir.<\/p>\n<p>D\u00fcnyay\u0131 \u015fekillendirenler, bilin\u00e7li, fedakar analar, cefakar \u00f6mr\u00fcn\u00fc halk\u0131na adam\u0131\u015f devrimci kad\u0131nlard\u0131r. Laikli\u011fin, Cumhuriyetin ve devrimlerin y\u0131lmaz bek\u00e7ileri olan biz Cumhuriyet\u2019in kad\u0131nlar\u0131, \u00e7ocuklar\u0131m\u0131z\u0131n da gelece\u011finin yarat\u0131c\u0131s\u0131 ve bek\u00e7ileriyiz.<\/p>\n<p>Demokrasiden, cumhuriyetimizden, laiklikten, \u00f6zg\u00fcrl\u00fcklerden, birlikte ya\u015fama sevdam\u0131zdan vazge\u00e7meyece\u011fiz. Kitlelerin demokratik taleplerini her platformda dile getirerek, hukuk devleti olmak ve hukukun uygulanmas\u0131 i\u00e7in \u00f6zg\u00fcrce d\u00fc\u015f\u00fcn\u00fcp, \u00f6zg\u00fcrce ya\u015fayabilece\u011fimiz,<\/p>\n<p>kad\u0131nlar\u0131m\u0131z\u0131n ve \u00e7ocuklar\u0131m\u0131z\u0131n taciz edilmeden, \u015fiddet g\u00f6rmeden ve katledilmeden ya\u015fayabilece\u011fi bir T\u00fcrkiye i\u00e7in m\u00fccadele edece\u011fiz\u201d dedi.<\/p>\n<p>\u201cCumhuriyet Sevdal\u0131lar\u0131y\u0131z\u201d<\/p>\n<p>Z\u00fcbeyde Han\u0131m\u2019a \u201cEy B\u00fcy\u00fck Ana\u201d diye seslenen Deveci, \u201cMerak etme o\u011flun Mustafa Kemal Atat\u00fcrk\u2019\u00fcn ilkeleriyle yeti\u015fmi\u015f milyonlarca gen\u00e7 ve kad\u0131n var. Bizler hepimiz birer; Halide Onba\u015f\u0131, Binba\u015f\u0131 Ay\u015fe, \u015eerife Bac\u0131y\u0131z. G\u00f6rdesli Makbule, Tayyar Rahmiye,<\/p>\n<p>Kara Fatmay\u0131z. Kubilay\u0131z, Necip Hablemito\u011flu, Ahmet Taner K\u0131\u015flal\u0131, Muhammer Aksoyuz. U\u011fur Mumcuyuz, Bahriye \u00dc\u00e7okuz, T\u00fcrkan Saylan\u0131z. Biz bu \u00fclkenin ayd\u0131nl\u0131k yar\u0131nlar\u0131 i\u00e7in, miras\u0131na sahip \u00e7\u0131kan ve \u00fclkemizi daha ileriye g\u00f6t\u00fcrmek i\u00e7in \u00e7al\u0131\u015fan Cumhuriyet sevdal\u0131lar\u0131y\u0131z. Ruhun \u015fad olsun b\u00fcy\u00fck Ana\u201d diye konu\u015ftu.<\/p>\n<p>Anma T\u00f6renine Kat\u0131lanlar<\/p>\n<p>Cumhuriyet Halk Partisi Antalya \u0130l Ba\u015fkan\u0131 Ahmet Kumbul, T\u00dcRK-\u0130\u015e Antalya \u0130l Temsilcisi ve YOL-\u0130\u015e Sendikas\u0131 Antalya 1 Nolu \u015eube Ba\u015fkan\u0131 Cemil \u00dcnal, E\u011fitim \u0130\u015f Antalya \u015eube Ba\u015fkan\u0131 Fatin Iltar\u2019\u0131n da kat\u0131ld\u0131\u011f\u0131 anma t\u00f6reninde Antalya Cumhuriyet Kad\u0131nlar\u0131,<\/p>\n<p>T\u00fcrk Anneler Derne\u011fi, Atat\u00fcrk\u00e7\u00fc D\u00fc\u015f\u00fcnce Derne\u011fi, Antalya \u015eairler Ozanlar ve Yazarlar Derne\u011fi (AN\u015eOYAD), Bestekar K\u00fclt\u00fcr Derne\u011fi, \u00dcniversiteli Kad\u0131nlar Derne\u011fi, Antalya Alevi K\u00fclt\u00fcr Derne\u011fi, Antalya Serikliler Derne\u011fi, CHP Antalya, Muratpa\u015fa, Kepez ve Konyaalt\u0131 Kad\u0131n Kollar\u0131 da yer ald\u0131.<\/p>\n\r\n                <style type=\"text\/css\">\r\n                    \r\n                    #tdi_1  .td-doubleSlider-2 .td-item1 {\r\n                        background: url(https:\/\/chpantalya.com\/wp-content\/uploads\/2020\/01\/Z\u00dcBEYDE-HANIM-ANILDI-1-160x120.jpeg) 0 0 no-repeat;\r\n                    }\r\n                    #tdi_1  .td-doubleSlider-2 .td-item2 {\r\n                        background: url(https:\/\/chpantalya.com\/wp-content\/uploads\/2020\/01\/Z\u00dcBEYDE-HANIM-ANILDI-2-160x120.jpeg) 0 0 no-repeat;\r\n                    }\r\n                    #tdi_1  .td-doubleSlider-2 .td-item3 {\r\n                        background: url(https:\/\/chpantalya.com\/wp-content\/uploads\/2020\/01\/Z\u00dcBEYDE-HANIM-ANILDI-3-160x120.jpeg) 0 0 no-repeat;\r\n                    }\r\n                    #tdi_1  .td-doubleSlider-2 .td-item4 {\r\n                        background: url(https:\/\/chpantalya.com\/wp-content\/uploads\/2020\/01\/Z\u00dcBEYDE-HANIM-ANILDI-4-160x120.jpeg) 0 0 no-repeat;\r\n                    }\r\n                    #tdi_1  .td-doubleSlider-2 .td-item5 {\r\n                        background: url(https:\/\/chpantalya.com\/wp-content\/uploads\/2020\/01\/Z\u00dcBEYDE-HANIM-ANILDI-5-160x120.jpeg) 0 0 no-repeat;\r\n                    }\r\n                    #tdi_1  .td-doubleSlider-2 .td-item6 {\r\n                        background: url(https:\/\/chpantalya.com\/wp-content\/uploads\/2020\/01\/Z\u00dcBEYDE-HANIM-ANILDI-6-160x120.jpeg) 0 0 no-repeat;\r\n                    }\r\n                    #tdi_1  .td-doubleSlider-2 .td-item7 {\r\n                        background: url(https:\/\/chpantalya.com\/wp-content\/uploads\/2020\/01\/Z\u00dcBEYDE-HANIM-ANILDI-7-160x120.jpeg) 0 0 no-repeat;\r\n                    }\r\n                <\/style>\r\n\r\n                <div id=\"tdi_1\" class=\"td-gallery td-slide-on-2-columns\">\r\n                    <div class=\"post_td_gallery\">\r\n                        <div class=\"td-gallery-slide-top\">\r\n                           <div class=\"td-gallery-title\"><\/div>\r\n\r\n                            <div class=\"td-gallery-controls-wrapper\">\r\n                                <div class=\"td-gallery-slide-count\"><span class=\"td-gallery-slide-item-focus\">1<\/span> - 7<\/div>\r\n                                <div class=\"td-gallery-slide-prev-next-but\">\r\n                                    <i class = \"td-icon-left doubleSliderPrevButton\"><\/i>\r\n                                    <i class = \"td-icon-right doubleSliderNextButton\"><\/i>\r\n                                <\/div>\r\n                            <\/div>\r\n                        <\/div>\r\n\r\n                        <div class = \"td-doubleSlider-1 \">\r\n                            <div class = \"td-slider\">\r\n                                \r\n                    <div class = \"td-slide-item td-item1\">\r\n                        <figure class=\"td-slide-galery-figure td-slide-popup-gallery\">\r\n                            <a class=\"slide-gallery-image-link\" href=\"https:\/\/chpantalya.com\/wp-content\/uploads\/2020\/01\/Z\u00dcBEYDE-HANIM-ANILDI-1.jpeg\" title=\"Z\u00dcBEYDE HANIM ANILDI (1)\"  data-caption=\"\"  data-description=\"\">\r\n                                <img src=\"https:\/\/chpantalya.com\/wp-content\/uploads\/2020\/01\/Z\u00dcBEYDE-HANIM-ANILDI-1-633x420.jpeg\" srcset=\"https:\/\/chpantalya.com\/wp-content\/uploads\/2020\/01\/Z\u00dcBEYDE-HANIM-ANILDI-1-633x420.jpeg 420w, https:\/\/chpantalya.com\/wp-content\/uploads\/2020\/01\/Z\u00dcBEYDE-HANIM-ANILDI-1-1266x840.jpeg 840w\" sizes=\"(-webkit-min-device-pixel-ratio: 2) 840px, (min-resolution: 192dpi) 840px, 420px\" alt=\"\">\r\n                            <\/a>\r\n                            \r\n                        <\/figure>\r\n                    <\/div>\r\n                    <div class = \"td-slide-item td-item2\">\r\n                        <figure class=\"td-slide-galery-figure td-slide-popup-gallery\">\r\n                            <a class=\"slide-gallery-image-link\" href=\"https:\/\/chpantalya.com\/wp-content\/uploads\/2020\/01\/Z\u00dcBEYDE-HANIM-ANILDI-2.jpeg\" title=\"Z\u00dcBEYDE HANIM ANILDI (2)\"  data-caption=\"\"  data-description=\"\">\r\n                                <img src=\"https:\/\/chpantalya.com\/wp-content\/uploads\/2020\/01\/Z\u00dcBEYDE-HANIM-ANILDI-2-633x420.jpeg\" srcset=\"https:\/\/chpantalya.com\/wp-content\/uploads\/2020\/01\/Z\u00dcBEYDE-HANIM-ANILDI-2-633x420.jpeg 420w, https:\/\/chpantalya.com\/wp-content\/uploads\/2020\/01\/Z\u00dcBEYDE-HANIM-ANILDI-2-1266x840.jpeg 840w\" sizes=\"(-webkit-min-device-pixel-ratio: 2) 840px, (min-resolution: 192dpi) 840px, 420px\" alt=\"\">\r\n                            <\/a>\r\n                            \r\n                        <\/figure>\r\n                    <\/div>\r\n                    <div class = \"td-slide-item td-item3\">\r\n                        <figure class=\"td-slide-galery-figure td-slide-popup-gallery\">\r\n                            <a class=\"slide-gallery-image-link\" href=\"https:\/\/chpantalya.com\/wp-content\/uploads\/2020\/01\/Z\u00dcBEYDE-HANIM-ANILDI-3.jpeg\" title=\"Z\u00dcBEYDE HANIM ANILDI (3)\"  data-caption=\"\"  data-description=\"\">\r\n                                <img src=\"https:\/\/chpantalya.com\/wp-content\/uploads\/2020\/01\/Z\u00dcBEYDE-HANIM-ANILDI-3-633x420.jpeg\" srcset=\"https:\/\/chpantalya.com\/wp-content\/uploads\/2020\/01\/Z\u00dcBEYDE-HANIM-ANILDI-3-633x420.jpeg 420w, https:\/\/chpantalya.com\/wp-content\/uploads\/2020\/01\/Z\u00dcBEYDE-HANIM-ANILDI-3-1266x840.jpeg 840w\" sizes=\"(-webkit-min-device-pixel-ratio: 2) 840px, (min-resolution: 192dpi) 840px, 420px\" alt=\"\">\r\n                            <\/a>\r\n                            \r\n                        <\/figure>\r\n                    <\/div>\r\n                    <div class = \"td-slide-item td-item4\">\r\n                        <figure class=\"td-slide-galery-figure td-slide-popup-gallery\">\r\n                            <a class=\"slide-gallery-image-link\" href=\"https:\/\/chpantalya.com\/wp-content\/uploads\/2020\/01\/Z\u00dcBEYDE-HANIM-ANILDI-4.jpeg\" title=\"Z\u00dcBEYDE HANIM ANILDI (4)\"  data-caption=\"\"  data-description=\"\">\r\n                                <img src=\"https:\/\/chpantalya.com\/wp-content\/uploads\/2020\/01\/Z\u00dcBEYDE-HANIM-ANILDI-4-633x420.jpeg\" srcset=\"https:\/\/chpantalya.com\/wp-content\/uploads\/2020\/01\/Z\u00dcBEYDE-HANIM-ANILDI-4-633x420.jpeg 420w, https:\/\/chpantalya.com\/wp-content\/uploads\/2020\/01\/Z\u00dcBEYDE-HANIM-ANILDI-4-1266x840.jpeg 840w\" sizes=\"(-webkit-min-device-pixel-ratio: 2) 840px, (min-resolution: 192dpi) 840px, 420px\" alt=\"\">\r\n                            <\/a>\r\n                            \r\n                        <\/figure>\r\n                    <\/div>\r\n                    <div class = \"td-slide-item td-item5\">\r\n                        <figure class=\"td-slide-galery-figure td-slide-popup-gallery\">\r\n                            <a class=\"slide-gallery-image-link\" href=\"https:\/\/chpantalya.com\/wp-content\/uploads\/2020\/01\/Z\u00dcBEYDE-HANIM-ANILDI-5.jpeg\" title=\"Z\u00dcBEYDE HANIM ANILDI (5)\"  data-caption=\"\"  data-description=\"\">\r\n                                <img src=\"https:\/\/chpantalya.com\/wp-content\/uploads\/2020\/01\/Z\u00dcBEYDE-HANIM-ANILDI-5-633x420.jpeg\" srcset=\"https:\/\/chpantalya.com\/wp-content\/uploads\/2020\/01\/Z\u00dcBEYDE-HANIM-ANILDI-5-633x420.jpeg 420w, https:\/\/chpantalya.com\/wp-content\/uploads\/2020\/01\/Z\u00dcBEYDE-HANIM-ANILDI-5-1266x840.jpeg 840w\" sizes=\"(-webkit-min-device-pixel-ratio: 2) 840px, (min-resolution: 192dpi) 840px, 420px\" alt=\"\">\r\n                            <\/a>\r\n                            \r\n                        <\/figure>\r\n                    <\/div>\r\n                    <div class = \"td-slide-item td-item6\">\r\n                        <figure class=\"td-slide-galery-figure td-slide-popup-gallery\">\r\n                            <a class=\"slide-gallery-image-link\" href=\"https:\/\/chpantalya.com\/wp-content\/uploads\/2020\/01\/Z\u00dcBEYDE-HANIM-ANILDI-6.jpeg\" title=\"Z\u00dcBEYDE HANIM ANILDI (6)\"  data-caption=\"\"  data-description=\"\">\r\n                                <img src=\"https:\/\/chpantalya.com\/wp-content\/uploads\/2020\/01\/Z\u00dcBEYDE-HANIM-ANILDI-6-633x420.jpeg\" srcset=\"https:\/\/chpantalya.com\/wp-content\/uploads\/2020\/01\/Z\u00dcBEYDE-HANIM-ANILDI-6-633x420.jpeg 420w, https:\/\/chpantalya.com\/wp-content\/uploads\/2020\/01\/Z\u00dcBEYDE-HANIM-ANILDI-6-1266x840.jpeg 840w\" sizes=\"(-webkit-min-device-pixel-ratio: 2) 840px, (min-resolution: 192dpi) 840px, 420px\" alt=\"\">\r\n                            <\/a>\r\n                            \r\n                        <\/figure>\r\n                    <\/div>\r\n                    <div class = \"td-slide-item td-item7\">\r\n                        <figure class=\"td-slide-galery-figure td-slide-popup-gallery\">\r\n                            <a class=\"slide-gallery-image-link\" href=\"https:\/\/chpantalya.com\/wp-content\/uploads\/2020\/01\/Z\u00dcBEYDE-HANIM-ANILDI-7.jpeg\" title=\"Z\u00dcBEYDE HANIM ANILDI (7)\"  data-caption=\"\"  data-description=\"\">\r\n                                <img src=\"https:\/\/chpantalya.com\/wp-content\/uploads\/2020\/01\/Z\u00dcBEYDE-HANIM-ANILDI-7-560x420.jpeg\" srcset=\"https:\/\/chpantalya.com\/wp-content\/uploads\/2020\/01\/Z\u00dcBEYDE-HANIM-ANILDI-7-560x420.jpeg 420w, https:\/\/chpantalya.com\/wp-content\/uploads\/2020\/01\/Z\u00dcBEYDE-HANIM-ANILDI-7-1120x840.jpeg 840w\" sizes=\"(-webkit-min-device-pixel-ratio: 2) 840px, (min-resolution: 192dpi) 840px, 420px\" alt=\"\">\r\n                            <\/a>\r\n                            \r\n                        <\/figure>\r\n                    <\/div>\r\n                            <\/div>\r\n                        <\/div>\r\n\r\n                        <div class = \"td-doubleSlider-2\">\r\n                            <div class = \"td-slider\">\r\n                                \r\n                    <div class = \"td-button td-item1\">\r\n                        <div class = \"td-border\"><\/div>\r\n                    <\/div>\r\n                    <div class = \"td-button td-item2\">\r\n                        <div class = \"td-border\"><\/div>\r\n                    <\/div>\r\n                    <div class = \"td-button td-item3\">\r\n                        <div class = \"td-border\"><\/div>\r\n                    <\/div>\r\n                    <div class = \"td-button td-item4\">\r\n                        <div class = \"td-border\"><\/div>\r\n                    <\/div>\r\n                    <div class = \"td-button td-item5\">\r\n                        <div class = \"td-border\"><\/div>\r\n                    <\/div>\r\n                    <div class = \"td-button td-item6\">\r\n                        <div class = \"td-border\"><\/div>\r\n                    <\/div>\r\n                    <div class = \"td-button td-item7\">\r\n                        <div class = \"td-border\"><\/div>\r\n                    <\/div>\r\n                            <\/div>\r\n                        <\/div>\r\n\r\n                    <\/div>\r\n\r\n                <\/div>\r\n                \n","protected":false},"excerpt":{"rendered":"<p>Cumhuriyet Halk Partisi Antalya Kad\u0131n Kollar\u0131 ile baz\u0131 sivil toplum kurulu\u015flar\u0131, T\u00fcrkiye Cumhuriyeti Devleti\u2019nin kurucusu Mustafa Kemal Atat\u00fcrk\u2019\u00fcn annesi Z\u00fcbeyde Han\u0131m\u2019\u0131 \u00f6l\u00fcm\u00fcn\u00fcn 97\u2019nci y\u0131l\u0131nda and\u0131. T\u00fcrkiye Cumhuriyeti Devleti\u2019nin kurucusu b\u00fcy\u00fck \u00f6nder Mustafa Kemal Atat\u00fcrk\u2019\u00fcn annesi Z\u00fcbeyde Han\u0131m, \u00f6l\u00fcm\u00fcn\u00fcn 97\u2019nci y\u0131ld\u00f6n\u00fcm\u00fcnde Antalya\u2019da t\u00f6renle an\u0131ld\u0131. D\u00fcn, I\u015f\u0131klar Caddesi \u00fczerindeki Atat\u00fcrk Evi yan\u0131nda bulunan Z\u00fcbeyde Han\u0131m An\u0131t\u0131 \u00f6n\u00fcnde [&hellip;]<\/p>\n","protected":false},"author":1,"featured_media":20163,"comment_status":"closed","ping_status":"open","sticky":false,"template":"","format":"standard","meta":[],"categories":[49],"tags":[],"amp_enabled":true,"_links":{"self":[{"href":"https:\/\/chpantalya.com\/index.php?rest_route=\/wp\/v2\/posts\/20160"}],"collection":[{"href":"https:\/\/chpantalya.com\/index.php?rest_route=\/wp\/v2\/posts"}],"about":[{"href":"https:\/\/chpantalya.com\/index.php?rest_route=\/wp\/v2\/types\/post"}],"author":[{"embeddable":true,"href":"https:\/\/chpantalya.com\/index.php?rest_route=\/wp\/v2\/users\/1"}],"replies":[{"embeddable":true,"href":"https:\/\/chpantalya.com\/index.php?rest_route=%2Fwp%2Fv2%2Fcomments&post=20160"}],"version-history":[{"count":0,"href":"https:\/\/chpantalya.com\/index.php?rest_route=\/wp\/v2\/posts\/20160\/revisions"}],"wp:featuredmedia":[{"embeddable":true,"href":"https:\/\/chpantalya.com\/index.php?rest_route=\/wp\/v2\/media\/20163"}],"wp:attachment":[{"href":"https:\/\/chpantalya.com\/index.php?rest_route=%2Fwp%2Fv2%2Fmedia&parent=20160"}],"wp:term":[{"taxonomy":"category","embeddable":true,"href":"https:\/\/chpantalya.com\/index.php?rest_route=%2Fwp%2Fv2%2Fcategories&post=20160"},{"taxonomy":"post_tag","embeddable":true,"href":"https:\/\/chpantalya.com\/index.php?rest_route=%2Fwp%2Fv2%2Ftags&post=20160"}],"curies":[{"name":"wp","href":"https:\/\/api.w.org\/{rel}","templated":true}]}}