{"id":20171,"date":"2020-01-16T15:32:24","date_gmt":"2020-01-16T12:32:24","guid":{"rendered":"http:\/\/chpantalya.com\/?p=20171"},"modified":"2020-01-16T15:32:24","modified_gmt":"2020-01-16T12:32:24","slug":"ari-ozel-egitime-verilen-destek-tutari-yetersiz","status":"publish","type":"post","link":"https:\/\/chpantalya.com\/?p=20171","title":{"rendered":"ARI: \u201c\u00d6zel E\u011fitime Verilen Destek Tutar\u0131 Yetersiz\u201d"},"content":{"rendered":"<p>CHP Antalya Milletvekili Av.Cavit Ar\u0131, Hazine ve Maliye Bakan\u0131 Berat Albayrak ile Milli E\u011fitim Bakan\u0131 Ziya Sel\u00e7uk\u2019a engelli bireylerin de e\u011fitim ihtiyac\u0131n\u0131 kar\u015f\u0131lamak, onlar\u0131 topluma kazand\u0131rmak ve birilerine ba\u011f\u0131ml\u0131 olmadan hayatlar\u0131n\u0131 s\u00fcrd\u00fcrmelerini sa\u011flamak hedefiyle 5580 say\u0131l\u0131 \u00d6zel \u00d6\u011fretim Kurumlar\u0131 Kanunu kapsam\u0131nda a\u00e7\u0131lan \u00f6zel e\u011fitim okullar\u0131 ve \u00f6zel e\u011fitim ve rehabilitasyon merkezlerinde verilen destek e\u011fitimini almalar\u0131 uygun g\u00f6r\u00fclen g\u00f6rme, i\u015fitme, dil-konu\u015fma, spastik, zihinsel, ortopedik veya ruhsal engelli bireyleri kapsayan e\u011fitim giderlerinin kar\u015f\u0131lanmas\u0131 amac\u0131yla her y\u0131l Hazine ve Maliye Bakanl\u0131\u011f\u0131nca belirlenen ve Mill\u00ee E\u011fitim Bakanl\u0131\u011f\u0131 b\u00fct\u00e7esine bu ama\u00e7la konulan \u00f6denek tutar\u0131n\u0131 sordu.<\/p>\n<p>Konuya ili\u015fkin 15.01.2020 tarihli soru \u00f6nergelerinde, son y\u0131llarda \u00f6zel e\u011fitime ihtiya\u00e7 duyan bireylere verilen e\u011fitim deste\u011fi tutarlar\u0131n\u0131n \u00fclkemizdeki ekonomik g\u00f6stergelerle orant\u0131l\u0131 olarak artmad\u0131\u011f\u0131, 2004 y\u0131l\u0131nda bir \u00f6\u011frenci i\u00e7in \u00f6denen ayl\u0131k \u00f6zel e\u011fitim destek \u00f6demesi bir asgari \u00fccret miktar\u0131 kadar iken, 2019 y\u0131l\u0131na gelindi\u011finde bu destek asgari \u00fccretin 1\/3\u2019ne geriledi\u011fini belirten Ar\u0131 \u201cKurumlar\u0131n hizmet sunum maliyetleri dikkate al\u0131nmadan belirlenen destek tutarlar\u0131 hizmet sunumunun verimlili\u011fini ve e\u011fitimin niteli\u011fini olumsuz etkilemektedir. Ayr\u0131ca engelli \u00e7ocuklar\u0131n rehabilitasyon merkezlerine naklini sa\u011flamak i\u00e7in mutlak bir gereklilik olan servis hizmetinin ilgili merkezler taraf\u0131ndan bu \u00fccret i\u00e7erisinden kar\u015f\u0131lanmaktad\u0131r. Bu durum da sekt\u00f6re ayr\u0131ca b\u00fcy\u00fck bir y\u00fck getirmektedir.\u201d dedi.<\/p>\n<p>Milletvekili Ar\u0131, 2020 y\u0131l\u0131 i\u00e7in tespit edilecek e\u011fitim deste\u011fi tutar\u0131n\u0131n belirlenmesinde, bu \u00f6zel e\u011fitimi alan engelli bireylerin yeterli d\u00fczeydeki kaliteli e\u011fitimi alabilmesi amac\u0131yla e\u011fitimi veren \u00f6\u011fretmenleri istihdam eden kurumlar\u0131n hizmet sunum maliyetleri dikkate al\u0131nacak m\u0131d\u0131r? \u0130lgili destek tutar\u0131n\u0131 her y\u0131l\u0131n ba\u015f\u0131nda taraflarla yap\u0131lan g\u00f6r\u00fc\u015fmeler neticesinde belirlenmesi yerine vergi, resim ve har\u00e7 art\u0131\u015f oranlar\u0131n i\u00e7in a\u00e7\u0131klanan yeniden de\u011ferle oran\u0131na endekslemeyi d\u00fc\u015f\u00fcn\u00fcyor musunuz? sorular\u0131n\u0131 y\u00f6nelterek konuyu meclis g\u00fcndemine ta\u015f\u0131d\u0131.<\/p>\n","protected":false},"excerpt":{"rendered":"<p>CHP Antalya Milletvekili Av.Cavit Ar\u0131, Hazine ve Maliye Bakan\u0131 Berat Albayrak ile Milli E\u011fitim Bakan\u0131 Ziya Sel\u00e7uk\u2019a engelli bireylerin de e\u011fitim ihtiyac\u0131n\u0131 kar\u015f\u0131lamak, onlar\u0131 topluma kazand\u0131rmak ve birilerine ba\u011f\u0131ml\u0131 olmadan hayatlar\u0131n\u0131 s\u00fcrd\u00fcrmelerini sa\u011flamak hedefiyle 5580 say\u0131l\u0131 \u00d6zel \u00d6\u011fretim Kurumlar\u0131 Kanunu kapsam\u0131nda a\u00e7\u0131lan \u00f6zel e\u011fitim okullar\u0131 ve \u00f6zel e\u011fitim ve rehabilitasyon merkezlerinde verilen destek e\u011fitimini almalar\u0131 [&hellip;]<\/p>\n","protected":false},"author":1,"featured_media":18324,"comment_status":"closed","ping_status":"open","sticky":false,"template":"","format":"standard","meta":[],"categories":[63,35],"tags":[],"amp_enabled":true,"_links":{"self":[{"href":"https:\/\/chpantalya.com\/index.php?rest_route=\/wp\/v2\/posts\/20171"}],"collection":[{"href":"https:\/\/chpantalya.com\/index.php?rest_route=\/wp\/v2\/posts"}],"about":[{"href":"https:\/\/chpantalya.com\/index.php?rest_route=\/wp\/v2\/types\/post"}],"author":[{"embeddable":true,"href":"https:\/\/chpantalya.com\/index.php?rest_route=\/wp\/v2\/users\/1"}],"replies":[{"embeddable":true,"href":"https:\/\/chpantalya.com\/index.php?rest_route=%2Fwp%2Fv2%2Fcomments&post=20171"}],"version-history":[{"count":0,"href":"https:\/\/chpantalya.com\/index.php?rest_route=\/wp\/v2\/posts\/20171\/revisions"}],"wp:featuredmedia":[{"embeddable":true,"href":"https:\/\/chpantalya.com\/index.php?rest_route=\/wp\/v2\/media\/18324"}],"wp:attachment":[{"href":"https:\/\/chpantalya.com\/index.php?rest_route=%2Fwp%2Fv2%2Fmedia&parent=20171"}],"wp:term":[{"taxonomy":"category","embeddable":true,"href":"https:\/\/chpantalya.com\/index.php?rest_route=%2Fwp%2Fv2%2Fcategories&post=20171"},{"taxonomy":"post_tag","embeddable":true,"href":"https:\/\/chpantalya.com\/index.php?rest_route=%2Fwp%2Fv2%2Ftags&post=20171"}],"curies":[{"name":"wp","href":"https:\/\/api.w.org\/{rel}","templated":true}]}}