{"id":20209,"date":"2020-01-24T11:10:09","date_gmt":"2020-01-24T08:10:09","guid":{"rendered":"http:\/\/chpantalya.com\/?p=20209"},"modified":"2020-01-24T11:10:09","modified_gmt":"2020-01-24T08:10:09","slug":"ari-akdenizi-bekleyen-buyuk-tehlikeyi-bakanlara-sordu","status":"publish","type":"post","link":"https:\/\/chpantalya.com\/?p=20209","title":{"rendered":"ARI; Akdeniz&#8217;i Bekleyen B\u00fcy\u00fck Tehlikeyi Bakanlara sordu"},"content":{"rendered":"<p>CHP Antalya Milletvekili Av.Cavit Ar\u0131, hem \u00c7evre ve \u015eehircilik Bakan\u0131 Murat Kurum\u2019a hem de Enerji ve Tabii Kaynaklar Bakan\u0131 Fatih D\u00f6nmez\u2019e verdi\u011fi yaz\u0131l\u0131 soru \u00f6nergeleri ile iklim de\u011fi\u015fikli\u011finin en \u00e7ok hissedildi\u011fi Akdeniz Havzas\u0131\u2019nda yer alan \u00fclkemizde ve Antalya\u2019m\u0131zda ya\u015fanan iklim krizine kar\u015f\u0131 bug\u00fcne kadar al\u0131nan tedbirler ile y\u00fcr\u00fct\u00fclen ve projelendirilen eylem planlar\u0131n\u0131 sordu.<\/p>\n<p>Konuya ili\u015fkin 22.01.2020 tarihli soru \u00f6nergelerinde D\u00fcnyam\u0131z\u0131n sonunun bir g\u00f6kta\u015f\u0131 \u00e7arpmas\u0131yla gelecek olmas\u0131 ihtimali, insano\u011flunun kendi yaratt\u0131\u011f\u0131 risklere k\u0131yasla uzak bir ihtimal g\u00f6r\u00fcn\u00fcyor. N\u00fckleer sava\u015flar, salg\u0131nlar, artan n\u00fcfusla birlikte azalan kaynaklar ve neticesinde ya\u015fanan yoksulluk ve a\u00e7l\u0131k insano\u011flunun sonunu haz\u0131rlayan \u00e7ok ciddi tehlikelerdir. Ancak bir ba\u015fka tehlike var ki o da ya\u015fanan iklim de\u011fi\u015fikli\u011finin sonucu \u00f6n\u00fc al\u0131nmakta zorlan\u0131lan k\u00fcresel \u0131s\u0131nma ve neticesinde g\u00f6r\u00fcnme s\u0131kl\u0131\u011f\u0131 ve \u015fiddeti artan do\u011fal afetler diye belirten Ar\u0131 \u201cSon iki y\u00fcz y\u0131ld\u0131r ya\u015fanan teknolojik geli\u015fmelere ba\u011fl\u0131 olarak h\u0131zla artan sanayile\u015fme, \u015fehirle\u015fme \u015fehre g\u00f6\u00e7\u00fc art\u0131rm\u0131\u015f, buna ba\u011fl\u0131 olarak \u015fehirlerde \u00e7arp\u0131k kentle\u015fme, yetersiz altyap\u0131 ve \u00e7evre kirlili\u011fi sorunlar\u0131 da artm\u0131\u015ft\u0131r, ciddi anlamda iklim de\u011fi\u015fikli\u011fine sebep olmu\u015ftur.\u201d dedi.<\/p>\n<p>Milletvekili Ar\u0131 \u201cResmi verilere g\u00f6re D\u00fcnyan\u0131n ortalama s\u0131cakl\u0131\u011f\u0131, e\u011fer tedbir al\u0131nmazsa, bu y\u00fczy\u0131l\u0131n sonunda yakla\u015f\u0131k 3 derece artacak. Deniz suyu seviyesi \u015fu an i\u00e7in 19 santimetre y\u00fckseldi ve d\u00fcnyada ya\u015fayan insan n\u00fcfusunun \u00fc\u00e7te 1\u2019i iklim de\u011fi\u015fikli\u011finden do\u011frudan etkilenecektir. Buzullar eriyor, ya\u011f\u0131\u015f iklimleri de\u011fi\u015fiyor. Bir yerlerde ciddi anlamda kurakl\u0131k varken, bir yerleri seller g\u00f6t\u00fcr\u00fcyor.<\/p>\n<p>\u00dclkemiz, iklim de\u011fi\u015fikli\u011finin en \u00e7ok hissedildi\u011fi Akdeniz Havzas\u0131\u2019nda yer ald\u0131\u011f\u0131ndan \u00e7ok b\u00fcy\u00fck tehdit alt\u0131ndad\u0131r. \u015eiddetli ve s\u0131k ya\u011f\u0131\u015flar meydana gelmekte, Akdeniz b\u00f6lgemiz \u00e7\u00f6lle\u015fmektedir. Tar\u0131m alanlar\u0131 azalmakta ve endemik bitki \u00f6rt\u00fcs\u00fc yok olmaktad\u0131r. Deniz canl\u0131lar\u0131m\u0131z balon bal\u0131\u011f\u0131, aslan bal\u0131\u011f\u0131 gibi istilac\u0131 t\u00fcr bal\u0131klar\u0131n sald\u0131r\u0131s\u0131 alt\u0131ndad\u0131r.<\/p>\n<p>Turizmin ba\u015fkenti olan Antalya\u2019m\u0131z\u0131n sahip oldu\u011fu d\u00fcnyaca \u00fcnl\u00fc plajlar\u0131 da maalesef bu b\u00fcy\u00fck tehditten al\u0131nan yanl\u0131\u015f kararlar ve uygulanan yanl\u0131\u015f projeler nedeniyle nasibini almaktad\u0131r.<\/p>\n<p>\u00d6rne\u011fin mermer, ta\u015f ve \u00e7ak\u0131l ocaklar\u0131; sebep oldu\u011fu tahribat inan\u0131lmaz boyutlarda. Yeralt\u0131 su rezervini yok ediyor, yeralt\u0131 su rezervi olmayan kuru bir toprakta bitki olmayaca\u011f\u0131 i\u00e7in, ilk \u015fiddetli ya\u011fmurda o topra\u011f\u0131 \u00f6n\u00fcne kat\u0131yor.<\/p>\n<p>2014-2019 d\u00f6nemi Antalya B\u00fcy\u00fck\u015fehir Belediye Ba\u015fkan\u0131n\u0131n Antalya&#8217;n\u0131n ve T\u00fcrkiye&#8217;nin en \u00f6nemli plajlar\u0131ndan olan Lara&#8217;ya yap\u0131lacak olan kruvaziyer limanla ilgili bir projesi Lara sahil band\u0131n\u0131, Konyaalt\u0131&#8217;na yap\u0131lacak olan yat liman\u0131 Bo\u011fa \u00c7ay\u0131&#8217;yla beraber b\u00fct\u00fcn Lara plaj\u0131n\u0131, 1.500 metrelik k\u0131sm\u0131n\u0131 yani Antalya&#8217;da halk\u0131n girip denizine en kolay \u015fekilde ula\u015fabildi\u011fi tek sahili mahvedecekken, yeni y\u00f6netim ve Belediye Ba\u015fkan\u0131n\u0131n \u00e7evreci tavr\u0131 ve karar\u0131 ile y\u00fcr\u00fct\u00fclen yarg\u0131sal m\u00fccadele sayesinde kurtulmu\u015ftur.<\/p>\n<p>Akdeniz \u00dcniversitesinde uydu g\u00f6r\u00fcnt\u00fcleri kar\u015f\u0131la\u015ft\u0131r\u0131larak haz\u0131rlanan rapora g\u00f6re Konyaalt\u0131 sahilinde erozyon 10 ayda 1 hektarl\u0131k alan\u0131 yok etti. K\u0131y\u0131 \u00e7izgisinde gerileme 19 metreye ula\u015ft\u0131.<\/p>\n<p>\u0130klim de\u011fi\u015fikli\u011finin yaratt\u0131\u011f\u0131 tahribat\u0131n son \u00f6rne\u011fini de Akdeniz\u2019de g\u00f6r\u00fclen balon bal\u0131klar\u0131. K\u0131z\u0131ldeniz, Hint ve Pasifik okyanuslar\u0131nda ya\u015famalar\u0131na ra\u011fmen iklim de\u011fi\u015fikli\u011finin etkisiyle S\u00fcvey\u015f Kanal\u0131 \u00fczerinden k\u0131y\u0131lar\u0131m\u0131za gelen g\u00f6\u00e7men t\u00fcrler, denizlerimizde b\u00fcy\u00fck tehlike yarat\u0131yor.\u201d dedi.<\/p>\n<p>Ayr\u0131ca, Ayd\u0131n Adnan Menderes \u00dcniversitesi Biyoloji B\u00f6l\u00fcm\u00fc \u00d6\u011fretim \u00dcyesi Prof. Dr. Murat Bileceno\u011flu, &#8220;Benekli balon bal\u0131\u011f\u0131 istilas\u0131na kar\u015f\u0131 etkin \u00f6nlemler al\u0131nmamas\u0131 durumunda ya\u015fan\u0131lan sosyoekonomik ve ekolojik kay\u0131plar\u0131n artarak devam edece\u011fine kesin g\u00f6z\u00fcyle bakabiliriz. \u0130nsan sa\u011fl\u0131\u011f\u0131na olumsuz etkileri hakk\u0131nda mutlaka daha fazla say\u0131da halk\u0131 bilin\u00e7lendirme faaliyeti d\u00fczenlenmesi gerekiyor&#8221; dedi\u011fini de ifade etti.<\/p>\n<p>Milletvekili Ar\u0131, t\u00fcm bu ya\u015fananlar bize \u00e7evremize daha duyarl\u0131 olmam\u0131z gerekti\u011fini g\u00f6stermektedir. D\u00fcnyam\u0131z, \u00fclkemiz ve Antalya\u2019m\u0131z ciddi bir iklim kriziyle kar\u015f\u0131 kar\u015f\u0131yad\u0131r. Gerekli tedbirler vakit kaybetmeden bir an \u00f6nce al\u0131nmal\u0131d\u0131r diye belirten Ar\u0131, hem \u00c7evre hem de enerji Bakan\u0131na hem de Enerji ve Tabii Kaynaklar Bakan\u0131na \u201cBakanl\u0131\u011f\u0131n\u0131zca iklim krizine kar\u015f\u0131 bug\u00fcne kadar al\u0131nan tedbirler ile projelendirilen ve y\u00fcr\u00fct\u00fclen eylem planlar\u0131 nelerdir? Bu tablo kar\u015f\u0131s\u0131nda \u00c7ED raporu verilirken, Ta\u015f Oca\u011f\u0131, Mermer Oca\u011f\u0131, HES izinleri verilirken nas\u0131l tedbirler al\u0131nacakt\u0131r, yoksa \u00e7evre kaderine mi terk edilecektir? sorular\u0131n\u0131 y\u00f6nelterek konuyu meclis g\u00fcndemine ta\u015f\u0131d\u0131.<\/p>\n<p>&nbsp;<\/p>\n","protected":false},"excerpt":{"rendered":"<p>CHP Antalya Milletvekili Av.Cavit Ar\u0131, hem \u00c7evre ve \u015eehircilik Bakan\u0131 Murat Kurum\u2019a hem de Enerji ve Tabii Kaynaklar Bakan\u0131 Fatih D\u00f6nmez\u2019e verdi\u011fi yaz\u0131l\u0131 soru \u00f6nergeleri ile iklim de\u011fi\u015fikli\u011finin en \u00e7ok hissedildi\u011fi Akdeniz Havzas\u0131\u2019nda yer alan \u00fclkemizde ve Antalya\u2019m\u0131zda ya\u015fanan iklim krizine kar\u015f\u0131 bug\u00fcne kadar al\u0131nan tedbirler ile y\u00fcr\u00fct\u00fclen ve projelendirilen eylem planlar\u0131n\u0131 sordu. Konuya ili\u015fkin [&hellip;]<\/p>\n","protected":false},"author":1,"featured_media":20210,"comment_status":"closed","ping_status":"open","sticky":false,"template":"","format":"standard","meta":[],"categories":[63,35],"tags":[],"amp_enabled":true,"_links":{"self":[{"href":"https:\/\/chpantalya.com\/index.php?rest_route=\/wp\/v2\/posts\/20209"}],"collection":[{"href":"https:\/\/chpantalya.com\/index.php?rest_route=\/wp\/v2\/posts"}],"about":[{"href":"https:\/\/chpantalya.com\/index.php?rest_route=\/wp\/v2\/types\/post"}],"author":[{"embeddable":true,"href":"https:\/\/chpantalya.com\/index.php?rest_route=\/wp\/v2\/users\/1"}],"replies":[{"embeddable":true,"href":"https:\/\/chpantalya.com\/index.php?rest_route=%2Fwp%2Fv2%2Fcomments&post=20209"}],"version-history":[{"count":0,"href":"https:\/\/chpantalya.com\/index.php?rest_route=\/wp\/v2\/posts\/20209\/revisions"}],"wp:featuredmedia":[{"embeddable":true,"href":"https:\/\/chpantalya.com\/index.php?rest_route=\/wp\/v2\/media\/20210"}],"wp:attachment":[{"href":"https:\/\/chpantalya.com\/index.php?rest_route=%2Fwp%2Fv2%2Fmedia&parent=20209"}],"wp:term":[{"taxonomy":"category","embeddable":true,"href":"https:\/\/chpantalya.com\/index.php?rest_route=%2Fwp%2Fv2%2Fcategories&post=20209"},{"taxonomy":"post_tag","embeddable":true,"href":"https:\/\/chpantalya.com\/index.php?rest_route=%2Fwp%2Fv2%2Ftags&post=20209"}],"curies":[{"name":"wp","href":"https:\/\/api.w.org\/{rel}","templated":true}]}}