{"id":20212,"date":"2020-01-24T11:28:14","date_gmt":"2020-01-24T08:28:14","guid":{"rendered":"http:\/\/chpantalya.com\/?p=20212"},"modified":"2020-01-24T16:28:34","modified_gmt":"2020-01-24T13:28:34","slug":"24-ocak-sadece-ugur-mumcunun-katledildigi-gun-degildir","status":"publish","type":"post","link":"https:\/\/chpantalya.com\/?p=20212","title":{"rendered":"24 OCAK SADECE U\u011eUR MUMCU\u2019NUN KATLED\u0130LD\u0130\u011e\u0130 G\u00dcN DE\u011e\u0130LD\u0130R"},"content":{"rendered":"<p>&nbsp;<\/p>\n<p>Bug\u00fcn 24 Ocak. Anadolu ayd\u0131nlanmas\u0131n\u0131n y\u0131lmaz kalemlerinden gazeteci \u2013 yazar U\u011fur Mumcu\u2019nun aram\u0131zdan kopar\u0131l\u0131\u015f\u0131n\u0131n 27. Y\u0131l\u0131. U\u011fur Mumcu\u2019suz ge\u00e7irdi\u011fimiz 27 y\u0131lda ya\u015fad\u0131klar\u0131m\u0131z onun verdi\u011fi m\u00fccadelenin ne kadar hakl\u0131 ve do\u011fru oldu\u011funu ne yaz\u0131k ki bizlere ispatlad\u0131. Bug\u00fcn \u00fclkemizin geldi\u011fi nokta, U\u011fur Mumcu\u2019nun, olmamas\u0131 i\u00e7in ya\u015fam\u0131n\u0131 feda etti\u011fi noktad\u0131r.<\/p>\n<p>U\u011fur Mumcu\u2019nun \u00f6ld\u00fcr\u00fclmesinin geri plan\u0131n\u0131 merak ediyorsak, onun \u00f6ld\u00fcr\u00fcld\u00fc\u011f\u00fc tarihe bakmam\u0131z yeterlidir. 24 Ocak 1980, \u00fclkemizin Cumhuriyet\u2019in bize b\u0131rakt\u0131\u011f\u0131 ekonomik miras\u0131n katledilmesinin kararlar\u0131n\u0131n al\u0131nd\u0131\u011f\u0131 g\u00fcnd\u00fcr. \u00dclkemizin b\u00fct\u00fcn de\u011ferlerini, b\u00fct\u00fcn mal varl\u0131klar\u0131n\u0131 uluslararas\u0131 sermayenin hizmetine a\u00e7mak ve bizi \u00e7ok uluslu sermayenin hizmetine vermek isteyen g\u00fc\u00e7lerin h\u00fck\u00fcmete kabul ettirdikleri ekonomik tedbirlerin uygulamaya konuldu\u011fu g\u00fcnd\u00fcr. 24 Ocak kararlar\u0131n\u0131n uygulanabilmesi ve toplumsal muhalefetin bast\u0131r\u0131lmas\u0131 i\u00e7in 12 Eyl\u00fcl karanl\u0131\u011f\u0131n\u0131 ya\u015fad\u0131k. 12 Eyl\u00fcl karanl\u0131\u011f\u0131 yeterli gelmedi, Muammer Aksoy, Bahriye \u00dc\u00e7ok, gibi ayd\u0131nlar\u0131m\u0131z\u0131 katlederek emperyalizm \u00fclkemizde fiili ter\u00f6r eylemlerine giri\u015fmi\u015ftir. \u0130\u015fte bu eylemler, \u00fclkemizin bug\u00fcn i\u00e7inde bulundu\u011fu karanl\u0131\u011fa giden yolu, \u201cIl\u0131ml\u0131 \u0130slam\u201d modelini a\u00e7m\u0131\u015ft\u0131r.<\/p>\n<p>\u0130\u015fte U\u011fur Mumcu\u2019nun katli, emperyalizmin \u00fclkemizdeki ter\u00f6r eylemlerinin doruk noktalar\u0131ndand\u0131r.<\/p>\n<p>U\u011fur Mumcu, emperyalizmin elbette hedefi olacakt\u0131r. \u00c7\u00fcnk\u00fc, \u201cYa\u015fas\u0131n Tam Ba\u011f\u0131ms\u0131z T\u00fcrkiye!\u201d demi\u015ftir.<\/p>\n<p>U\u011fur Mumcu, emperyalizmin elbette hedefi olacakt\u0131r. \u00c7\u00fcnk\u00fc, \u201cDemokratik T\u00fcrkiye!\u201d demi\u015ftir.<\/p>\n<p>U\u011fur Mumcu, emperyalizmin elbette hedefi olacakt\u0131r. \u00c7\u00fcnk\u00fc, \u201c\u00d6zg\u00fcr T\u00fcrkiye!\u201d demi\u015ftir.<\/p>\n<p>U\u011fur Mumcu, emperyalizmin elbette hedefi olacakt\u0131r. \u00c7\u00fcnk\u00fc, sistemin \u201csak\u0131ncal\u0131 piyadesi\u201d olmu\u015ftur.<\/p>\n<p>Bu hafta ayn\u0131 zamanda Adalet ve Demokrasi haftas\u0131 olarak da de\u011ferlendirilmektedir. Parrimizin &#8216;hak, hukuk, adalet&#8221; slogan\u0131 ile \u00f6zde\u015fle\u015fen m\u00fccadelesi, bu haftada daha da anlam kazanmaktad\u0131r. Bireysel hak ve \u00f6zg\u00fcrl\u00fcklerin k\u0131s\u0131tland\u0131\u011f\u0131, bas\u0131n \u00f6zg\u00fcrl\u00fc\u011f\u00fcn\u00fcn i\u00e7ler ac\u0131s\u0131 oldu\u011fu b\u00f6yle zaman diliminde U\u011fur Mumcu&#8217;yu anmak, \u00fclkenizin \u00f6zg\u00fcrl\u00fck ve demokrasi m\u00fccadelesinde \u00f6n safflarda yer almakt\u0131r. Bas\u0131n\u0131n \u00f6zg\u00fcr oldu\u011fu, insanlar\u0131n\u0131n adalete g\u00fcvendi\u011fi bir T\u00fcrkiye yaratmak, U\u011fur Mumcular\u0131n a\u00e7t\u0131\u011f\u0131 yoldan gitmekle m\u00fcmk\u00fcnd\u00fcr. Bu nedenle &#8216;hak, hukuk, adalet&#8217; slogan\u0131 bu 24 Ocak&#8217;ta daha bir anlam kazanm\u0131\u015ft\u0131r.<\/p>\n<p>Bug\u00fcn, U\u011fur Mumcu\u2019nun aram\u0131zdan ayr\u0131lmas\u0131n\u0131n 27. Y\u0131l\u0131nda, Mustafa Kemal\u2019in, Kemalist Devrim \u00f6nderlerinin, \u0130lhan Sel\u00e7uklar\u0131n, U\u011fur Mumcular\u0131n yolundan gidenler olarak diyoruz ki;<\/p>\n<p>BA\u015eARAMAYACAKSINIZ!<\/p>\n<p>TAR\u0130H\u0130N IRMA\u011eINI TERS\u0130NE AKITAMAYACAKSINIZ!<\/p>\n<p>CUMHUR\u0130YET DEVR\u0130MLER\u0130NDEN, 6 OKTAN VE AYDINLANMA YOLUNDAN BU \u00dcLKEY\u0130 \u00c7EV\u0130REMEYECEKS\u0130N\u0130Z!<\/p>\n<p>B\u0130Z MUSTAFA KEMAL\u2019\u0130N DEY\u0130M\u0130 \u0130LE \u201cTEKM\u0130L-\u0130 M\u0130LLET\u201d OLARAK, U\u011eUR MUMCU\u2019NUN MANEV\u0130 \u015eAHS\u0130YET\u0130 VE TAR\u0130H \u00d6N\u00dcNDE S\u00d6Z VER\u0130YORUZ!<\/p>\n<p>&nbsp;<\/p>\n<p>Ahmet KUMBUL<\/p>\n<p>CHP Antalya \u0130l Ba\u015fkan\u0131<\/p>\n<p>&nbsp;<\/p>\n","protected":false},"excerpt":{"rendered":"<p>&nbsp; Bug\u00fcn 24 Ocak. Anadolu ayd\u0131nlanmas\u0131n\u0131n y\u0131lmaz kalemlerinden gazeteci \u2013 yazar U\u011fur Mumcu\u2019nun aram\u0131zdan kopar\u0131l\u0131\u015f\u0131n\u0131n 27. Y\u0131l\u0131. U\u011fur Mumcu\u2019suz ge\u00e7irdi\u011fimiz 27 y\u0131lda ya\u015fad\u0131klar\u0131m\u0131z onun verdi\u011fi m\u00fccadelenin ne kadar hakl\u0131 ve do\u011fru oldu\u011funu ne yaz\u0131k ki bizlere ispatlad\u0131. Bug\u00fcn \u00fclkemizin geldi\u011fi nokta, U\u011fur Mumcu\u2019nun, olmamas\u0131 i\u00e7in ya\u015fam\u0131n\u0131 feda etti\u011fi noktad\u0131r. U\u011fur Mumcu\u2019nun \u00f6ld\u00fcr\u00fclmesinin geri plan\u0131n\u0131 merak [&hellip;]<\/p>\n","protected":false},"author":1,"featured_media":20102,"comment_status":"closed","ping_status":"open","sticky":false,"template":"","format":"standard","meta":[],"categories":[58],"tags":[],"amp_enabled":true,"_links":{"self":[{"href":"https:\/\/chpantalya.com\/index.php?rest_route=\/wp\/v2\/posts\/20212"}],"collection":[{"href":"https:\/\/chpantalya.com\/index.php?rest_route=\/wp\/v2\/posts"}],"about":[{"href":"https:\/\/chpantalya.com\/index.php?rest_route=\/wp\/v2\/types\/post"}],"author":[{"embeddable":true,"href":"https:\/\/chpantalya.com\/index.php?rest_route=\/wp\/v2\/users\/1"}],"replies":[{"embeddable":true,"href":"https:\/\/chpantalya.com\/index.php?rest_route=%2Fwp%2Fv2%2Fcomments&post=20212"}],"version-history":[{"count":0,"href":"https:\/\/chpantalya.com\/index.php?rest_route=\/wp\/v2\/posts\/20212\/revisions"}],"wp:featuredmedia":[{"embeddable":true,"href":"https:\/\/chpantalya.com\/index.php?rest_route=\/wp\/v2\/media\/20102"}],"wp:attachment":[{"href":"https:\/\/chpantalya.com\/index.php?rest_route=%2Fwp%2Fv2%2Fmedia&parent=20212"}],"wp:term":[{"taxonomy":"category","embeddable":true,"href":"https:\/\/chpantalya.com\/index.php?rest_route=%2Fwp%2Fv2%2Fcategories&post=20212"},{"taxonomy":"post_tag","embeddable":true,"href":"https:\/\/chpantalya.com\/index.php?rest_route=%2Fwp%2Fv2%2Ftags&post=20212"}],"curies":[{"name":"wp","href":"https:\/\/api.w.org\/{rel}","templated":true}]}}