{"id":20355,"date":"2020-02-14T15:51:07","date_gmt":"2020-02-14T12:51:07","guid":{"rendered":"http:\/\/chpantalya.com\/?p=20355"},"modified":"2020-02-14T15:51:07","modified_gmt":"2020-02-14T12:51:07","slug":"zeybek-ucretli-ogretmenler-kole-degildir","status":"publish","type":"post","link":"https:\/\/chpantalya.com\/?p=20355","title":{"rendered":"ZEYBEK: \u00dcCRETL\u0130 \u00d6\u011eRETMENLER K\u00d6LE DE\u011e\u0130LD\u0130R"},"content":{"rendered":"<p>CHP Antalya Milletvekili ve Adalet Komisyonu \u00dcyesi Rafet Zeybek \u0130brad\u0131\u2019daki okullardaki \u00f6\u011fretmen a\u00e7\u0131\u011f\u0131n\u0131 ve \u00fccretli \u00f6\u011fretmenlerin s\u0131k\u0131nt\u0131lar\u0131n\u0131 verdi\u011fi soru \u00f6nergeleri ile TBMM\u2019ye ta\u015f\u0131d\u0131.<\/p>\n<p><strong>\u0130BRADI\u2019DA \u00d6\u011eRETMEN A\u00c7I\u011eI VAR<\/strong><\/p>\n<p>CHP Antalya Milletvekili Zeybek, Milli E\u011fitim Bakan\u0131 Sel\u00e7uk taraf\u0131ndan cevaplanmas\u0131 istemiyle \u0130brad\u0131\u2019daki \u00f6\u011fretmen a\u00e7\u0131\u011f\u0131n\u0131, \u00fccretli \u00f6\u011fretmenlerin sorunlar\u0131n\u0131 i\u00e7eren iki yaz\u0131l\u0131 soru \u00f6nergesi verdi. CHP\u2019li Zeybek \u0130brad\u0131\u2019da Nafize Y\u0131lmaz \u0130pek \u0130lk\u00f6\u011fretim Okulu ve Mustafa Nazmi Demir\u00f6z \u0130lk\u00f6\u011fretim Okulu\u2019nda \u00f6\u011fretmen eksikli\u011fi oldu\u011funu aktard\u0131\u011f\u0131 \u00f6nergede, bu okullardaki \u00f6\u011fretmen eksikliklerinin ne zaman giderilece\u011fi ve Antalya genelindeki \u00f6\u011fretmen a\u00e7\u0131\u011f\u0131n\u0131 sordu.<\/p>\n<p><strong>\u00dcCRETL\u0130 \u00d6\u011eRETMENLER K\u00d6LE DE\u011e\u0130LD\u0130R<\/strong><\/p>\n<p>CHP Antalya Milletvekili Rafet Zeybek verdi\u011fi di\u011fer soru \u00f6nergesinde Antalya\u2019daki \u00fccretli \u00f6\u011fretmen say\u0131s\u0131n\u0131 ve \u00fccretli \u00f6\u011fretmenlerin ya\u015fad\u0131klar\u0131 s\u0131k\u0131nt\u0131lara bakanl\u0131k taraf\u0131ndan bir \u00e7\u00f6z\u00fcm bulunup bulunmayaca\u011f\u0131n\u0131 sordu. CHP\u2019li Zeybek verdi\u011fi soru \u00f6nergeleri sonras\u0131 yapt\u0131\u011f\u0131 a\u00e7\u0131klamada \u015fu ifadeleri kulland\u0131; \u201c\u00dccretli \u00f6\u011fretmenlerin ald\u0131klar\u0131 \u00fccretler baz\u0131 zamanlarda asgari \u00fccretinde alt\u0131nda olmakta, devlet kendi koydu\u011fu kurallara ayk\u0131r\u0131 olarak insan \u00e7al\u0131\u015ft\u0131ramaz. \u00dccretli \u00f6\u011fretmenlerimizin sorunlar\u0131ndan bizlere gelenler aras\u0131nda bir ay \u00e7al\u0131\u015ft\u0131r\u0131lmalar\u0131na ra\u011fmen daha az sigorta prim g\u00fcn\u00fc \u00f6denenler oldu\u011fudur, bu vahim iddialara \u00f6nergemizde yer yerdik, bu sorunlara acilen \u00e7\u00f6z\u00fcm bulunmal\u0131d\u0131r, ancak tek kal\u0131c\u0131 \u00e7\u00f6z\u00fcm atanamayan ve say\u0131lar\u0131 her ge\u00e7en g\u00fcn artan \u00f6\u011fretmenlerimizin atamalar\u0131n\u0131n derhal yap\u0131lmas\u0131d\u0131r.\u201d<\/p>\n<p><strong>E\u011e\u0130T\u0130MDE TASARRUF OLMAZ<\/strong><\/p>\n<p>CHP\u2019li Zeybek verdi\u011fi \u00f6nergede, Antalya ba\u015fta olmak \u00fczere bir\u00e7ok okulda derslere \u00f6\u011fretmenler yerine cami imamlar\u0131n\u0131n girdi\u011fi iddialar\u0131na de\u011findi, \u201cDin K\u00fclt\u00fcr\u00fc ve Ahlak Bilgisi dersleri d\u0131\u015f\u0131nda, ba\u015fka derslere de \u00f6\u011fretmen a\u00e7\u0131\u011f\u0131 nedeniyle cami imamlar\u0131n\u0131n girdi\u011fine dair gelen bilgiler a\u00e7\u0131kl\u0131\u011fa kavu\u015fturulmal\u0131d\u0131r. Bu iddialar do\u011fru ise y\u00fczbinlerce gencimizin atama bekledi\u011fi ortamda, bu uygulama ile tasarruf ama\u00e7lanmakta ise, e\u011fitimde tasarruf olmayaca\u011f\u0131n\u0131 tekrar hat\u0131rlatmak zorunday\u0131z.\u201d ifadesini kullanan CHP\u2019li Zeybek \u00f6\u011fretmen a\u00e7\u0131klar\u0131n\u0131n kapanmas\u0131 ve y\u00fczbinlerce \u00f6\u011fretmenin atamas\u0131n\u0131n yap\u0131larak, bilimsel ve \u00e7a\u011fda\u015f e\u011fitim kriterlerine sahip e\u011fitim seferberli\u011finin ba\u015flamas\u0131 gerekti\u011fini vurgulad\u0131.<\/p>\n","protected":false},"excerpt":{"rendered":"<p>CHP Antalya Milletvekili ve Adalet Komisyonu \u00dcyesi Rafet Zeybek \u0130brad\u0131\u2019daki okullardaki \u00f6\u011fretmen a\u00e7\u0131\u011f\u0131n\u0131 ve \u00fccretli \u00f6\u011fretmenlerin s\u0131k\u0131nt\u0131lar\u0131n\u0131 verdi\u011fi soru \u00f6nergeleri ile TBMM\u2019ye ta\u015f\u0131d\u0131. \u0130BRADI\u2019DA \u00d6\u011eRETMEN A\u00c7I\u011eI VAR CHP Antalya Milletvekili Zeybek, Milli E\u011fitim Bakan\u0131 Sel\u00e7uk taraf\u0131ndan cevaplanmas\u0131 istemiyle \u0130brad\u0131\u2019daki \u00f6\u011fretmen a\u00e7\u0131\u011f\u0131n\u0131, \u00fccretli \u00f6\u011fretmenlerin sorunlar\u0131n\u0131 i\u00e7eren iki yaz\u0131l\u0131 soru \u00f6nergesi verdi. CHP\u2019li Zeybek \u0130brad\u0131\u2019da Nafize Y\u0131lmaz [&hellip;]<\/p>\n","protected":false},"author":1,"featured_media":20071,"comment_status":"closed","ping_status":"open","sticky":false,"template":"","format":"standard","meta":[],"categories":[62],"tags":[],"amp_enabled":true,"_links":{"self":[{"href":"https:\/\/chpantalya.com\/index.php?rest_route=\/wp\/v2\/posts\/20355"}],"collection":[{"href":"https:\/\/chpantalya.com\/index.php?rest_route=\/wp\/v2\/posts"}],"about":[{"href":"https:\/\/chpantalya.com\/index.php?rest_route=\/wp\/v2\/types\/post"}],"author":[{"embeddable":true,"href":"https:\/\/chpantalya.com\/index.php?rest_route=\/wp\/v2\/users\/1"}],"replies":[{"embeddable":true,"href":"https:\/\/chpantalya.com\/index.php?rest_route=%2Fwp%2Fv2%2Fcomments&post=20355"}],"version-history":[{"count":0,"href":"https:\/\/chpantalya.com\/index.php?rest_route=\/wp\/v2\/posts\/20355\/revisions"}],"wp:featuredmedia":[{"embeddable":true,"href":"https:\/\/chpantalya.com\/index.php?rest_route=\/wp\/v2\/media\/20071"}],"wp:attachment":[{"href":"https:\/\/chpantalya.com\/index.php?rest_route=%2Fwp%2Fv2%2Fmedia&parent=20355"}],"wp:term":[{"taxonomy":"category","embeddable":true,"href":"https:\/\/chpantalya.com\/index.php?rest_route=%2Fwp%2Fv2%2Fcategories&post=20355"},{"taxonomy":"post_tag","embeddable":true,"href":"https:\/\/chpantalya.com\/index.php?rest_route=%2Fwp%2Fv2%2Ftags&post=20355"}],"curies":[{"name":"wp","href":"https:\/\/api.w.org\/{rel}","templated":true}]}}