{"id":20548,"date":"2020-02-21T18:00:41","date_gmt":"2020-02-21T15:00:41","guid":{"rendered":"http:\/\/chpantalya.com\/?p=20548"},"modified":"2020-02-21T18:00:41","modified_gmt":"2020-02-21T15:00:41","slug":"mermer-ocagi-istemiyoruz-bu-israr-neden","status":"publish","type":"post","link":"https:\/\/chpantalya.com\/?p=20548","title":{"rendered":"\u201cMermer Oca\u011f\u0131 \u0130stemiyoruz. Bu Israr Neden?\u201d"},"content":{"rendered":"<p>CHP Antalya Milletvekili Av.Cavit Ar\u0131, hem Enerji ve Tabii Kaynaklar Bakan\u0131 Fatih D\u00f6nmez\u2019e hem de \u00c7evre ve \u015eehircilik Bakan\u0131 Murat Kurum\u2019a Antalya \u0130li, G\u00fcndo\u011fmu\u015f \u0130l\u00e7esi, G\u00fcneyyaka Mahallesindeki vatanda\u015flar\u0131m\u0131z\u0131n m\u00fccadelesi sonucunda daha \u00f6nce iptal edilen 2 adet mermer oca\u011f\u0131n\u0131n a\u00e7\u0131lmas\u0131na, yeniden ba\u015flat\u0131lan \u00c7ED raporu s\u00fcreci ile neden \u0131srar edildi\u011fini sordu.<\/p>\n<p>Konuya ili\u015fkin 20.02.2020 tarihli soru \u00f6nergelerinde Antalya \u0130li, G\u00fcndo\u011fmu\u015f \u0130l\u00e7esi, G\u00fcneyyaka Mahallesindeki vatanda\u015flar\u0131m\u0131z\u0131n m\u00fccadelesi sonucunda iptal edilen 2 adet mermer oca\u011f\u0131 projesi i\u00e7in yeniden \u00c7ED raporu s\u00fcrecinin ba\u015flat\u0131ld\u0131\u011f\u0131n\u0131 \u00fcz\u00fclerek \u00f6\u011frenmi\u015f bulunmaktay\u0131z. \u00a0Konu mermer ocaklar\u0131, yan yana ayn\u0131 mevkide bulunan Ottomon Grey Madencilik \u0130n\u015f. San. Ve Tic. Ltd. \u015eti. ad\u0131na kay\u0131tl\u0131 AR:201900763 (ER:3383681) ruhsat numaral\u0131 mermer oca\u011f\u0131 sahas\u0131 ile Seki Mermer \u0130n\u015f. San. Ve Tic. Ltd. \u015eti. ad\u0131na kay\u0131tl\u0131 AR:201901292 (ER:3383680) ruhsat numaral\u0131 mermer ocaklar\u0131d\u0131r diyen Ar\u0131 \u201cMermer oca\u011f\u0131 a\u00e7\u0131lmas\u0131nda \u0131srar edilen b\u00f6lge, do\u011fas\u0131, deresi, ye\u015filiyle yurdumuzun cennet k\u00f6\u015felerinden birisidir. B\u00f6lge ayn\u0131 zamanda \u201cYaban Hayat\u0131 Geli\u015ftirme Sahas\u0131\u201d i\u00e7inde yer almaktad\u0131r. Burada insanlar y\u00fczy\u0131llard\u0131r tar\u0131m yapmaktad\u0131r. \u00dcz\u00fcm, zeytin ve ceviz yeti\u015ftirmektedir. Ayn\u0131 zamanda elliye yak\u0131n endemik bitki t\u00fcr\u00fc de mevcuttur. Buras\u0131 Side ve Aspendos\u2019tan sonra en b\u00fcy\u00fck yerle\u015fim b\u00f6lgesiymi\u015f. Yani arkeolojik anlamda da bir sit alan\u0131d\u0131r. A\u00e7\u0131lmak istenilen ocak bu sit alan\u0131na 300 metre uzakl\u0131ktad\u0131r. Alanda ayn\u0131 zamanda eski \u00e7a\u011flara ait ma\u011faralar vard\u0131r. Mermer oca\u011f\u0131n\u0131n a\u00e7\u0131lmas\u0131 halinde r\u00fczg\u00e2rla gelecek mermer tozlar\u0131n\u0131n halk sa\u011fl\u0131\u011f\u0131 ba\u015fta olmak \u00fczere tar\u0131m \u00fcretimini ve i\u00e7me suyu kaynaklar\u0131n\u0131 olumsuz etkileyece\u011fi, yaban hayata ve sit alanlar\u0131na zarar verece\u011fi kesindir. Do\u011fas\u0131 ile k\u00fclt\u00fcrel zenginli\u011fi ile adeta cennetten bir k\u00f6\u015fe olan G\u00fcneyyaka\u2019ya \u2018mermer oca\u011f\u0131 yapaca\u011f\u0131z\u2019 diye dayatmak tek kelime ile akla ziyand\u0131r.\u201d dedi.<\/p>\n<p>Yaz\u0131l\u0131 soru \u00f6nergesinde \u201cB\u00f6lge halk\u0131n\u0131n sa\u011fl\u0131\u011f\u0131 ba\u015fta olmak \u00fczere, tar\u0131m, i\u00e7me suyu, yabani hayat ve sit alanlar\u0131na zarar verece\u011fi kesin olan ve daha \u00f6nce de iptal edilen projelerin yap\u0131m\u0131nda neden \u0131srar edilmektedir? S\u00f6z konusu projelerin getirisi b\u00f6lge halk\u0131n\u0131n sa\u011fl\u0131\u011f\u0131ndan daha m\u0131 de\u011ferli g\u00f6r\u00fclmektedir?\u201d sorular\u0131n\u0131 y\u00f6nelterek konuyu meclis g\u00fcndemine ta\u015f\u0131d\u0131.<\/p>\n","protected":false},"excerpt":{"rendered":"<p>CHP Antalya Milletvekili Av.Cavit Ar\u0131, hem Enerji ve Tabii Kaynaklar Bakan\u0131 Fatih D\u00f6nmez\u2019e hem de \u00c7evre ve \u015eehircilik Bakan\u0131 Murat Kurum\u2019a Antalya \u0130li, G\u00fcndo\u011fmu\u015f \u0130l\u00e7esi, G\u00fcneyyaka Mahallesindeki vatanda\u015flar\u0131m\u0131z\u0131n m\u00fccadelesi sonucunda daha \u00f6nce iptal edilen 2 adet mermer oca\u011f\u0131n\u0131n a\u00e7\u0131lmas\u0131na, yeniden ba\u015flat\u0131lan \u00c7ED raporu s\u00fcreci ile neden \u0131srar edildi\u011fini sordu. Konuya ili\u015fkin 20.02.2020 tarihli soru \u00f6nergelerinde [&hellip;]<\/p>\n","protected":false},"author":1,"featured_media":20210,"comment_status":"closed","ping_status":"open","sticky":false,"template":"","format":"standard","meta":[],"categories":[63],"tags":[],"amp_enabled":true,"_links":{"self":[{"href":"https:\/\/chpantalya.com\/index.php?rest_route=\/wp\/v2\/posts\/20548"}],"collection":[{"href":"https:\/\/chpantalya.com\/index.php?rest_route=\/wp\/v2\/posts"}],"about":[{"href":"https:\/\/chpantalya.com\/index.php?rest_route=\/wp\/v2\/types\/post"}],"author":[{"embeddable":true,"href":"https:\/\/chpantalya.com\/index.php?rest_route=\/wp\/v2\/users\/1"}],"replies":[{"embeddable":true,"href":"https:\/\/chpantalya.com\/index.php?rest_route=%2Fwp%2Fv2%2Fcomments&post=20548"}],"version-history":[{"count":0,"href":"https:\/\/chpantalya.com\/index.php?rest_route=\/wp\/v2\/posts\/20548\/revisions"}],"wp:featuredmedia":[{"embeddable":true,"href":"https:\/\/chpantalya.com\/index.php?rest_route=\/wp\/v2\/media\/20210"}],"wp:attachment":[{"href":"https:\/\/chpantalya.com\/index.php?rest_route=%2Fwp%2Fv2%2Fmedia&parent=20548"}],"wp:term":[{"taxonomy":"category","embeddable":true,"href":"https:\/\/chpantalya.com\/index.php?rest_route=%2Fwp%2Fv2%2Fcategories&post=20548"},{"taxonomy":"post_tag","embeddable":true,"href":"https:\/\/chpantalya.com\/index.php?rest_route=%2Fwp%2Fv2%2Ftags&post=20548"}],"curies":[{"name":"wp","href":"https:\/\/api.w.org\/{rel}","templated":true}]}}