{"id":20573,"date":"2020-02-24T14:34:32","date_gmt":"2020-02-24T11:34:32","guid":{"rendered":"http:\/\/chpantalya.com\/?p=20573"},"modified":"2020-02-24T14:34:45","modified_gmt":"2020-02-24T11:34:45","slug":"bayardan-komur-madenine-direnen-derekoye-destek","status":"publish","type":"post","link":"https:\/\/chpantalya.com\/?p=20573","title":{"rendered":"BAYAR\u2019DAN K\u00d6M\u00dcR MADEN\u0130NE D\u0130RENEN DEREK\u00d6Y\u2019E DESTEK"},"content":{"rendered":"<p>CHP Antalya \u0130l Ba\u015fkan\u0131 Nusret Bayar, Korkuteli il\u00e7esine ba\u011fl\u0131 Derek\u00f6y Yayla Mevkisi\u2019nde a\u00e7\u0131lmak istenen k\u00f6m\u00fcr madenine kar\u015f\u0131 direnen Derek\u00f6yl\u00fclere destek vermek i\u00e7in protesto eylemlerine kat\u0131ld\u0131<\/p>\n<p>Korkuteli il\u00e7esine ba\u011fl\u0131 Derek\u00f6y Yayla Mevkisi\u2019nde a\u00e7\u0131lmak istenen k\u00f6m\u00fcr madenine tepki g\u00f6steren Derek\u00f6yl\u00fc vatanda\u015flar, k\u00f6y meydan\u0131nda bir protesto eylemi ger\u00e7ekle\u015ftirdi. Tar\u0131m arazilerine k\u00f6m\u00fcr madeni a\u00e7\u0131lmas\u0131n\u0131 istemeyen Derek\u00f6yl\u00fcler, k\u00f6m\u00fcr madenlerinin topra\u011f\u0131n verimlili\u011fini azaltaca\u011f\u0131n\u0131, su kaynaklar\u0131n\u0131 t\u00fcketece\u011fini, tar\u0131m ve hayvanc\u0131l\u0131k faaliyetlerine zarar verece\u011fini d\u00fc\u015f\u00fcnd\u00fckleri i\u00e7in daha \u00f6nce Korkuteli Kaymakaml\u0131\u011f\u0131\u2019na 356 adet dilek\u00e7eyle ba\u015fvuru yapt\u0131. Sonras\u0131nda Derek\u00f6y k\u00f6y meydan\u0131nda d\u00fczenlenen protesto eylemlerine, Cumhuriyet Halk Partisi Antalya \u0130l Ba\u015fkan\u0131 Nusret Bayar ve Korkuteli \u0130l\u00e7e Ba\u015fkan\u0131 Y\u0131ld\u0131ray \u00c7\u0131ld\u0131r da kat\u0131l\u0131m sa\u011flayarak destek verdi.<\/p>\n<p>Pazar g\u00fcn\u00fc d\u00fczenlenen etkinli\u011fe y\u00f6netim kurulu \u00fcyeleriyle birlikte kat\u0131lan Ba\u015fkan Bayar, yerel halk\u0131n topraklar\u0131 i\u00e7in verdikleri m\u00fccadelede yanlar\u0131nda oldu\u011funu ifade etti. Bayar, \u201cTabii ki maddi problemleri ve ihtiya\u00e7lar\u0131 do\u011frultusunda arazilerini paraya \u00e7eviren vatanda\u015flar\u0131m\u0131z\u0131 da anlayabiliyorum. Bu vatanda\u015flar\u0131m\u0131z\u0131n topraklar\u0131ndan feragat etmelerine neden olan yanl\u0131\u015f ekonomik politikalar\u0131n kar\u015f\u0131s\u0131nda nas\u0131l duruyorsak, topraklar\u0131ndan vazge\u00e7mek istemeyen vatanda\u015flar\u0131m\u0131z\u0131n m\u00fccadelelerine de o kadar destek olaca\u011f\u0131z. Burada insanlar\u0131n kayg\u0131lar\u0131 \u00e7ocuklar\u0131na, torunlar\u0131na, \u00fclkelerine b\u0131rakacaklar\u0131 en b\u00fcy\u00fck miraslar\u0131 olan tar\u0131m arazileri, topraklar\u0131d\u0131r. T\u00fcrkiye\u2019nin en verimli tar\u0131m arazilerinden olan Korkuteli yaylalar\u0131n\u0131 sermaye sahiplerinin bask\u0131lar\u0131na, k\u00f6m\u00fcr madenlerine teslim etmeyen Derek\u00f6yl\u00fc vatanda\u015flar\u0131m\u0131z\u0131n her daim arkas\u0131nda duraca\u011f\u0131z. B\u00f6yle bir durumda \u00e7ift\u00e7iye, k\u00f6yl\u00fcye destek vermek politik bir duru\u015ftan ziyade vatani bir g\u00f6revdir. Ulu \u00d6nder Mustafa Kemal Atat\u00fcrk\u2019\u00fcn de dedi\u011fi gibi, k\u00f6yl\u00fc milletin efendisidir\u201d \u015feklinde konu\u015ftu.<\/p>\n\r\n                <style type=\"text\/css\">\r\n                    \r\n                    #tdi_1  .td-doubleSlider-2 .td-item1 {\r\n                        background: url(https:\/\/chpantalya.com\/wp-content\/uploads\/2020\/02\/BAYAR\u2019DAN-K\u00d6M\u00dcR-MADEN\u0130NE-D\u0130RENEN-DEREK\u00d6Y\u2019E-DESTEK-1-160x120.jpg) 0 0 no-repeat;\r\n                    }\r\n                    #tdi_1  .td-doubleSlider-2 .td-item2 {\r\n                        background: url(https:\/\/chpantalya.com\/wp-content\/uploads\/2020\/02\/BAYAR\u2019DAN-K\u00d6M\u00dcR-MADEN\u0130NE-D\u0130RENEN-DEREK\u00d6Y\u2019E-DESTEK-2-160x120.jpg) 0 0 no-repeat;\r\n                    }\r\n                    #tdi_1  .td-doubleSlider-2 .td-item3 {\r\n                        background: url(https:\/\/chpantalya.com\/wp-content\/uploads\/2020\/02\/BAYAR\u2019DAN-K\u00d6M\u00dcR-MADEN\u0130NE-D\u0130RENEN-DEREK\u00d6Y\u2019E-DESTEK-3-160x120.jpg) 0 0 no-repeat;\r\n                    }\r\n                    #tdi_1  .td-doubleSlider-2 .td-item4 {\r\n                        background: url(https:\/\/chpantalya.com\/wp-content\/uploads\/2020\/02\/BAYAR\u2019DAN-K\u00d6M\u00dcR-MADEN\u0130NE-D\u0130RENEN-DEREK\u00d6Y\u2019E-DESTEK-4-160x120.jpg) 0 0 no-repeat;\r\n                    }\r\n                    #tdi_1  .td-doubleSlider-2 .td-item5 {\r\n                        background: url(https:\/\/chpantalya.com\/wp-content\/uploads\/2020\/02\/BAYAR\u2019DAN-K\u00d6M\u00dcR-MADEN\u0130NE-D\u0130RENEN-DEREK\u00d6Y\u2019E-DESTEK-5-160x120.jpg) 0 0 no-repeat;\r\n                    }\r\n                <\/style>\r\n\r\n                <div id=\"tdi_1\" class=\"td-gallery td-slide-on-2-columns\">\r\n                    <div class=\"post_td_gallery\">\r\n                        <div class=\"td-gallery-slide-top\">\r\n                           <div class=\"td-gallery-title\"><\/div>\r\n\r\n                            <div class=\"td-gallery-controls-wrapper\">\r\n                                <div class=\"td-gallery-slide-count\"><span class=\"td-gallery-slide-item-focus\">1<\/span> - 5<\/div>\r\n                                <div class=\"td-gallery-slide-prev-next-but\">\r\n                                    <i class = \"td-icon-left doubleSliderPrevButton\"><\/i>\r\n                                    <i class = \"td-icon-right doubleSliderNextButton\"><\/i>\r\n                                <\/div>\r\n                            <\/div>\r\n                        <\/div>\r\n\r\n                        <div class = \"td-doubleSlider-1 \">\r\n                            <div class = \"td-slider\">\r\n                                \r\n                    <div class = \"td-slide-item td-item1\">\r\n                        <figure class=\"td-slide-galery-figure td-slide-popup-gallery\">\r\n                            <a class=\"slide-gallery-image-link\" href=\"https:\/\/chpantalya.com\/wp-content\/uploads\/2020\/02\/BAYAR\u2019DAN-K\u00d6M\u00dcR-MADEN\u0130NE-D\u0130RENEN-DEREK\u00d6Y\u2019E-DESTEK-1.jpg\" title=\"BAYAR\u2019DAN K\u00d6M\u00dcR MADEN\u0130NE D\u0130RENEN DEREK\u00d6Y\u2019E DESTEK (1)\"  data-caption=\"\"  data-description=\"\">\r\n                                <img src=\"https:\/\/chpantalya.com\/wp-content\/uploads\/2020\/02\/BAYAR\u2019DAN-K\u00d6M\u00dcR-MADEN\u0130NE-D\u0130RENEN-DEREK\u00d6Y\u2019E-DESTEK-1-630x420.jpg\" srcset=\"https:\/\/chpantalya.com\/wp-content\/uploads\/2020\/02\/BAYAR\u2019DAN-K\u00d6M\u00dcR-MADEN\u0130NE-D\u0130RENEN-DEREK\u00d6Y\u2019E-DESTEK-1-630x420.jpg 420w, https:\/\/chpantalya.com\/wp-content\/uploads\/2020\/02\/BAYAR\u2019DAN-K\u00d6M\u00dcR-MADEN\u0130NE-D\u0130RENEN-DEREK\u00d6Y\u2019E-DESTEK-1-1261x840.jpg 840w\" sizes=\"(-webkit-min-device-pixel-ratio: 2) 840px, (min-resolution: 192dpi) 840px, 420px\" alt=\"\">\r\n                            <\/a>\r\n                            \r\n                        <\/figure>\r\n                    <\/div>\r\n                    <div class = \"td-slide-item td-item2\">\r\n                        <figure class=\"td-slide-galery-figure td-slide-popup-gallery\">\r\n                            <a class=\"slide-gallery-image-link\" href=\"https:\/\/chpantalya.com\/wp-content\/uploads\/2020\/02\/BAYAR\u2019DAN-K\u00d6M\u00dcR-MADEN\u0130NE-D\u0130RENEN-DEREK\u00d6Y\u2019E-DESTEK-2.jpg\" title=\"BAYAR\u2019DAN K\u00d6M\u00dcR MADEN\u0130NE D\u0130RENEN DEREK\u00d6Y\u2019E DESTEK (2)\"  data-caption=\"\"  data-description=\"\">\r\n                                <img src=\"https:\/\/chpantalya.com\/wp-content\/uploads\/2020\/02\/BAYAR\u2019DAN-K\u00d6M\u00dcR-MADEN\u0130NE-D\u0130RENEN-DEREK\u00d6Y\u2019E-DESTEK-2-630x420.jpg\" srcset=\"https:\/\/chpantalya.com\/wp-content\/uploads\/2020\/02\/BAYAR\u2019DAN-K\u00d6M\u00dcR-MADEN\u0130NE-D\u0130RENEN-DEREK\u00d6Y\u2019E-DESTEK-2-630x420.jpg 420w, https:\/\/chpantalya.com\/wp-content\/uploads\/2020\/02\/BAYAR\u2019DAN-K\u00d6M\u00dcR-MADEN\u0130NE-D\u0130RENEN-DEREK\u00d6Y\u2019E-DESTEK-2-1261x840.jpg 840w\" sizes=\"(-webkit-min-device-pixel-ratio: 2) 840px, (min-resolution: 192dpi) 840px, 420px\" alt=\"\">\r\n                            <\/a>\r\n                            \r\n                        <\/figure>\r\n                    <\/div>\r\n                    <div class = \"td-slide-item td-item3\">\r\n                        <figure class=\"td-slide-galery-figure td-slide-popup-gallery\">\r\n                            <a class=\"slide-gallery-image-link\" href=\"https:\/\/chpantalya.com\/wp-content\/uploads\/2020\/02\/BAYAR\u2019DAN-K\u00d6M\u00dcR-MADEN\u0130NE-D\u0130RENEN-DEREK\u00d6Y\u2019E-DESTEK-3.jpg\" title=\"BAYAR\u2019DAN K\u00d6M\u00dcR MADEN\u0130NE D\u0130RENEN DEREK\u00d6Y\u2019E DESTEK (3)\"  data-caption=\"\"  data-description=\"\">\r\n                                <img src=\"https:\/\/chpantalya.com\/wp-content\/uploads\/2020\/02\/BAYAR\u2019DAN-K\u00d6M\u00dcR-MADEN\u0130NE-D\u0130RENEN-DEREK\u00d6Y\u2019E-DESTEK-3-630x420.jpg\" srcset=\"https:\/\/chpantalya.com\/wp-content\/uploads\/2020\/02\/BAYAR\u2019DAN-K\u00d6M\u00dcR-MADEN\u0130NE-D\u0130RENEN-DEREK\u00d6Y\u2019E-DESTEK-3-630x420.jpg 420w, https:\/\/chpantalya.com\/wp-content\/uploads\/2020\/02\/BAYAR\u2019DAN-K\u00d6M\u00dcR-MADEN\u0130NE-D\u0130RENEN-DEREK\u00d6Y\u2019E-DESTEK-3-1261x840.jpg 840w\" sizes=\"(-webkit-min-device-pixel-ratio: 2) 840px, (min-resolution: 192dpi) 840px, 420px\" alt=\"\">\r\n                            <\/a>\r\n                            \r\n                        <\/figure>\r\n                    <\/div>\r\n                    <div class = \"td-slide-item td-item4\">\r\n                        <figure class=\"td-slide-galery-figure td-slide-popup-gallery\">\r\n                            <a class=\"slide-gallery-image-link\" href=\"https:\/\/chpantalya.com\/wp-content\/uploads\/2020\/02\/BAYAR\u2019DAN-K\u00d6M\u00dcR-MADEN\u0130NE-D\u0130RENEN-DEREK\u00d6Y\u2019E-DESTEK-4.jpg\" title=\"BAYAR\u2019DAN K\u00d6M\u00dcR MADEN\u0130NE D\u0130RENEN DEREK\u00d6Y\u2019E DESTEK (4)\"  data-caption=\"\"  data-description=\"\">\r\n                                <img src=\"https:\/\/chpantalya.com\/wp-content\/uploads\/2020\/02\/BAYAR\u2019DAN-K\u00d6M\u00dcR-MADEN\u0130NE-D\u0130RENEN-DEREK\u00d6Y\u2019E-DESTEK-4-630x420.jpg\" srcset=\"https:\/\/chpantalya.com\/wp-content\/uploads\/2020\/02\/BAYAR\u2019DAN-K\u00d6M\u00dcR-MADEN\u0130NE-D\u0130RENEN-DEREK\u00d6Y\u2019E-DESTEK-4-630x420.jpg 420w, https:\/\/chpantalya.com\/wp-content\/uploads\/2020\/02\/BAYAR\u2019DAN-K\u00d6M\u00dcR-MADEN\u0130NE-D\u0130RENEN-DEREK\u00d6Y\u2019E-DESTEK-4-1261x840.jpg 840w\" sizes=\"(-webkit-min-device-pixel-ratio: 2) 840px, (min-resolution: 192dpi) 840px, 420px\" alt=\"\">\r\n                            <\/a>\r\n                            \r\n                        <\/figure>\r\n                    <\/div>\r\n                    <div class = \"td-slide-item td-item5\">\r\n                        <figure class=\"td-slide-galery-figure td-slide-popup-gallery\">\r\n                            <a class=\"slide-gallery-image-link\" href=\"https:\/\/chpantalya.com\/wp-content\/uploads\/2020\/02\/BAYAR\u2019DAN-K\u00d6M\u00dcR-MADEN\u0130NE-D\u0130RENEN-DEREK\u00d6Y\u2019E-DESTEK-5.jpg\" title=\"BAYAR\u2019DAN K\u00d6M\u00dcR MADEN\u0130NE D\u0130RENEN DEREK\u00d6Y\u2019E DESTEK (5)\"  data-caption=\"\"  data-description=\"\">\r\n                                <img src=\"https:\/\/chpantalya.com\/wp-content\/uploads\/2020\/02\/BAYAR\u2019DAN-K\u00d6M\u00dcR-MADEN\u0130NE-D\u0130RENEN-DEREK\u00d6Y\u2019E-DESTEK-5-630x420.jpg\" srcset=\"https:\/\/chpantalya.com\/wp-content\/uploads\/2020\/02\/BAYAR\u2019DAN-K\u00d6M\u00dcR-MADEN\u0130NE-D\u0130RENEN-DEREK\u00d6Y\u2019E-DESTEK-5-630x420.jpg 420w, https:\/\/chpantalya.com\/wp-content\/uploads\/2020\/02\/BAYAR\u2019DAN-K\u00d6M\u00dcR-MADEN\u0130NE-D\u0130RENEN-DEREK\u00d6Y\u2019E-DESTEK-5-1261x840.jpg 840w\" sizes=\"(-webkit-min-device-pixel-ratio: 2) 840px, (min-resolution: 192dpi) 840px, 420px\" alt=\"\">\r\n                            <\/a>\r\n                            \r\n                        <\/figure>\r\n                    <\/div>\r\n                            <\/div>\r\n                        <\/div>\r\n\r\n                        <div class = \"td-doubleSlider-2\">\r\n                            <div class = \"td-slider\">\r\n                                \r\n                    <div class = \"td-button td-item1\">\r\n                        <div class = \"td-border\"><\/div>\r\n                    <\/div>\r\n                    <div class = \"td-button td-item2\">\r\n                        <div class = \"td-border\"><\/div>\r\n                    <\/div>\r\n                    <div class = \"td-button td-item3\">\r\n                        <div class = \"td-border\"><\/div>\r\n                    <\/div>\r\n                    <div class = \"td-button td-item4\">\r\n                        <div class = \"td-border\"><\/div>\r\n                    <\/div>\r\n                    <div class = \"td-button td-item5\">\r\n                        <div class = \"td-border\"><\/div>\r\n                    <\/div>\r\n                            <\/div>\r\n                        <\/div>\r\n\r\n                    <\/div>\r\n\r\n                <\/div>\r\n                \n","protected":false},"excerpt":{"rendered":"<p>CHP Antalya \u0130l Ba\u015fkan\u0131 Nusret Bayar, Korkuteli il\u00e7esine ba\u011fl\u0131 Derek\u00f6y Yayla Mevkisi\u2019nde a\u00e7\u0131lmak istenen k\u00f6m\u00fcr madenine kar\u015f\u0131 direnen Derek\u00f6yl\u00fclere destek vermek i\u00e7in protesto eylemlerine kat\u0131ld\u0131 Korkuteli il\u00e7esine ba\u011fl\u0131 Derek\u00f6y Yayla Mevkisi\u2019nde a\u00e7\u0131lmak istenen k\u00f6m\u00fcr madenine tepki g\u00f6steren Derek\u00f6yl\u00fc vatanda\u015flar, k\u00f6y meydan\u0131nda bir protesto eylemi ger\u00e7ekle\u015ftirdi. Tar\u0131m arazilerine k\u00f6m\u00fcr madeni a\u00e7\u0131lmas\u0131n\u0131 istemeyen Derek\u00f6yl\u00fcler, k\u00f6m\u00fcr madenlerinin topra\u011f\u0131n [&hellip;]<\/p>\n","protected":false},"author":1,"featured_media":20577,"comment_status":"closed","ping_status":"open","sticky":false,"template":"","format":"standard","meta":[],"categories":[58,1],"tags":[],"amp_enabled":true,"_links":{"self":[{"href":"https:\/\/chpantalya.com\/index.php?rest_route=\/wp\/v2\/posts\/20573"}],"collection":[{"href":"https:\/\/chpantalya.com\/index.php?rest_route=\/wp\/v2\/posts"}],"about":[{"href":"https:\/\/chpantalya.com\/index.php?rest_route=\/wp\/v2\/types\/post"}],"author":[{"embeddable":true,"href":"https:\/\/chpantalya.com\/index.php?rest_route=\/wp\/v2\/users\/1"}],"replies":[{"embeddable":true,"href":"https:\/\/chpantalya.com\/index.php?rest_route=%2Fwp%2Fv2%2Fcomments&post=20573"}],"version-history":[{"count":0,"href":"https:\/\/chpantalya.com\/index.php?rest_route=\/wp\/v2\/posts\/20573\/revisions"}],"wp:featuredmedia":[{"embeddable":true,"href":"https:\/\/chpantalya.com\/index.php?rest_route=\/wp\/v2\/media\/20577"}],"wp:attachment":[{"href":"https:\/\/chpantalya.com\/index.php?rest_route=%2Fwp%2Fv2%2Fmedia&parent=20573"}],"wp:term":[{"taxonomy":"category","embeddable":true,"href":"https:\/\/chpantalya.com\/index.php?rest_route=%2Fwp%2Fv2%2Fcategories&post=20573"},{"taxonomy":"post_tag","embeddable":true,"href":"https:\/\/chpantalya.com\/index.php?rest_route=%2Fwp%2Fv2%2Ftags&post=20573"}],"curies":[{"name":"wp","href":"https:\/\/api.w.org\/{rel}","templated":true}]}}