{"id":20598,"date":"2020-02-25T14:00:39","date_gmt":"2020-02-25T11:00:39","guid":{"rendered":"http:\/\/chpantalya.com\/?p=20598"},"modified":"2020-02-25T14:00:39","modified_gmt":"2020-02-25T11:00:39","slug":"ozer-olen-her-5-cocuk-isciden-3u-tarim-iscisi","status":"publish","type":"post","link":"https:\/\/chpantalya.com\/?p=20598","title":{"rendered":"\u00d6ZER: \u00d6LEN HER 5 \u00c7OCUK \u0130\u015e\u00c7\u0130DEN 3\u2019\u00dc TARIM \u0130\u015e\u00c7\u0130S\u0130"},"content":{"rendered":"<p><strong>T\u00dc\u0130K, NEDEN \u00c7OCUK \u0130\u015eC\u0130LERE DA\u0130R VER\u0130 TUTMUYOR?<\/strong><\/p>\n<p><strong>TARIM \u0130\u015e\u00c7\u0130S\u0130 \u00c7OCUK \u00d6L\u00dcMLER\u0130 ARA\u015eTIRILSIN!<\/strong><\/p>\n<p>\u0130S\u0130G\u2019in verilerine g\u00f6re \u00f6len her 5 \u00e7ocuk i\u015f\u00e7iden 3\u2019\u00fcn\u00fcn tar\u0131m i\u015f\u00e7isi oldu\u011funa dikkat \u00e7eken CHP\u2019li \u00d6zer, \u201c\u00c7al\u0131\u015f\u0131rken \u00f6len \u00e7ocuklara dair T\u00dc\u0130K bug\u00fcne dek hi\u00e7bir veri tutmu\u015f de\u011fil. Resmi veri yoksa resmi \u00e7\u00f6z\u00fcm de olamaz! Meclis\u2019in konuyla ilgili \u00e7al\u0131\u015fmas\u0131 i\u00e7in \u00f6nerge verdik\u201d dedi.<\/p>\n<p>T\u00fcrkiye\u2019nin en \u00f6nemli toplumsal sorunlar\u0131ndan biri olan \u00e7ocuk i\u015f\u00e7ili\u011fine dair resmi verilerin 2012\u2019den bu yana neden tutulmad\u0131\u011f\u0131n\u0131 sorgulayan CHP Antalya Milletvekili Ayd\u0131n \u00d6zer, \u201c\u00c7ocuk i\u015f\u00e7i \u00f6l\u00fcmlerine ili\u015fkin ise bug\u00fcne dek hi\u00e7bir resmi veri tutulmam\u0131\u015f. Bu durum \u00fclke y\u00f6netiminin \u00e7ocuk i\u015f\u00e7ili\u011fi m\u00fccadelesine dair yapt\u0131\u011f\u0131 ulusal programlar\u0131n samimiyetini tart\u0131\u015fmal\u0131 hale getirmektedir. Resmi veri yoksa resmi \u00e7\u00f6z\u00fcm de olamaz\u201d dedi.<\/p>\n<p>T\u00fcrkiye\u2019de \u00e7ocuk i\u015f\u00e7ili\u011finin ve \u00e7ocuk i\u015f\u00e7i \u00f6l\u00fcmlerinin \u0130\u015f\u00e7i Sa\u011fl\u0131\u011f\u0131 ve \u0130\u015f G\u00fcvenli\u011fi Meclisi (\u0130S\u0130G) sayesinde takip edildi\u011fine dikkat \u00e7eken \u00d6zer, \u201c\u0130S\u0130G\u2019in verilerine g\u00f6re 2019\u2019da 67 \u00e7ocuk \u00e7al\u0131\u015f\u0131rken ya\u015fam\u0131n\u0131 yitirmi\u015f. Bu \u00e7ocuklar\u0131n y\u00fczde 60\u2019\u0131 tar\u0131m i\u015fkolunda \u00e7al\u0131\u015f\u0131yormu\u015f. Yani \u00f6len her 5 \u00e7ocuk i\u015f\u00e7iden 3\u2019\u00fc tar\u0131m i\u015f\u00e7isi\u201d diye konu\u015ftu.<\/p>\n<p><strong>\u00c7OCUK \u0130\u00c7\u0130N EN K\u00d6T\u00dcS\u00dc TARIM \u0130\u015e\u00c7\u0130L\u0130\u011e\u0130<\/strong><\/p>\n<p>Tar\u0131m i\u015f\u00e7ili\u011finin \u00e7ocuklar i\u00e7in en k\u00f6t\u00fc \u00e7al\u0131\u015fma bi\u00e7imleri aras\u0131nda yer ald\u0131\u011f\u0131n\u0131 belirten CHP\u2019li \u00d6zer, gezici mevsimlik tar\u0131m i\u015f\u00e7ili\u011finin ise \u00f6zellikle \u00e7ocuk i\u015f\u00e7iler i\u00e7in pek \u00e7ok risk ta\u015f\u0131d\u0131\u011f\u0131n\u0131 s\u00f6yledi. \u00d6zer, \u015fu ifadelerde bulundu:<\/p>\n<p>\u201cBar\u0131nma ve beslenme ko\u015fullar\u0131n\u0131n yetersiz ve sa\u011fl\u0131ks\u0131z oldu\u011fu, bula\u015f\u0131c\u0131 hastal\u0131k riskinin y\u00fcksekli\u011fi ve 60 saate varan haftal\u0131k \u00e7al\u0131\u015fma saatlerinin a\u011f\u0131rl\u0131\u011f\u0131 \u00e7ocuklar\u0131 olumsuz y\u00f6nde etkiliyor. B\u00f6yle a\u011f\u0131r ko\u015fullarda \u00e7al\u0131\u015fmalar\u0131na ve belki de \u00f6lmelerine seyirci kal\u0131nmas\u0131 do\u011fru de\u011fildir. Bu \u00e7ocuklar\u0131n \u00f6l\u00fcmlerinin kader olmaktan \u00e7\u0131kar\u0131lmas\u0131 y\u00f6n\u00fcnde konuyla ilgili gerekli ara\u015ft\u0131rmalar\u0131n yap\u0131lmas\u0131, gerekli istatistiklerin tutularak g\u00fcncel verilerle sa\u011fl\u0131kl\u0131 politikalar\u0131n belirlenmesi ve uygulanmas\u0131 gereklidir.\u201d<\/p>\n<p><strong>ARA\u015eTIRMA KOM\u0130SYONU KURULSUN<\/strong><\/p>\n<p>TBMM\u2019de bir ara\u015ft\u0131rma komisyonu kurulmas\u0131 i\u00e7in \u00f6nerge veren CHP\u2019li \u00d6zer, resmi olmayan kay\u0131tlara g\u00f6re T\u00fcrkiye\u2019de en \u00e7ok tar\u0131m alan\u0131nda g\u00f6r\u00fclen \u00e7ocuk i\u015f\u00e7i \u00f6l\u00fcmlerinin g\u00fcncel verilerle resmi olarak tespit edilmesi gerekti\u011fini belirterek ekledi:<\/p>\n<p>\u201cBu \u00e7ocuklar tar\u0131m alan\u0131nda \u00e7al\u0131\u015fmak yerine sa\u011fl\u0131kl\u0131 ve e\u015fit ko\u015fullarda e\u011fitim alarak hayata kazand\u0131r\u0131lmal\u0131d\u0131r. G\u00fcncel resmi veriler \u00e7\u0131kar\u0131lmal\u0131d\u0131r. Devlet taraf\u0131ndan \u00e7ocuk i\u015f\u00e7ili\u011fiyle m\u00fccadele etme amac\u0131yla ulusal eylem plan\u0131 haz\u0131rlan\u0131rken bile \u00e7ocuk i\u015f\u00e7i \u00f6l\u00fcmlerinin resmi kayd\u0131n\u0131n yap\u0131lmamas\u0131n\u0131n nedenleri ortaya konmal\u0131d\u0131r. T\u00fcm bunlar\u0131n tespiti ve ara\u015ft\u0131r\u0131lmas\u0131 i\u00e7in Meclis\u2019te bir ara\u015ft\u0131rma komisyonu kurulmas\u0131n\u0131 teklif ettik.\u201d<\/p>\n<p><strong>SAYILAR 2012\u2019DEN KALMA <\/strong><\/p>\n<p>Bug\u00fcne dek \u00e7ocuk i\u015f\u00e7i \u00f6l\u00fcmlerine dair hi\u00e7bir veri tutmayan T\u00dc\u0130K\u2019in \u00e7ocuk i\u015f\u00e7i say\u0131s\u0131na ili\u015fkin rakamlar\u0131 da en son 2012\u2019de Hanehalk\u0131 \u0130\u015fg\u00fcc\u00fc Anketine ekleyerek a\u00e7\u0131klad\u0131\u011f\u0131n\u0131 vurgulayan CHP\u2019li \u00d6zer, sundu\u011fu ara\u015ft\u0131rma \u00f6nergesinde \u015fu ifadelere yer verdi:<\/p>\n<p>\u201cAile, \u00c7al\u0131\u015fma ve Sosyal Hizmetler Bakanl\u0131\u011f\u0131, \u00e7ocuk i\u015f\u00e7ili\u011fiyle m\u00fccadele etmek ve \u00e7ocuk i\u015f\u00e7ili\u011fini durdurmak i\u00e7in 2017-2023 y\u0131llar\u0131n\u0131 kapsayacak <em>\u2018\u00c7ocuk \u0130\u015f\u00e7ili\u011fi ile M\u00fccadele Ulusal Program\u0131\u2019 <\/em>haz\u0131rlamas\u0131na, 2018 y\u0131l\u0131n\u0131 <em>\u2018\u00c7ocuk \u0130\u015f\u00e7ili\u011fiyle M\u00fccadele Y\u0131l\u0131\u2019<\/em> ilan etmesine ra\u011fmen hala 2012 verilerini kullanmaktad\u0131r.\u201d<\/p>\n<p>Eski verilerle sa\u011fl\u0131kl\u0131 bir \u00e7\u00f6z\u00fcme ula\u015f\u0131lamayaca\u011f\u0131n\u0131 da belirten \u00d6zer, \u00fclke y\u00f6netiminin \u00e7ocuk i\u015f\u00e7ili\u011fi m\u00fccadelesine dair ulusal programlar\u0131n samimiyetini tart\u0131\u015fmal\u0131 buldu\u011funu s\u00f6yledi.<\/p>\n","protected":false},"excerpt":{"rendered":"<p>T\u00dc\u0130K, NEDEN \u00c7OCUK \u0130\u015eC\u0130LERE DA\u0130R VER\u0130 TUTMUYOR? TARIM \u0130\u015e\u00c7\u0130S\u0130 \u00c7OCUK \u00d6L\u00dcMLER\u0130 ARA\u015eTIRILSIN! \u0130S\u0130G\u2019in verilerine g\u00f6re \u00f6len her 5 \u00e7ocuk i\u015f\u00e7iden 3\u2019\u00fcn\u00fcn tar\u0131m i\u015f\u00e7isi oldu\u011funa dikkat \u00e7eken CHP\u2019li \u00d6zer, \u201c\u00c7al\u0131\u015f\u0131rken \u00f6len \u00e7ocuklara dair T\u00dc\u0130K bug\u00fcne dek hi\u00e7bir veri tutmu\u015f de\u011fil. Resmi veri yoksa resmi \u00e7\u00f6z\u00fcm de olamaz! Meclis\u2019in konuyla ilgili \u00e7al\u0131\u015fmas\u0131 i\u00e7in \u00f6nerge verdik\u201d dedi. T\u00fcrkiye\u2019nin [&hellip;]<\/p>\n","protected":false},"author":1,"featured_media":19094,"comment_status":"closed","ping_status":"open","sticky":false,"template":"","format":"standard","meta":[],"categories":[60],"tags":[],"amp_enabled":true,"_links":{"self":[{"href":"https:\/\/chpantalya.com\/index.php?rest_route=\/wp\/v2\/posts\/20598"}],"collection":[{"href":"https:\/\/chpantalya.com\/index.php?rest_route=\/wp\/v2\/posts"}],"about":[{"href":"https:\/\/chpantalya.com\/index.php?rest_route=\/wp\/v2\/types\/post"}],"author":[{"embeddable":true,"href":"https:\/\/chpantalya.com\/index.php?rest_route=\/wp\/v2\/users\/1"}],"replies":[{"embeddable":true,"href":"https:\/\/chpantalya.com\/index.php?rest_route=%2Fwp%2Fv2%2Fcomments&post=20598"}],"version-history":[{"count":0,"href":"https:\/\/chpantalya.com\/index.php?rest_route=\/wp\/v2\/posts\/20598\/revisions"}],"wp:featuredmedia":[{"embeddable":true,"href":"https:\/\/chpantalya.com\/index.php?rest_route=\/wp\/v2\/media\/19094"}],"wp:attachment":[{"href":"https:\/\/chpantalya.com\/index.php?rest_route=%2Fwp%2Fv2%2Fmedia&parent=20598"}],"wp:term":[{"taxonomy":"category","embeddable":true,"href":"https:\/\/chpantalya.com\/index.php?rest_route=%2Fwp%2Fv2%2Fcategories&post=20598"},{"taxonomy":"post_tag","embeddable":true,"href":"https:\/\/chpantalya.com\/index.php?rest_route=%2Fwp%2Fv2%2Ftags&post=20598"}],"curies":[{"name":"wp","href":"https:\/\/api.w.org\/{rel}","templated":true}]}}