{"id":20600,"date":"2020-02-25T15:20:37","date_gmt":"2020-02-25T12:20:37","guid":{"rendered":"http:\/\/chpantalya.com\/?p=20600"},"modified":"2020-02-25T15:20:37","modified_gmt":"2020-02-25T12:20:37","slug":"zeybek-doga-talani-ile-gelecegimiz-yok-ediliyor","status":"publish","type":"post","link":"https:\/\/chpantalya.com\/?p=20600","title":{"rendered":"ZEYBEK: DO\u011eA TALANI \u0130LE GELECE\u011e\u0130M\u0130Z YOK ED\u0130L\u0130YOR"},"content":{"rendered":"<p>CHP Antalya Milletvekili Rafet Zeybek, Antalya Korkuteli Derek\u00f6y\u2019de a\u00e7\u0131lmas\u0131 planlanan k\u00f6m\u00fcr oca\u011f\u0131n\u0131n yarataca\u011f\u0131 olumsuz etkileri verdi\u011fi soru \u00f6nergesi ile TBMM\u2019ye ta\u015f\u0131d\u0131. \u00c7evre ve \u015eehircilik Bakan\u0131 Murat Kurum taraf\u0131ndan yaz\u0131l\u0131 olarak cevapland\u0131r\u0131lmas\u0131 istenen soru \u00f6nergesi ile y\u00f6re halk\u0131n\u0131n k\u00f6m\u00fcr ocaklar\u0131na kar\u015f\u0131 hakl\u0131 m\u00fccadelesinin yan\u0131nda oldu\u011funu belirten CHP\u2019li Zeybek, \u201cCHP Antalya \u0130l Ba\u015fkanl\u0131\u011f\u0131m\u0131z ve Korkuteli \u0130l\u00e7e Ba\u015fkanl\u0131\u011f\u0131m\u0131z ve sivil toplum kurulu\u015flar\u0131 ile birlikte Derek\u00f6y\u2019deki hem\u015ferilerimizin m\u00fccadelesine destek vermeye devam edece\u011fiz.\u201d dedi.<\/p>\n<p><strong>K\u00d6M\u00dcR OCA\u011eI, HAYVANCILIK VE TARIMI B\u0130T\u0130R\u0130R<\/strong><\/p>\n<p>Korkuteli Derek\u00f6y Yayla mevkiinde a\u00e7\u0131lmas\u0131 planlanan k\u00f6m\u00fcr oca\u011f\u0131n\u0131n, y\u00f6rede ba\u015fta meyve a\u011fa\u00e7lar\u0131, tar\u0131m ve hayvanc\u0131l\u0131\u011f\u0131 olumsuz etkileyece\u011fini belirten CHP\u2019li Zeybek verdi\u011fi soru \u00f6nergesinde, tar\u0131m ve hayvanc\u0131l\u0131\u011f\u0131 olumsuz y\u00f6nde etkilemesi olas\u0131l\u0131\u011f\u0131na kar\u015f\u0131 yap\u0131lm\u0131\u015f bir ara\u015ft\u0131rma olup olmad\u0131\u011f\u0131n\u0131 ve bu ara\u015ft\u0131rman\u0131n sonu\u00e7lar\u0131n\u0131n neler oldu\u011funun kamuoyu ile bilinmesi gerekti\u011fine vurgu yapt\u0131.<\/p>\n<p><strong>SU KAYNAKLARI TEHL\u0130KE ALTINDA<\/strong><\/p>\n<p>CHP\u2019li Zeybek Derek\u00f6y\u2019de tescilli su kaynaklar\u0131n\u0131n k\u00f6m\u00fcr oca\u011f\u0131 ile tehlikeye girece\u011fi ve sulamada da kullan\u0131lan bu suyun b\u00f6lgeyi tamamen olumsuz etkileyece\u011fini belirtti. Su kaynaklar\u0131n\u0131n korunmas\u0131 ve y\u00f6re halk\u0131n\u0131n g\u00f6r\u00fc\u015flerinin al\u0131nmas\u0131 gerekti\u011fini belirten Zeybek verdi\u011fi soru \u00f6nergesinde ayr\u0131ca \u015fu konulara dikkat \u00e7ekti; \u201cK\u00f6m\u00fcr oca\u011f\u0131 i\u00e7in y\u00f6re halk\u0131n\u0131n g\u00f6r\u00fc\u015f\u00fc al\u0131nm\u0131\u015f m\u0131d\u0131r? K\u00f6m\u00fcr oca\u011f\u0131 i\u00e7in \u00c7ED raporu olmad\u0131\u011f\u0131 iddias\u0131 do\u011fru mudur? Antalya genelinde son be\u015f y\u0131l i\u00e7inde \u00c7ED raporu olumsuz olan ka\u00e7 adet maden, ta\u015f ve mermer oca\u011f\u0131 vard\u0131r?\u201d<\/p>\n<p><strong>DO\u011eA TALANI \u0130LE GELECE\u011e\u0130M\u0130Z YOK ED\u0130L\u0130YOR<\/strong><\/p>\n<p>AKP iktidar\u0131n\u0131n rant ve talana yol a\u00e7an politikalar\u0131n\u0131n son halkas\u0131 olan Derek\u00f6y i\u00e7in m\u00fccadele edeceklerini belirten CHP\u2019li Zeybek, \u201cAntalya ve T\u00fcrkiye\u2019nin do\u011fas\u0131n\u0131 talan etmek i\u00e7in her t\u00fcrl\u00fc yolu deneyen AKP iktidar\u0131, bu talan ve rant d\u00f6n\u00fc\u015f\u00fcm\u00fc ile \u00fclkenin gelecek ku\u015faklara miras\u0131n\u0131 da yok etti\u011finin fark\u0131na varmal\u0131d\u0131r.\u201d ifadesini kulland\u0131.<\/p>\n","protected":false},"excerpt":{"rendered":"<p>CHP Antalya Milletvekili Rafet Zeybek, Antalya Korkuteli Derek\u00f6y\u2019de a\u00e7\u0131lmas\u0131 planlanan k\u00f6m\u00fcr oca\u011f\u0131n\u0131n yarataca\u011f\u0131 olumsuz etkileri verdi\u011fi soru \u00f6nergesi ile TBMM\u2019ye ta\u015f\u0131d\u0131. \u00c7evre ve \u015eehircilik Bakan\u0131 Murat Kurum taraf\u0131ndan yaz\u0131l\u0131 olarak cevapland\u0131r\u0131lmas\u0131 istenen soru \u00f6nergesi ile y\u00f6re halk\u0131n\u0131n k\u00f6m\u00fcr ocaklar\u0131na kar\u015f\u0131 hakl\u0131 m\u00fccadelesinin yan\u0131nda oldu\u011funu belirten CHP\u2019li Zeybek, \u201cCHP Antalya \u0130l Ba\u015fkanl\u0131\u011f\u0131m\u0131z ve Korkuteli \u0130l\u00e7e Ba\u015fkanl\u0131\u011f\u0131m\u0131z [&hellip;]<\/p>\n","protected":false},"author":1,"featured_media":17916,"comment_status":"closed","ping_status":"open","sticky":false,"template":"","format":"standard","meta":[],"categories":[62],"tags":[],"amp_enabled":true,"_links":{"self":[{"href":"https:\/\/chpantalya.com\/index.php?rest_route=\/wp\/v2\/posts\/20600"}],"collection":[{"href":"https:\/\/chpantalya.com\/index.php?rest_route=\/wp\/v2\/posts"}],"about":[{"href":"https:\/\/chpantalya.com\/index.php?rest_route=\/wp\/v2\/types\/post"}],"author":[{"embeddable":true,"href":"https:\/\/chpantalya.com\/index.php?rest_route=\/wp\/v2\/users\/1"}],"replies":[{"embeddable":true,"href":"https:\/\/chpantalya.com\/index.php?rest_route=%2Fwp%2Fv2%2Fcomments&post=20600"}],"version-history":[{"count":0,"href":"https:\/\/chpantalya.com\/index.php?rest_route=\/wp\/v2\/posts\/20600\/revisions"}],"wp:featuredmedia":[{"embeddable":true,"href":"https:\/\/chpantalya.com\/index.php?rest_route=\/wp\/v2\/media\/17916"}],"wp:attachment":[{"href":"https:\/\/chpantalya.com\/index.php?rest_route=%2Fwp%2Fv2%2Fmedia&parent=20600"}],"wp:term":[{"taxonomy":"category","embeddable":true,"href":"https:\/\/chpantalya.com\/index.php?rest_route=%2Fwp%2Fv2%2Fcategories&post=20600"},{"taxonomy":"post_tag","embeddable":true,"href":"https:\/\/chpantalya.com\/index.php?rest_route=%2Fwp%2Fv2%2Ftags&post=20600"}],"curies":[{"name":"wp","href":"https:\/\/api.w.org\/{rel}","templated":true}]}}