{"id":20790,"date":"2020-03-11T17:24:10","date_gmt":"2020-03-11T14:24:10","guid":{"rendered":"http:\/\/chpantalya.com\/?p=20790"},"modified":"2020-03-11T17:24:10","modified_gmt":"2020-03-11T14:24:10","slug":"ariissizler-ordusuna-bir-de-gida-teknikerleri-eklenmesin","status":"publish","type":"post","link":"https:\/\/chpantalya.com\/?p=20790","title":{"rendered":"ARI:\u201c\u0130\u015eS\u0130ZLER ORDUSUNA B\u0130R DE GIDA TEKN\u0130KERLER\u0130 EKLENMES\u0130N\u201d"},"content":{"rendered":"<p>CHP Antalya Milletvekili Av.Cavit Ar\u0131, Tar\u0131m ve Orman Bakan\u0131 Bekir PAKDEM\u0130RL\u0130\u2019ye Tar\u0131m ve Orman Bakanl\u0131\u011f\u0131\u2019n\u0131n 06\/12\/2019 tarih ve 30970 say\u0131l\u0131 Resmi Gazetede yay\u0131nlanarak y\u00fcr\u00fcrl\u00fc\u011fe giren 2019\/48 numaral\u0131 G\u0131da ve Yem \u0130\u015fletmelerinde \u00c7al\u0131\u015ft\u0131r\u0131lmas\u0131 Zorunlu Meslek Mensuplar\u0131n\u0131n Belirlenmesine Dair Tebli\u011fi nedeniyle i\u015fsiz kalacak olan g\u0131da teknikerlerini sordu.<\/p>\n<p>Konuya ili\u015fkin 10.03.2020 tarihli soru \u00f6nergesinde \u201c\u00d6n lisans mezunu g\u0131da teknikerleri, Tar\u0131m ve Orman Bakanl\u0131\u011f\u0131 taraf\u0131ndan 11.06.2010 tarih ve 5996 say\u0131l\u0131 Veteriner Hizmetleri, Bitki Sa\u011fl\u0131\u011f\u0131, G\u0131da ve Yem Kanunu\u2019nun 22 inci maddesinin 7 inci f\u0131kras\u0131na dayan\u0131larak haz\u0131rlanan ve 06\/12\/2019 tarih ve 30970 say\u0131l\u0131 Resmi Gazetede yay\u0131nlanarak y\u00fcr\u00fcrl\u00fc\u011fe giren 2019\/48 numaral\u0131 \u201cG\u0131da ve Yem \u0130\u015fletmelerinde \u00c7al\u0131\u015ft\u0131r\u0131lmas\u0131 Zorunlu Meslek Mensuplar\u0131n\u0131n Belirlenmesine Dair Tebli\u011f\u201din 3 \u00fcnc\u00fc maddesinde belirtilen Ek-1\u2019in i\u00e7eri\u011finde yer alan meslek unvanlar\u0131nda yer almayarak \u201cG\u0131da ve Yem \u0130\u015fletmelerinde \u00dcretimin Nevine G\u00f6re Personel \u00c7al\u0131\u015ft\u0131rmak Zorunda Olan \u0130\u015fletmeler ve Bu \u0130\u015fletmelerde \u00c7al\u0131\u015fabilecek Meslek Mensuplar\u0131\u201d i\u00e7erisinden tamam\u0131yla soyutlanm\u0131\u015flar ve i\u015fsizler z\u00fcmresine dahil edilmi\u015flerdir. Ayr\u0131ca s\u00f6z konusu listenin 29.maddesinde yer alan en az 300 yatak kapasiteli konaklama tesisleri adl\u0131 i\u015fletmeler tan\u0131m\u0131 ile de y\u0131llard\u0131r turizm sekt\u00f6r\u00fcnde hizmet veren g\u0131da teknikerleri de maddi ve manevi b\u00fct\u00fcn haklar\u0131n\u0131 kaybederek i\u015fsiz b\u0131rak\u0131lacakt\u0131r.\u201d diyen Cavit Ar\u0131 \u201cBu durum Anayasam\u0131za da ayk\u0131r\u0131 olup, ki\u015filerin \u00e7al\u0131\u015fma haklar\u0131n\u0131n k\u0131s\u0131tlanmas\u0131na ve ortadan kald\u0131r\u0131lmas\u0131na sebebiyet vermektedir. G\u0131da teknikerlerin \u00e7al\u0131\u015fma haklar\u0131 k\u0131s\u0131tlanmamal\u0131, kazan\u0131lm\u0131\u015f haklar\u0131 ellerinden al\u0131nmamal\u0131d\u0131r. \u0130stihdam oran\u0131n\u0131n her ge\u00e7en g\u00fcn azald\u0131\u011f\u0131, i\u015fsizli\u011fin %13,7\u2019ye \u00e7\u0131kt\u0131\u011f\u0131 ve her 4 gen\u00e7ten birinin i\u015fsiz oldu\u011fu T\u00fcrkiyemizde, i\u015fsizler ordusuna yeni i\u015fsziler kat\u0131lmamal\u0131d\u0131r.\u201d dedi.<\/p>\n<p>Milletvekili Ar\u0131, soru \u00f6nergesinde Tar\u0131m ve Orman Bakan\u0131na \u201cEkonomik krizin sebebiyet verdi\u011fi i\u015fsizler ordusuna yeni i\u015fsizler katacak olan bu tebli\u011fin \u00e7\u0131kart\u0131lmas\u0131 ile ne ama\u00e7lanm\u0131\u015ft\u0131r? Aralar\u0131nda turizm sekt\u00f6r\u00fcnde 10-15 y\u0131l deneyimli y\u00f6neticilik g\u00f6revinden uzakla\u015ft\u0131r\u0131larak i\u015fsiz b\u0131rak\u0131lacak \u00e7al\u0131\u015fanlar\u0131n da oldu\u011fu g\u0131da teknikerlerin maddi ve manevi hak ma\u011fduriyetlerini gidermek i\u00e7in s\u00f6z konusu tebli\u011fin iptal edilerek y\u00fcr\u00fctmenin durdurulmas\u0131 ve yerine \u00f6n lisan mezunu teknikerlerin yer alaca\u011f\u0131 yeni bir tebli\u011fin d\u00fczenlenmesi d\u00fc\u015f\u00fcn\u00fclmekte midir? Ya\u015fanacak hak ma\u011fduriyetlerini nas\u0131l \u00f6nlemeyi d\u00fc\u015f\u00fcn\u00fcyorsunuz? S\u00f6z konusu tebli\u011fin uygulanmas\u0131yla i\u015fsiz duruma d\u00fc\u015fecek olan \u00f6n lisans mezunu g\u0131da teknikerlerini yeniden i\u015f hayat\u0131na kazand\u0131rmaya y\u00f6nelik bir planlaman\u0131z bulunmakta m\u0131d\u0131r?\u201d sorular\u0131n\u0131 y\u00f6nelterek konuyu meclis g\u00fcndemine ta\u015f\u0131d\u0131.<\/p>\n<p>&nbsp;<\/p>\n","protected":false},"excerpt":{"rendered":"<p>CHP Antalya Milletvekili Av.Cavit Ar\u0131, Tar\u0131m ve Orman Bakan\u0131 Bekir PAKDEM\u0130RL\u0130\u2019ye Tar\u0131m ve Orman Bakanl\u0131\u011f\u0131\u2019n\u0131n 06\/12\/2019 tarih ve 30970 say\u0131l\u0131 Resmi Gazetede yay\u0131nlanarak y\u00fcr\u00fcrl\u00fc\u011fe giren 2019\/48 numaral\u0131 G\u0131da ve Yem \u0130\u015fletmelerinde \u00c7al\u0131\u015ft\u0131r\u0131lmas\u0131 Zorunlu Meslek Mensuplar\u0131n\u0131n Belirlenmesine Dair Tebli\u011fi nedeniyle i\u015fsiz kalacak olan g\u0131da teknikerlerini sordu. Konuya ili\u015fkin 10.03.2020 tarihli soru \u00f6nergesinde \u201c\u00d6n lisans mezunu g\u0131da [&hellip;]<\/p>\n","protected":false},"author":1,"featured_media":20791,"comment_status":"closed","ping_status":"open","sticky":false,"template":"","format":"standard","meta":[],"categories":[63,35],"tags":[],"amp_enabled":true,"_links":{"self":[{"href":"https:\/\/chpantalya.com\/index.php?rest_route=\/wp\/v2\/posts\/20790"}],"collection":[{"href":"https:\/\/chpantalya.com\/index.php?rest_route=\/wp\/v2\/posts"}],"about":[{"href":"https:\/\/chpantalya.com\/index.php?rest_route=\/wp\/v2\/types\/post"}],"author":[{"embeddable":true,"href":"https:\/\/chpantalya.com\/index.php?rest_route=\/wp\/v2\/users\/1"}],"replies":[{"embeddable":true,"href":"https:\/\/chpantalya.com\/index.php?rest_route=%2Fwp%2Fv2%2Fcomments&post=20790"}],"version-history":[{"count":0,"href":"https:\/\/chpantalya.com\/index.php?rest_route=\/wp\/v2\/posts\/20790\/revisions"}],"wp:featuredmedia":[{"embeddable":true,"href":"https:\/\/chpantalya.com\/index.php?rest_route=\/wp\/v2\/media\/20791"}],"wp:attachment":[{"href":"https:\/\/chpantalya.com\/index.php?rest_route=%2Fwp%2Fv2%2Fmedia&parent=20790"}],"wp:term":[{"taxonomy":"category","embeddable":true,"href":"https:\/\/chpantalya.com\/index.php?rest_route=%2Fwp%2Fv2%2Fcategories&post=20790"},{"taxonomy":"post_tag","embeddable":true,"href":"https:\/\/chpantalya.com\/index.php?rest_route=%2Fwp%2Fv2%2Ftags&post=20790"}],"curies":[{"name":"wp","href":"https:\/\/api.w.org\/{rel}","templated":true}]}}