{"id":20825,"date":"2020-03-18T14:18:55","date_gmt":"2020-03-18T11:18:55","guid":{"rendered":"http:\/\/chpantalya.com\/?p=20825"},"modified":"2020-03-18T14:18:55","modified_gmt":"2020-03-18T11:18:55","slug":"bayardan-turizm-emekcilerine-destek","status":"publish","type":"post","link":"https:\/\/chpantalya.com\/?p=20825","title":{"rendered":"BAYAR\u2019DAN TUR\u0130ZM EMEK\u00c7\u0130LER\u0130NE DESTEK"},"content":{"rendered":"<p>Cumhuriyet Halk Partisi Antalya \u0130l Ba\u015fkan\u0131 Nusret Bayar, turizm sekt\u00f6r\u00fcnde koronavir\u00fcs kaynakl\u0131 kriz sebebiyle i\u015f\u00e7ilere \u00fccretsiz izin ve i\u015ften \u00e7\u0131karma bask\u0131s\u0131 yap\u0131ld\u0131\u011f\u0131n\u0131 ifade etti. Bayar, \u201cEkonomik Sosyal Konsey acilen toplanmal\u0131d\u0131r. Krizin faturas\u0131 emek\u00e7iye kesilemez\u201d dedi.<\/p>\n<p><strong>\u201cKR\u0130Z\u0130N FATURASI EMEK\u00c7\u0130YE KES\u0130LMEMEL\u0130\u201d<\/strong><br \/>\nTurizm sekt\u00f6r\u00fcnde \u00e7al\u0131\u015fan ki\u015filerden al\u0131nan bilgilere g\u00f6re, Antalya\u2019da bir\u00e7ok otelin, koronavir\u00fcs\u00fcnden kaynakl\u0131 kriz sebebiyle i\u015f\u00e7ilere &#8216;ya \u00fccretsiz izin ya i\u015ften \u00e7\u0131karma&#8217; bask\u0131s\u0131 yap\u0131ld\u0131\u011f\u0131, bir\u00e7ok i\u015f\u00e7inin de i\u015ften \u00e7\u0131kar\u0131ld\u0131\u011f\u0131 bilgisine ula\u015f\u0131ld\u0131. Konuyla alakal\u0131 yaz\u0131l\u0131 a\u00e7\u0131klamada bulunan Cumhuriyet Halk Partisi Antalya \u0130l Ba\u015fkan\u0131 Nusret Bayar, yetkililerin gerekli tedbirleri acilen almalar\u0131 gerekti\u011finin alt\u0131n\u0131 \u00e7izdi. Krizin y\u00fck\u00fcn\u00fcn sekt\u00f6r emek\u00e7ilerine y\u00fcklenmesine tepki g\u00f6steren Ba\u015fkan Bayar, \u201cKoronavir\u00fcs\u00fcn do\u011frudan ve en \u00e7ok a\u011f\u0131r etkiledi\u011fi sekt\u00f6r olan turizm, u\u00e7u\u015f yasaklar\u0131 ve seyahat korkusu nedeniyle tamamen durmu\u015f durumda. Turizmin ba\u015fkenti Antalya, bu krizin faturas\u0131n\u0131 en a\u011f\u0131r \u015fekilde \u00f6deyecek kentlerin ba\u015f\u0131nda geliyor. \u0130\u015fvereniyle, i\u015f\u00e7isiyle Turizm Sekt\u00f6r\u00fcnde \u00e7al\u0131\u015fan milyonlarca ki\u015finin ma\u011fduriyetini giderme noktas\u0131nda yetkililer gerekli \u00f6nlemleri almal\u0131, krizin y\u00fck\u00fc \u00f6zellikle sekt\u00f6r emek\u00e7ilerinin s\u0131rt\u0131na y\u00fcklenmemelidir\u201d \u015feklinde konu\u015ftu.<\/p>\n<p><strong>TUR\u0130ZMC\u0130N\u0130N HAKKI KORUNMALIDIR<\/strong><\/p>\n<p>Ba\u015fkan Nusret Bayar koronavir\u00fcs salg\u0131n\u0131 nedeniyle b\u00fcy\u00fck zarar g\u00f6ren turizm sekt\u00f6r\u00fcn\u00fcn emek\u00e7ilerinin haklar\u0131n\u0131n korunmas\u0131 gerekti\u011fini ifade etti. A\u00e7\u0131klamas\u0131n\u0131n devam\u0131nda Ba\u015fkan Bayar, \u201cFaaliyetini s\u00fcrd\u00fcremeyen Turizm i\u015fletmelerinin vergi, har\u00e7, kredi, devlete ve yerel idarelere \u00f6deyece\u011fi ecrimisil kira ve di\u011fer \u00f6demelerinin belli bir s\u00fcre ertelenmesi, SGK \u00f6demelerinin, vergi bor\u00e7lar\u0131n\u0131n, KDV matrah\u0131n\u0131n d\u00fc\u015f\u00fcr\u00fclmesi ve d\u00fc\u015f\u00fck faizle kredinin sa\u011flanmas\u0131, konaklama vergisinin ertelenmesi ve sekt\u00f6rde toplu i\u015ften \u00e7\u0131karmalar\u0131n \u00f6n\u00fcne ge\u00e7ilmesi i\u00e7in gerekli \u00f6nlemlerin al\u0131nmas\u0131, i\u015f\u00e7i, i\u015fveren ve h\u00fck\u00fcmet taraf\u0131n\u0131n bir araya geldi\u011fi Ekonomik Sosyal Konsey\u2019in acilen toplanmas\u0131, i\u015ften \u00e7\u0131karmalar ve \u00fccretsiz izinler yerine k\u0131sa \u00e7al\u0131\u015fma \u00f6dene\u011fi ve \u00fccretli izin uygulamas\u0131n\u0131n yayg\u0131nla\u015ft\u0131r\u0131lmas\u0131, i\u015fsizlik sigortas\u0131 \u00f6dene\u011finden yararlanma ko\u015fullar\u0131n\u0131n kolayla\u015ft\u0131r\u0131lmas\u0131, \u00e7al\u0131\u015fma s\u00fcrelerini azaltmak zorunda kalan, salg\u0131n s\u00fcresince kapanan, \u00fcretim veya hizmeti azaltan i\u015fyerleri i\u00e7in \u0130\u015fsizlik Sigortas\u0131 Fonu kapsam\u0131ndaki K\u0131sa \u00c7al\u0131\u015fma \u00d6dene\u011fi uygulanmas\u0131 gibi \u00f6nlemler al\u0131nmal\u0131, krizin faturas\u0131 emek\u00e7iye kesilmemelidir\u201d ifadelerine yer verdi.<\/p>\n","protected":false},"excerpt":{"rendered":"<p>Cumhuriyet Halk Partisi Antalya \u0130l Ba\u015fkan\u0131 Nusret Bayar, turizm sekt\u00f6r\u00fcnde koronavir\u00fcs kaynakl\u0131 kriz sebebiyle i\u015f\u00e7ilere \u00fccretsiz izin ve i\u015ften \u00e7\u0131karma bask\u0131s\u0131 yap\u0131ld\u0131\u011f\u0131n\u0131 ifade etti. Bayar, \u201cEkonomik Sosyal Konsey acilen toplanmal\u0131d\u0131r. Krizin faturas\u0131 emek\u00e7iye kesilemez\u201d dedi. \u201cKR\u0130Z\u0130N FATURASI EMEK\u00c7\u0130YE KES\u0130LMEMEL\u0130\u201d Turizm sekt\u00f6r\u00fcnde \u00e7al\u0131\u015fan ki\u015filerden al\u0131nan bilgilere g\u00f6re, Antalya\u2019da bir\u00e7ok otelin, koronavir\u00fcs\u00fcnden kaynakl\u0131 kriz sebebiyle i\u015f\u00e7ilere &#8216;ya [&hellip;]<\/p>\n","protected":false},"author":1,"featured_media":20772,"comment_status":"closed","ping_status":"open","sticky":false,"template":"","format":"standard","meta":[],"categories":[58],"tags":[],"amp_enabled":true,"_links":{"self":[{"href":"https:\/\/chpantalya.com\/index.php?rest_route=\/wp\/v2\/posts\/20825"}],"collection":[{"href":"https:\/\/chpantalya.com\/index.php?rest_route=\/wp\/v2\/posts"}],"about":[{"href":"https:\/\/chpantalya.com\/index.php?rest_route=\/wp\/v2\/types\/post"}],"author":[{"embeddable":true,"href":"https:\/\/chpantalya.com\/index.php?rest_route=\/wp\/v2\/users\/1"}],"replies":[{"embeddable":true,"href":"https:\/\/chpantalya.com\/index.php?rest_route=%2Fwp%2Fv2%2Fcomments&post=20825"}],"version-history":[{"count":0,"href":"https:\/\/chpantalya.com\/index.php?rest_route=\/wp\/v2\/posts\/20825\/revisions"}],"wp:featuredmedia":[{"embeddable":true,"href":"https:\/\/chpantalya.com\/index.php?rest_route=\/wp\/v2\/media\/20772"}],"wp:attachment":[{"href":"https:\/\/chpantalya.com\/index.php?rest_route=%2Fwp%2Fv2%2Fmedia&parent=20825"}],"wp:term":[{"taxonomy":"category","embeddable":true,"href":"https:\/\/chpantalya.com\/index.php?rest_route=%2Fwp%2Fv2%2Fcategories&post=20825"},{"taxonomy":"post_tag","embeddable":true,"href":"https:\/\/chpantalya.com\/index.php?rest_route=%2Fwp%2Fv2%2Ftags&post=20825"}],"curies":[{"name":"wp","href":"https:\/\/api.w.org\/{rel}","templated":true}]}}