{"id":20830,"date":"2020-03-20T14:42:44","date_gmt":"2020-03-20T11:42:44","guid":{"rendered":"http:\/\/chpantalya.com\/?p=20830"},"modified":"2020-03-20T14:42:44","modified_gmt":"2020-03-20T11:42:44","slug":"arisinava-girecek-ogrenciler-ve-aileleri-haber-bekliyor","status":"publish","type":"post","link":"https:\/\/chpantalya.com\/?p=20830","title":{"rendered":"ARI:\u201cS\u0131nava Girecek \u00d6\u011frenciler ve Aileleri Haber Bekliyor\u201d"},"content":{"rendered":"<p>CHP Antalya Milletvekili Cavit ARI, \u201cSa\u011fl\u0131\u011f\u0131m\u0131z\u0131 ciddi olarak tehdit eden Koronavir\u00fcs hastal\u0131\u011f\u0131n\u0131n hem sosyal hem de ekonomik hayat\u0131m\u0131z \u00fczerinde yaratt\u0131\u011f\u0131 riskleri \u00f6nlemeye y\u00f6nelik olarak al\u0131nan veya al\u0131nabilecek tedbirlere ili\u015fkin Say\u0131n Cumhurba\u015fkan\u0131 taraf\u0131ndan d\u00fcn ak\u015fam a\u00e7\u0131klama yap\u0131ld\u0131.<\/p>\n<p>Yap\u0131lan a\u00e7\u0131klamada liseye ge\u00e7i\u015f ve \u00fcniversitelere giri\u015f s\u0131navlar\u0131n\u0131n geli\u015fmelere g\u00f6re ileri bir tarihe ertelenebilece\u011fi s\u00f6ylendi. Akabinde Milli E\u011fitim Bakan\u0131 Say\u0131n Ziya Sel\u00e7uk taraf\u0131ndan da \u00f6\u011frencilerin sorumlu olaca\u011f\u0131 s\u0131nav konular\u0131n\u0131n okulda g\u00f6rd\u00fckleri dersleri kapsayaca\u011f\u0131na dair genel bir a\u00e7\u0131klama yap\u0131ld\u0131.\u201d dedi.<\/p>\n<p>Ar\u0131, konuyla ilgili olarak, \u201cBu y\u0131l yakla\u015f\u0131k 2,5 milyon \u00f6\u011frenci \u00fcniversite s\u0131nav\u0131na 1,6 milyon \u00f6\u011frenci de liseye ge\u00e7i\u015f s\u0131nav\u0131na girecek. \u00d6\u011frenciler, \u00f6\u011fretmenler ve aileler \u015fimdi ne olacak diye tedirgin bir \u015fekilde beklemektedir. Kafalarda soru i\u015fareti kalmayacak \u015fekilde yap\u0131lacak detayl\u0131 bir a\u00e7\u0131klama ile herkes rahatlat\u0131lmal\u0131d\u0131r. Aileler, \u00f6\u011frenciler ve \u00f6\u011fretmenler ne yapaca\u011f\u0131n\u0131 bilmelidir. S\u0131nava girecek \u00f6\u011frencilerin okullar\u0131n tatil olarak a\u00e7\u0131kland\u0131\u011f\u0131 g\u00fcn itibariyle m\u00fcfredata g\u00f6re verilen derslerden sorumlu olaca\u011f\u0131, hen\u00fcz g\u00f6r\u00fclmemi\u015f derslerden sorumlu olunmayaca\u011f\u0131 detayl\u0131 olarak a\u00e7\u0131klanmal\u0131d\u0131r. \u00d6\u011frencilerin en az\u0131ndan buna g\u00f6re \u00e7al\u0131\u015f\u0131p zaman\u0131 iyi kullanmalar\u0131 sa\u011flanmal\u0131d\u0131r. Aksi halde belirsizlikler ve okulda \u00f6\u011fretilmemi\u015f, g\u00f6r\u00fclmemi\u015f derslerden sorumluluk ikinci bir vaka yaratacakt\u0131r. Bu konudaki belirsizlik ve k\u00f6t\u00fcmser hava bir an \u00f6nce somut bir \u015fekilde giderilmelidir.<\/p>\n<p>Neredeyse \u00f6\u011frencisi ailesi \u00f6\u011fretmenleri ile 20 milyon ki\u015fiyi ilgilendiren bir belirsizlik net bir a\u00e7\u0131klama ile giderilmelidir. Hangi derslerden sorumluluk olaca\u011f\u0131 tek tek a\u00e7\u0131klanmal\u0131d\u0131r. \u00d6\u011frencilerin buna g\u00f6re haz\u0131rlanabilmesi sa\u011flanmal\u0131d\u0131r.\u201d diyerek konunun \u00f6nemini g\u00fcndeme ta\u015f\u0131d\u0131.<\/p>\n","protected":false},"excerpt":{"rendered":"<p>CHP Antalya Milletvekili Cavit ARI, \u201cSa\u011fl\u0131\u011f\u0131m\u0131z\u0131 ciddi olarak tehdit eden Koronavir\u00fcs hastal\u0131\u011f\u0131n\u0131n hem sosyal hem de ekonomik hayat\u0131m\u0131z \u00fczerinde yaratt\u0131\u011f\u0131 riskleri \u00f6nlemeye y\u00f6nelik olarak al\u0131nan veya al\u0131nabilecek tedbirlere ili\u015fkin Say\u0131n Cumhurba\u015fkan\u0131 taraf\u0131ndan d\u00fcn ak\u015fam a\u00e7\u0131klama yap\u0131ld\u0131. Yap\u0131lan a\u00e7\u0131klamada liseye ge\u00e7i\u015f ve \u00fcniversitelere giri\u015f s\u0131navlar\u0131n\u0131n geli\u015fmelere g\u00f6re ileri bir tarihe ertelenebilece\u011fi s\u00f6ylendi. Akabinde Milli E\u011fitim Bakan\u0131 [&hellip;]<\/p>\n","protected":false},"author":1,"featured_media":20819,"comment_status":"closed","ping_status":"open","sticky":false,"template":"","format":"standard","meta":[],"categories":[63,35],"tags":[],"amp_enabled":true,"_links":{"self":[{"href":"https:\/\/chpantalya.com\/index.php?rest_route=\/wp\/v2\/posts\/20830"}],"collection":[{"href":"https:\/\/chpantalya.com\/index.php?rest_route=\/wp\/v2\/posts"}],"about":[{"href":"https:\/\/chpantalya.com\/index.php?rest_route=\/wp\/v2\/types\/post"}],"author":[{"embeddable":true,"href":"https:\/\/chpantalya.com\/index.php?rest_route=\/wp\/v2\/users\/1"}],"replies":[{"embeddable":true,"href":"https:\/\/chpantalya.com\/index.php?rest_route=%2Fwp%2Fv2%2Fcomments&post=20830"}],"version-history":[{"count":0,"href":"https:\/\/chpantalya.com\/index.php?rest_route=\/wp\/v2\/posts\/20830\/revisions"}],"wp:featuredmedia":[{"embeddable":true,"href":"https:\/\/chpantalya.com\/index.php?rest_route=\/wp\/v2\/media\/20819"}],"wp:attachment":[{"href":"https:\/\/chpantalya.com\/index.php?rest_route=%2Fwp%2Fv2%2Fmedia&parent=20830"}],"wp:term":[{"taxonomy":"category","embeddable":true,"href":"https:\/\/chpantalya.com\/index.php?rest_route=%2Fwp%2Fv2%2Fcategories&post=20830"},{"taxonomy":"post_tag","embeddable":true,"href":"https:\/\/chpantalya.com\/index.php?rest_route=%2Fwp%2Fv2%2Ftags&post=20830"}],"curies":[{"name":"wp","href":"https:\/\/api.w.org\/{rel}","templated":true}]}}