{"id":20832,"date":"2020-03-20T14:45:59","date_gmt":"2020-03-20T11:45:59","guid":{"rendered":"http:\/\/chpantalya.com\/?p=20832"},"modified":"2020-03-20T14:45:59","modified_gmt":"2020-03-20T11:45:59","slug":"ozer-100-milyarlik-pakette-ciftciye-1-lira-bile-yok","status":"publish","type":"post","link":"https:\/\/chpantalya.com\/?p=20832","title":{"rendered":"\u00d6ZER: 100 M\u0130LYARLIK PAKETTE \u00c7\u0130FT\u00c7\u0130YE 1 L\u0130RA B\u0130LE YOK!"},"content":{"rendered":"<p>Koronavir\u00fcs salg\u0131n\u0131 i\u00e7in a\u00e7\u0131klanan 21 maddelik tedbir paketinde \u00fcreticinin olmamas\u0131n\u0131 ele\u015ftiren CHP\u2019li \u00d6zer, \u201c100 milyar lira ayr\u0131lan pakette \u00e7ift\u00e7iye 1 lira fazla g\u00f6r\u00fcld\u00fc. \u00c7ift\u00e7inin kredi bor\u00e7lar\u0131 faizsiz \u00fc\u00e7 ay \u00f6telenmeli. Salg\u0131n, \u00fcretimi vurmadan \u00f6nlemler al\u0131nmal\u0131\u201d dedi.<\/p>\n<p>CHP Antalya Milletvekili Ayd\u0131n \u00d6zer, salg\u0131n\u0131n\u0131n etkilerini azaltmak i\u00e7in a\u00e7\u0131klanan tedbir paketindeki 21 madde aras\u0131nda neden \u00fcretici ve \u00fcretimin olmad\u0131\u011f\u0131n\u0131 sordu. \u00d6zer, \u201cEkonomik \u0130stikrar Kalkan\u0131 ad\u0131n\u0131 verilen paketle toplamda 100 milyar liral\u0131k bir kaynak ayr\u0131l\u0131yor ama bunun 1 liras\u0131 bile \u00fcreticiye fazla g\u00f6r\u00fcl\u00fcyor. Neden? \u00c7ift\u00e7i neden hi\u00e7bir durumda ve s\u00fcre\u00e7te desteklenmiyor?\u201d diye konu\u015ftu.<\/p>\n<p><strong>TARIMSAL KRED\u0130 BOR\u00c7LARI FA\u0130ZS\u0130Z \u00d6TELENS\u0130N<\/strong><\/p>\n<p>\u00c7ift\u00e7iye ter\u00f6rist diyenlerin hala ayn\u0131 anlay\u0131\u015fla ve \u0131srarla \u00fcretime destek olmayan yanl\u0131\u015f bir tar\u0131m politikas\u0131 y\u00fcr\u00fctt\u00fcklerini belirten CHP\u2019li \u00d6zer, \u015f\u00f6yle devam etti:<\/p>\n<p>\u201c\u00c7ift\u00e7i karde\u015flerimizden b\u00fcy\u00fck tepki var. Diyorlar ki; bu vir\u00fcs paketinde neden tar\u0131m yok, hayvanc\u0131l\u0131k yok? Biz bu banka kredilerini nas\u0131l \u00f6deyece\u011fiz? Zirai ila\u00e7 bayilerine ne verece\u011fiz? \u00c7ift\u00e7ilerimiz bu isyanlar\u0131nda hakl\u0131. Bir an \u00f6nce gereken yap\u0131lmal\u0131 ve tar\u0131msal kredi bor\u00e7lar\u0131n\u0131n\u00a0faizsiz olarak \u00fc\u00e7 ay \u00f6telenmesine ili\u015fkin karar \u00e7\u0131kar\u0131lmal\u0131d\u0131r. Hatta Ba\u011fkur prim bor\u00e7lar\u0131n\u0131n da \u00f6telemesi yap\u0131lmal\u0131d\u0131r. \u0130thalat\u00e7\u0131 politikalarla zaten k\u00fcst\u00fcr\u00fclm\u00fc\u015f \u00fcreticilerin daha da zora d\u00fc\u015fmelerinin, en k\u00f6t\u00fcs\u00fc ise yok olmalar\u0131n\u0131n \u00f6n\u00fcne ge\u00e7ilmelidir.\u201d<\/p>\n<p><strong>\u0130THAL \u00dcR\u00dcNLER\u0130N F\u0130YATLARI ARTAB\u0130L\u0130R <\/strong><\/p>\n<p>Salg\u0131n nedeniyle insanlar\u0131n evde kalmalar\u0131na ili\u015fkin uyar\u0131lar\u0131 hat\u0131rlatan \u00d6zer, \u00f6n\u00fcm\u00fczdeki g\u00fcnlerde t\u00fcketicinin pazar ve marketlere de gitmekten imtina edebilece\u011fini s\u00f6yledi. \u00d6zer, \u015fu ifadelerde bulundu:<\/p>\n<p>\u201cT\u00fcketici internetten g\u0131da al\u0131\u015fveri\u015fine y\u00f6nelirse, bu de\u011fi\u015fiklikten \u00fcr\u00fcn tedarik zinciri olumsuz etkilenmeyecek mi? D\u00f6viz artarken ithal edilen \u00fcr\u00fcnlerin fiyatlar\u0131 artmayacak m\u0131? Bu salg\u0131n daha b\u00fcy\u00fck boyutlara ula\u015f\u0131rsa, ki bunu hi\u00e7 istemeyiz, kim gidip tarlada \u00e7al\u0131\u015facak? K\u0131sacas\u0131 yar\u0131n hasattan tutun \u00fcr\u00fcnlerin t\u00fcketiciye ula\u015fmas\u0131na kadar ge\u00e7en s\u00fcre\u00e7te ve market sat\u0131\u015f\u0131nda bile sorun ya\u015fanabilir. Salg\u0131n, \u00fcretimi vurmadan \u00f6nlem al\u0131nmal\u0131d\u0131r.\u201d<\/p>\n","protected":false},"excerpt":{"rendered":"<p>Koronavir\u00fcs salg\u0131n\u0131 i\u00e7in a\u00e7\u0131klanan 21 maddelik tedbir paketinde \u00fcreticinin olmamas\u0131n\u0131 ele\u015ftiren CHP\u2019li \u00d6zer, \u201c100 milyar lira ayr\u0131lan pakette \u00e7ift\u00e7iye 1 lira fazla g\u00f6r\u00fcld\u00fc. \u00c7ift\u00e7inin kredi bor\u00e7lar\u0131 faizsiz \u00fc\u00e7 ay \u00f6telenmeli. Salg\u0131n, \u00fcretimi vurmadan \u00f6nlemler al\u0131nmal\u0131\u201d dedi. CHP Antalya Milletvekili Ayd\u0131n \u00d6zer, salg\u0131n\u0131n\u0131n etkilerini azaltmak i\u00e7in a\u00e7\u0131klanan tedbir paketindeki 21 madde aras\u0131nda neden \u00fcretici ve \u00fcretimin [&hellip;]<\/p>\n","protected":false},"author":1,"featured_media":19496,"comment_status":"closed","ping_status":"open","sticky":false,"template":"","format":"standard","meta":[],"categories":[60,35],"tags":[],"amp_enabled":true,"_links":{"self":[{"href":"https:\/\/chpantalya.com\/index.php?rest_route=\/wp\/v2\/posts\/20832"}],"collection":[{"href":"https:\/\/chpantalya.com\/index.php?rest_route=\/wp\/v2\/posts"}],"about":[{"href":"https:\/\/chpantalya.com\/index.php?rest_route=\/wp\/v2\/types\/post"}],"author":[{"embeddable":true,"href":"https:\/\/chpantalya.com\/index.php?rest_route=\/wp\/v2\/users\/1"}],"replies":[{"embeddable":true,"href":"https:\/\/chpantalya.com\/index.php?rest_route=%2Fwp%2Fv2%2Fcomments&post=20832"}],"version-history":[{"count":0,"href":"https:\/\/chpantalya.com\/index.php?rest_route=\/wp\/v2\/posts\/20832\/revisions"}],"wp:featuredmedia":[{"embeddable":true,"href":"https:\/\/chpantalya.com\/index.php?rest_route=\/wp\/v2\/media\/19496"}],"wp:attachment":[{"href":"https:\/\/chpantalya.com\/index.php?rest_route=%2Fwp%2Fv2%2Fmedia&parent=20832"}],"wp:term":[{"taxonomy":"category","embeddable":true,"href":"https:\/\/chpantalya.com\/index.php?rest_route=%2Fwp%2Fv2%2Fcategories&post=20832"},{"taxonomy":"post_tag","embeddable":true,"href":"https:\/\/chpantalya.com\/index.php?rest_route=%2Fwp%2Fv2%2Ftags&post=20832"}],"curies":[{"name":"wp","href":"https:\/\/api.w.org\/{rel}","templated":true}]}}