{"id":20842,"date":"2020-03-22T20:49:09","date_gmt":"2020-03-22T17:49:09","guid":{"rendered":"http:\/\/chpantalya.com\/?p=20842"},"modified":"2020-03-22T20:49:09","modified_gmt":"2020-03-22T17:49:09","slug":"budak-alarm-zilleri-saraydan-duyulmuyor","status":"publish","type":"post","link":"https:\/\/chpantalya.com\/?p=20842","title":{"rendered":"BUDAK: \u201cALARM Z\u0130LLER\u0130 SARAY\u2019DAN DUYULMUYOR\u201d"},"content":{"rendered":"<p><strong>POLONYA Y\u00dcZDE 9, KANADA Y\u00dcZDE 5 AYIRIRKEN;<\/strong><\/p>\n<p><strong>T\u00dcRK\u0130YE GSYH\u2019NIN SADECE Y\u00dcZDE 2\u2019S\u0130N\u0130 TEDB\u0130R PAKET\u0130 \u0130\u00c7\u0130N AYIRDI<\/strong><\/p>\n<p>CHP Antalya Milletvekili \u00c7etin Osman Budak, ge\u00e7en hafta Cumhurba\u015fkan\u0131 Erdo\u011fan\u2019\u0131n a\u00e7\u0131klad\u0131\u011f\u0131 Ekonomik \u0130stikrar Kalkan\u0131 Paketi ile benzer tedbirleri alan \u00fclkelerin a\u00e7\u0131klad\u0131klar\u0131 ekonomi paketlerini kar\u015f\u0131la\u015ft\u0131rd\u0131. Buna g\u00f6re Kanada, Gayri Safi Yurti\u00e7i Has\u0131la\u2019n\u0131n (GSYH) y\u00fczde 5\u2019i, Polonya y\u00fczde 9\u2019u ve \u0130spanya y\u00fczde 15\u2019i kadar kayna\u011f\u0131 \u00f6nlem paketi i\u00e7in ay\u0131rd\u0131. T\u00fcrkiye\u2019de ise bu oran GSYH\u2019n\u0131n sadece y\u00fczde 2\u2019si oldu. Budak, \u201c\u00dcstelik bu paketin i\u00e7inde emek\u00e7i lehine tek bir kuru\u015f ayr\u0131lm\u0131\u015f de\u011fil. Geni\u015f tan\u0131ml\u0131 i\u015fsizlik mevcut haliyle 8 milyonu a\u015fm\u0131\u015fken yeni bir i\u015fsizlik dalgas\u0131n\u0131 kald\u0131racak durumda de\u011filiz. Ancak anla\u015f\u0131lan o ki istihdamda \u00e7alan alarm zilleri Saray\u2019dan duyulmuyor\u201d dedi.<\/p>\n<p>Budak, a\u00e7\u0131klamas\u0131nda \u015fu ifadelere yer verdi:<\/p>\n<p>\u201cCumhurba\u015fkan\u0131\u2019n\u0131n a\u00e7\u0131klad\u0131\u011f\u0131 Ekonomik \u0130stikrar Kalkan\u0131 Paketi, istihdama y\u00f6nelik \u00e7\u00f6z\u00fcm getirmekten \u00e7ok uzak. \u00a0Oysa \u015fu anda korona vir\u00fcs\u00fc krizi ile m\u00fccadele eden b\u00fct\u00fcn \u00fclkelerde en b\u00fcy\u00fck korku i\u015fsizlik patlamas\u0131n\u0131n ya\u015fanmas\u0131. Bunun i\u00e7in \u0130spanya GSYH\u2019n\u0131n y\u00fczde 15\u2019i kadar kayna\u011f\u0131 ekonomik m\u00fccadeleye ay\u0131r\u0131rken, bu oran Polonya\u2019da y\u00fczde 9, Kanada da ise y\u00fczde 5 oldu. Ayr\u0131ca Polonya ve Kanada, T\u00fcrkiye\u2019nin a\u00e7\u0131klad\u0131\u011f\u0131 toplam paketten daha b\u00fcy\u00fck bir miktar\u0131 da ekonomiye do\u011frudan nakit transferi olarak aktaracak. T\u00fcrkiye ise ne yaz\u0131k ki GSYH\u2019sinin yaln\u0131zca y\u00fczde 2\u2019si kadar bir kaynak ay\u0131rd\u0131. \u00dcstelik bu paket istihdam aya\u011f\u0131 eksik, i\u015f g\u00fcvencesini sa\u011flamaktan \u00e7ok uzak bir paket oldu.<\/p>\n<p><strong>\u0130NG\u0130LTERE \u00c7ALI\u015eAMAYAN \u0130\u015e\u00c7\u0130N\u0130N MAA\u015eININ Y\u00dcZDE 80\u2019\u0130N\u0130 \u00d6D\u00dcYOR<\/strong><\/p>\n<p>\u2018S\u00fcr\u00fc Ba\u011f\u0131\u015f\u0131kl\u0131\u011f\u0131\u2019 stratejisi nedeniyle ele\u015ftirilerin oda\u011f\u0131 olan \u0130ngiltere\u2019de h\u00fck\u00fcmet, \u00e7al\u0131\u015famayan i\u015f\u00e7ilerin maa\u015flar\u0131n\u0131n y\u00fczde 80\u2019ini \u00f6deyece\u011fini, en k\u00fc\u00e7\u00fck 700 bin i\u015fletmeye 10 bin sterlin hibe verece\u011fini a\u00e7\u0131klad\u0131. Polonya, i\u015f\u00e7i maa\u015flar\u0131n\u0131n y\u00fczde 40\u2019\u0131n\u0131 b\u00fct\u00e7eden kar\u015f\u0131layacak. Dahas\u0131, bu \u00fclkelerde i\u015fletmelerin sigorta prim \u00f6demeleri ertelenme yerine ge\u00e7ici bir s\u00fcre i\u00e7in kald\u0131r\u0131ld\u0131. Kanada, \u0130spanya gibi \u00fclkelerde de benzer uygulamalar hayata ge\u00e7iriliyor.<\/p>\n<p>T\u00fcm d\u00fcnya istihdam kayb\u0131n\u0131 \u00f6nlemek, gelir kay\u0131plar\u0131n\u0131 telafi etmek i\u00e7in seferber olmu\u015fken, bizim iktidar\u0131n g\u00fcndeminde i\u015fsiz kalma tehlikesiyle kar\u015f\u0131 kar\u015f\u0131ya olan milyonlarca \u00e7al\u0131\u015fana y\u00f6nelik herhangi bir politika yok. Geni\u015f tan\u0131ml\u0131 i\u015fsizlik mevcut haliyle 8 milyonu a\u015fm\u0131\u015fken yeni bir i\u015fsizlik dalgas\u0131n\u0131 kald\u0131racak durumda de\u011filiz.\u201d<\/p>\n","protected":false},"excerpt":{"rendered":"<p>POLONYA Y\u00dcZDE 9, KANADA Y\u00dcZDE 5 AYIRIRKEN; T\u00dcRK\u0130YE GSYH\u2019NIN SADECE Y\u00dcZDE 2\u2019S\u0130N\u0130 TEDB\u0130R PAKET\u0130 \u0130\u00c7\u0130N AYIRDI CHP Antalya Milletvekili \u00c7etin Osman Budak, ge\u00e7en hafta Cumhurba\u015fkan\u0131 Erdo\u011fan\u2019\u0131n a\u00e7\u0131klad\u0131\u011f\u0131 Ekonomik \u0130stikrar Kalkan\u0131 Paketi ile benzer tedbirleri alan \u00fclkelerin a\u00e7\u0131klad\u0131klar\u0131 ekonomi paketlerini kar\u015f\u0131la\u015ft\u0131rd\u0131. Buna g\u00f6re Kanada, Gayri Safi Yurti\u00e7i Has\u0131la\u2019n\u0131n (GSYH) y\u00fczde 5\u2019i, Polonya y\u00fczde 9\u2019u ve \u0130spanya [&hellip;]<\/p>\n","protected":false},"author":1,"featured_media":20843,"comment_status":"closed","ping_status":"open","sticky":false,"template":"","format":"standard","meta":[],"categories":[52,35],"tags":[],"amp_enabled":true,"_links":{"self":[{"href":"https:\/\/chpantalya.com\/index.php?rest_route=\/wp\/v2\/posts\/20842"}],"collection":[{"href":"https:\/\/chpantalya.com\/index.php?rest_route=\/wp\/v2\/posts"}],"about":[{"href":"https:\/\/chpantalya.com\/index.php?rest_route=\/wp\/v2\/types\/post"}],"author":[{"embeddable":true,"href":"https:\/\/chpantalya.com\/index.php?rest_route=\/wp\/v2\/users\/1"}],"replies":[{"embeddable":true,"href":"https:\/\/chpantalya.com\/index.php?rest_route=%2Fwp%2Fv2%2Fcomments&post=20842"}],"version-history":[{"count":0,"href":"https:\/\/chpantalya.com\/index.php?rest_route=\/wp\/v2\/posts\/20842\/revisions"}],"wp:featuredmedia":[{"embeddable":true,"href":"https:\/\/chpantalya.com\/index.php?rest_route=\/wp\/v2\/media\/20843"}],"wp:attachment":[{"href":"https:\/\/chpantalya.com\/index.php?rest_route=%2Fwp%2Fv2%2Fmedia&parent=20842"}],"wp:term":[{"taxonomy":"category","embeddable":true,"href":"https:\/\/chpantalya.com\/index.php?rest_route=%2Fwp%2Fv2%2Fcategories&post=20842"},{"taxonomy":"post_tag","embeddable":true,"href":"https:\/\/chpantalya.com\/index.php?rest_route=%2Fwp%2Fv2%2Ftags&post=20842"}],"curies":[{"name":"wp","href":"https:\/\/api.w.org\/{rel}","templated":true}]}}