{"id":20845,"date":"2020-03-21T20:52:45","date_gmt":"2020-03-21T17:52:45","guid":{"rendered":"http:\/\/chpantalya.com\/?p=20845"},"modified":"2020-03-22T20:54:07","modified_gmt":"2020-03-22T17:54:07","slug":"budak-koronavirus-once-turizm-emekcisini-vurdu","status":"publish","type":"post","link":"https:\/\/chpantalya.com\/?p=20845","title":{"rendered":"BUDAK: \u201cKORONAV\u0130R\u00dcS \u00d6NCE TUR\u0130ZM EMEK\u00c7\u0130S\u0130N\u0130 VURDU\u201d"},"content":{"rendered":"<p><strong>\u0130\u015e\u00c7\u0130 KORONAV\u0130R\u00dcSTEN M\u0130 KORUNSUN \u0130\u015eS\u0130ZL\u0130\u011e\u0130N DERD\u0130NE M\u0130 D\u00dc\u015eS\u00dcN<\/strong><\/p>\n<p>&nbsp;<\/p>\n<p><strong>\u201cTUR\u0130ZM \u0130\u015e\u00c7\u0130LER\u0130 \u0130\u00c7\u0130N \u0130\u015eS\u0130ZL\u0130K FONUNU DEVREYE ALIN\u201d<\/strong><\/p>\n<p>CHP Antalya Milletvekili \u00c7etin Osman Budak, 2019 T\u00dc\u0130K rakamlar\u0131na g\u00f6re 1 milyon 700 bin ki\u015finin do\u011frudan, 2,5 milyon ki\u015finin ise dolayl\u0131 olarak istihdam edildi\u011fi sekt\u00f6r\u00fcn k\u0131rm\u0131z\u0131 alarm verdi\u011fini s\u00f6yledi. Budak, \u201cG\u00f6z\u00fc kula\u011f\u0131 turizm sezonunun a\u00e7\u0131lmas\u0131nda olan turizm emek\u00e7ileri sezon a\u00e7\u0131l\u0131\u015f\u0131n\u0131n ertelenmesiyle koronavir\u00fcs dalgas\u0131ndan ilk etkilenen kesim oldu. Zaten k\u0131\u015f aylar\u0131nda b\u00fcy\u00fck \u00e7o\u011funlu\u011fu i\u015fsiz kalan turizm \u00e7al\u0131\u015fanlar\u0131 \u015fimdi yeni bir i\u015fsizlik tehdidiyle kar\u015f\u0131 kar\u015f\u0131ya. Say\u0131lar\u0131 300 bini bulan bir kesim, s\u00f6zle\u015fmeleri ask\u0131da oldu\u011fu i\u00e7in ba\u015fka i\u015f bulup da \u00e7al\u0131\u015fam\u0131yor. \u00d6denmesi gereken faturalar\u0131n\u0131 kim \u00f6deyecek? Sezon a\u00e7\u0131lm\u0131yor diye turizm emek\u00e7isi ta\u015f m\u0131 yiyecek?\u201d dedi.<\/p>\n<p>Ge\u00e7en y\u0131l 35 milyar dolar gelir ile cari a\u00e7\u0131\u011f\u0131n kapanmas\u0131nda do\u011frudan etki eden turizm sekt\u00f6r\u00fcn\u00fcn koronavir\u00fcs nedeniyle a\u011f\u0131r bir darbe ald\u0131\u011f\u0131na dikkat \u00e7eken Budak, \u015fu ifadelere yer verdi:<\/p>\n<p>\u201cD\u00fcnya Seyahat ve Turizm \u00d6rg\u00fct\u00fc (WTTC) global bir kriz oldu\u011funa dikkat \u00e7ekiyor ve \u00fclkelerin gerekli \u00f6nlemleri almamalar\u0131 halinde sadece turizm sekt\u00f6r\u00fcnde d\u00fcnyada 50 milyon ki\u015finin i\u015fsiz kalabilece\u011fi uyar\u0131s\u0131n\u0131 yap\u0131yor. Ayr\u0131ca bu sekt\u00f6rlerin yapaca\u011f\u0131 vergi ve benzeri \u00f6demelerin en az 12 ay boyunca ertelenmesi gerekti\u011finin alt\u0131n\u0131 \u00f6zellikle \u00e7iziyor.<\/p>\n<p>Durum bu kadar ciddiyken biz ne yap\u0131yoruz, ba\u015fl\u0131 ba\u015f\u0131na bir \u00e7al\u0131\u015fma yapmak yerine i\u015fte \u00f6nlem paketi diyerek turizm sekt\u00f6r\u00fcn\u00fc de birka\u00e7 maddeye s\u0131k\u0131\u015ft\u0131r\u0131veriyoruz. Sekt\u00f6r zaten kan kaybetti\u011fi i\u00e7in a\u00e7\u0131klanan paket elbette k\u00fc\u00e7\u00fck bir nefes ald\u0131r\u0131r ama bu da ge\u00e7ici bir nefes olur. \u00dcstelik \u015fu ko\u015fullarda sezonun ne zaman a\u00e7\u0131laca\u011f\u0131 bile belli de\u011fil.<\/p>\n<p><strong>2020 TUR\u0130ZMDE KAYIP YIL<\/strong><\/p>\n<p>Sekt\u00f6r\u00fcn t\u00fcm unsurlar\u0131 ama ba\u015fta seyahat acenteleri adeta varl\u0131k yokluk m\u00fccadelesi veriyor. Kas\u0131m, aral\u0131k, ocak ve \u015fubat aylar\u0131nda al\u0131nm\u0131\u015f t\u00fcm \u00f6n rezervasyonlar iptal edildi. \u015eu an i\u00e7in yeni rezervasyon da gelmiyor. Yani art\u0131k 2020\u2019yi kay\u0131p y\u0131l olarak d\u00fc\u015f\u00fcn\u00fcp, tedbirleri ona g\u00f6re almak gerekiyor.<\/p>\n<p>As\u0131l zor durumda olan hep oldu\u011fu gibi emek\u00e7i kesimi. Koronavir\u00fcsten korunmaya m\u0131 \u00e7al\u0131\u015fs\u0131nlar, yoksa i\u015fsiz kalman\u0131n derdine mi d\u00fc\u015fs\u00fcnler? Devlet \u00fczerine d\u00fc\u015feni yapmal\u0131. Krizden birinci derecede etkilenen mevsimlik i\u015f\u00e7i pozisyonundaki turizm emek\u00e7ilerinin maa\u015flar\u0131, bug\u00fcnler i\u00e7in kurulan i\u015fsizlik fonundan \u00f6denmelidir. \u0130\u015ften \u00e7\u0131karmalar\u0131n \u00f6n\u00fcne ge\u00e7ilmesi i\u00e7in de i\u015f\u00e7ilerin sigorta primlerinin de yine bu fondan kar\u015f\u0131lanmas\u0131 gerekiyor. Ayr\u0131ca k\u0131sa \u00e7al\u0131\u015fma \u00f6dene\u011fi turizm sekt\u00f6r\u00fc i\u00e7in de kulland\u0131r\u0131lmal\u0131 ve s\u00fcresi en az 6 aya \u00e7\u0131kart\u0131lmal\u0131d\u0131r.\u201d<\/p>\n<p><strong>\u00a0<\/strong><\/p>\n","protected":false},"excerpt":{"rendered":"<p>\u0130\u015e\u00c7\u0130 KORONAV\u0130R\u00dcSTEN M\u0130 KORUNSUN \u0130\u015eS\u0130ZL\u0130\u011e\u0130N DERD\u0130NE M\u0130 D\u00dc\u015eS\u00dcN &nbsp; \u201cTUR\u0130ZM \u0130\u015e\u00c7\u0130LER\u0130 \u0130\u00c7\u0130N \u0130\u015eS\u0130ZL\u0130K FONUNU DEVREYE ALIN\u201d CHP Antalya Milletvekili \u00c7etin Osman Budak, 2019 T\u00dc\u0130K rakamlar\u0131na g\u00f6re 1 milyon 700 bin ki\u015finin do\u011frudan, 2,5 milyon ki\u015finin ise dolayl\u0131 olarak istihdam edildi\u011fi sekt\u00f6r\u00fcn k\u0131rm\u0131z\u0131 alarm verdi\u011fini s\u00f6yledi. Budak, \u201cG\u00f6z\u00fc kula\u011f\u0131 turizm sezonunun a\u00e7\u0131lmas\u0131nda olan turizm emek\u00e7ileri sezon [&hellip;]<\/p>\n","protected":false},"author":1,"featured_media":19077,"comment_status":"closed","ping_status":"open","sticky":false,"template":"","format":"standard","meta":[],"categories":[52,35],"tags":[],"amp_enabled":true,"_links":{"self":[{"href":"https:\/\/chpantalya.com\/index.php?rest_route=\/wp\/v2\/posts\/20845"}],"collection":[{"href":"https:\/\/chpantalya.com\/index.php?rest_route=\/wp\/v2\/posts"}],"about":[{"href":"https:\/\/chpantalya.com\/index.php?rest_route=\/wp\/v2\/types\/post"}],"author":[{"embeddable":true,"href":"https:\/\/chpantalya.com\/index.php?rest_route=\/wp\/v2\/users\/1"}],"replies":[{"embeddable":true,"href":"https:\/\/chpantalya.com\/index.php?rest_route=%2Fwp%2Fv2%2Fcomments&post=20845"}],"version-history":[{"count":0,"href":"https:\/\/chpantalya.com\/index.php?rest_route=\/wp\/v2\/posts\/20845\/revisions"}],"wp:featuredmedia":[{"embeddable":true,"href":"https:\/\/chpantalya.com\/index.php?rest_route=\/wp\/v2\/media\/19077"}],"wp:attachment":[{"href":"https:\/\/chpantalya.com\/index.php?rest_route=%2Fwp%2Fv2%2Fmedia&parent=20845"}],"wp:term":[{"taxonomy":"category","embeddable":true,"href":"https:\/\/chpantalya.com\/index.php?rest_route=%2Fwp%2Fv2%2Fcategories&post=20845"},{"taxonomy":"post_tag","embeddable":true,"href":"https:\/\/chpantalya.com\/index.php?rest_route=%2Fwp%2Fv2%2Ftags&post=20845"}],"curies":[{"name":"wp","href":"https:\/\/api.w.org\/{rel}","templated":true}]}}