{"id":20847,"date":"2020-03-23T15:22:27","date_gmt":"2020-03-23T12:22:27","guid":{"rendered":"http:\/\/chpantalya.com\/?p=20847"},"modified":"2020-04-06T10:40:11","modified_gmt":"2020-04-06T07:40:11","slug":"zeybek-antalyada-koronaviruse-karsi-onlemler-arttirilmali","status":"publish","type":"post","link":"https:\/\/chpantalya.com\/?p=20847","title":{"rendered":"ZEYBEK: ANTALYA\u2019DA KORONAV\u0130R\u00dcSE KAR\u015eI \u00d6NLEMLER ARTTIRILMALI"},"content":{"rendered":"<p>CHP Antalya Milletvekili Rafet Zeybek, koronavir\u00fcs salg\u0131n\u0131na kar\u015f\u0131 Antalya ve sa\u011fl\u0131k emek\u00e7ileri i\u00e7in al\u0131nmas\u0131 gereken \u00f6nlemlere dair a\u00e7\u0131klamalarda bulundu.<br \/>\n\u201c\u00c7in\u2019in Wuhan \u015fehrinde ba\u015flayan ve k\u0131sa zaman i\u00e7inde t\u00fcm d\u00fcnyaya yay\u0131lan Covid-19 salg\u0131n\u0131n \u00fclkemizde de g\u00f6r\u00fclmesi \u00fczerine Sa\u011fl\u0131k Bakanl\u0131\u011f\u0131 ve ilgili bakanl\u0131klar taraf\u0131ndan \u00e7ok say\u0131da \u00f6nlem al\u0131nd\u0131. Sa\u011fl\u0131k emek\u00e7ilerinin fedakarl\u0131klar\u0131 ve \u00e7al\u0131\u015fmalar\u0131n\u0131n yan\u0131nda vatanda\u015flar\u0131m\u0131za da d\u00fc\u015fen b\u00fcy\u00fck sorumluluklar vard\u0131r, bu s\u00fcre\u00e7te sosyal temastan, kalabal\u0131k yerlerde bulunmaktan ka\u00e7\u0131n\u0131lmal\u0131, evlerimizde kalmal\u0131y\u0131z. Koronavir\u00fcs salg\u0131n\u0131 ile m\u00fccadelenin en \u00f6n ve tek cephesini olu\u015fturan t\u00fcm sa\u011fl\u0131k emek\u00e7ilerinin, bu s\u00fcre\u00e7te i\u015flerini kolayla\u015ft\u0131r\u0131lmas\u0131 gerekmektedir. Sa\u011fl\u0131k \u00e7al\u0131\u015fanlar\u0131 g\u00f6revlerini yaparken gerekli t\u00fcm ekipmanlar\u0131n, \u015fartlar\u0131n ve imkanlar\u0131n olu\u015fturuldu\u011funu bilmelidir. Sa\u011fl\u0131k emek\u00e7ileri enerjilerini bu konularla harcamamal\u0131, bunun i\u00e7inde Sa\u011fl\u0131k Bakanl\u0131\u011f\u0131\u2019na b\u00fcy\u00fck g\u00f6revler d\u00fc\u015fmektedir, gerekli envanter ve tedarik zincirini olu\u015fturmal\u0131, t\u00fcm sa\u011fl\u0131k kurulu\u015flar\u0131na ekipmanlar sa\u011flanmal\u0131d\u0131r.<\/p>\n<p>Antalya yap\u0131lan a\u00e7\u0131klamalar ile en riskli be\u015f \u015fehir aras\u0131nda yer almaktad\u0131r, bu y\u00fczden \u00f6nlemlerin ivedilikle al\u0131nmas\u0131 gereklidir. Antalya \u00f6zelinde ba\u015fta Aile Sa\u011fl\u0131\u011f\u0131 Merkezleri olmak \u00fczere, sa\u011fl\u0131k kurulu\u015flar\u0131na verilen koruyucu elbise, maske, g\u00f6zl\u00fck ve di\u011fer ekipmalar\u0131n say\u0131ca az oldu\u011fu bilgisi ula\u015fmaktad\u0131r. Birinci basamak sa\u011fl\u0131k kurulu\u015flar\u0131 olan ve vatanda\u015f\u0131n \u00f6ncelikle sa\u011fl\u0131k hizmeti ald\u0131\u011f\u0131 ASM\u2019lerde doktor, hem\u015fire ayr\u0131m\u0131 yap\u0131lmaks\u0131z\u0131n t\u00fcm sa\u011fl\u0131k \u00e7al\u0131\u015fanlar\u0131na koruyucu ekipman verilmelidir.<\/p>\n<p>Sa\u011fl\u0131k kurulu\u015flar\u0131nda da\u011f\u0131t\u0131lan ve s\u00fcrekli de\u011fi\u015ftirilmesi zorunlu olan maske ve benzeri ekipmanlar\u0131n say\u0131lar\u0131 bir an \u00f6nce art\u0131r\u0131lmal\u0131d\u0131r. Zincir marketler dahi maske tedarik edebilirken, sa\u011fl\u0131k kurulu\u015flar\u0131na az miktarda maske verilmesi, sa\u011fl\u0131k emek\u00e7ilerini koronavir\u00fcsle m\u00fccadelede zay\u0131flat\u0131r. Bu durumun sadece Antalya\u2019da de\u011fil, \u00fclke genelinde bir\u00e7ok sa\u011fl\u0131k kurulu\u015funda da ya\u015fand\u0131\u011f\u0131n\u0131 g\u00f6rmekteyiz. \u00d6ncelikler belirlenirken, enfeksiyon riski ile s\u00fcrekli kar\u015f\u0131 kar\u015f\u0131ya kalan, hastal\u0131kla do\u011frudan m\u00fccadele eden sa\u011fl\u0131k emek\u00e7ileri g\u00f6z ard\u0131 edilmemelidir.<\/p>\n<p><strong>SA\u011eLIK EMEK\u00c7\u0130LER\u0130NE TEST YAPILIYOR MU?<\/strong><\/p>\n<p>Koronavir\u00fcs ile m\u00fccadelede ilk temas hatt\u0131nda olan sa\u011fl\u0131k \u00e7al\u0131\u015fanlar\u0131na Antalya\u2019da da yeteri kadar test yap\u0131lmal\u0131d\u0131r, bir\u00e7ok sa\u011fl\u0131k kurulu\u015funda test kitinin olmad\u0131\u011f\u0131 bilgisi gelmektedir. Bas\u0131nda yer alan haberlere g\u00f6re ba\u015fka \u00fclkelere test kiti g\u00f6nderilmekte ama \u00fclkemizde yeteri kadar kit sa\u011fl\u0131k kurulu\u015flar\u0131na da\u011f\u0131t\u0131lmamakta, k\u00fcresel salg\u0131n, ulusal m\u00fccadele sloganlarla olmaz. Koronavir\u00fcs \u015f\u00fcphesi ta\u015f\u0131yan vatanda\u015flar\u0131m\u0131z ve sa\u011fl\u0131k \u00e7al\u0131\u015fanlar\u0131n\u0131n durumlar\u0131n\u0131n h\u0131zl\u0131 bir \u015fekilde \u00f6\u011frenilmesi, salg\u0131nla m\u00fccadelenin aksamamas\u0131 ve salg\u0131n\u0131n yay\u0131lmamas\u0131 i\u00e7in test kitlerinin da\u011f\u0131t\u0131m\u0131 yap\u0131lmal\u0131d\u0131r.<\/p>\n<p><strong>YEREL \u00d6L\u00c7EKTE B\u0130L\u0130M KURULLARI KURULSUN<\/strong><\/p>\n<p>Sa\u011fl\u0131k Bakanl\u0131\u011f\u0131\u2019n\u0131n g\u00f6r\u00fc\u015f ald\u0131\u011f\u0131 \u00e7ok sayg\u0131n bilim insanlar\u0131m\u0131z\u0131n yer ald\u0131\u011f\u0131 bilim kurulunun benzer modellemeleri yerel \u00f6l\u00e7ekte t\u00fcm \u015fehirlerde yap\u0131lmal\u0131d\u0131r. \u0130l Sa\u011fl\u0131k M\u00fcd\u00fcrl\u00fc\u011f\u00fc, Tabip Odas\u0131, sa\u011fl\u0131k sendikalar\u0131, Eczac\u0131lar Odas\u0131, \u00f6zel hastane temsilcileri, ilgili meslek dernekleri, medikalciler dahil bir\u00e7ok bile\u015fenin dahil oldu\u011fu, yerel y\u00f6netimlerinde eklemlendi\u011fi yerel \u00f6l\u00e7ekli bilim ve dan\u0131\u015fma kurullar\u0131 kurularak, h\u0131zl\u0131 ve etkin eylem planlar\u0131 ortaya konulabilir. Bu sayede envanterden, kullan\u0131labilecek yap\u0131lara, ula\u015f\u0131m, bar\u0131nma gibi \u00f6n\u00fcm\u00fczdeki s\u00fcre\u00e7te gerekecek bir\u00e7ok hayati konu i\u00e7in \u00e7\u00f6z\u00fcm bulunmu\u015f olacakt\u0131r. Bu s\u00fcre\u00e7te ayr\u0131ca atama bekleyen sa\u011fl\u0131k\u00e7\u0131lara kadro tahsisi ve g\u00fcvenlik soru\u015fturmas\u0131 bekleyen doktor, hem\u015fire ve sa\u011fl\u0131k memurlar\u0131n\u0131n h\u0131zl\u0131 bir \u015fekilde g\u00f6reve ba\u015flamalar\u0131 sa\u011flanmal\u0131d\u0131r.<\/p>\n","protected":false},"excerpt":{"rendered":"<p>CHP Antalya Milletvekili Rafet Zeybek, koronavir\u00fcs salg\u0131n\u0131na kar\u015f\u0131 Antalya ve sa\u011fl\u0131k emek\u00e7ileri i\u00e7in al\u0131nmas\u0131 gereken \u00f6nlemlere dair a\u00e7\u0131klamalarda bulundu. \u201c\u00c7in\u2019in Wuhan \u015fehrinde ba\u015flayan ve k\u0131sa zaman i\u00e7inde t\u00fcm d\u00fcnyaya yay\u0131lan Covid-19 salg\u0131n\u0131n \u00fclkemizde de g\u00f6r\u00fclmesi \u00fczerine Sa\u011fl\u0131k Bakanl\u0131\u011f\u0131 ve ilgili bakanl\u0131klar taraf\u0131ndan \u00e7ok say\u0131da \u00f6nlem al\u0131nd\u0131. Sa\u011fl\u0131k emek\u00e7ilerinin fedakarl\u0131klar\u0131 ve \u00e7al\u0131\u015fmalar\u0131n\u0131n yan\u0131nda vatanda\u015flar\u0131m\u0131za da d\u00fc\u015fen [&hellip;]<\/p>\n","protected":false},"author":1,"featured_media":20848,"comment_status":"closed","ping_status":"open","sticky":false,"template":"","format":"standard","meta":[],"categories":[35,62],"tags":[],"amp_enabled":true,"_links":{"self":[{"href":"https:\/\/chpantalya.com\/index.php?rest_route=\/wp\/v2\/posts\/20847"}],"collection":[{"href":"https:\/\/chpantalya.com\/index.php?rest_route=\/wp\/v2\/posts"}],"about":[{"href":"https:\/\/chpantalya.com\/index.php?rest_route=\/wp\/v2\/types\/post"}],"author":[{"embeddable":true,"href":"https:\/\/chpantalya.com\/index.php?rest_route=\/wp\/v2\/users\/1"}],"replies":[{"embeddable":true,"href":"https:\/\/chpantalya.com\/index.php?rest_route=%2Fwp%2Fv2%2Fcomments&post=20847"}],"version-history":[{"count":0,"href":"https:\/\/chpantalya.com\/index.php?rest_route=\/wp\/v2\/posts\/20847\/revisions"}],"wp:featuredmedia":[{"embeddable":true,"href":"https:\/\/chpantalya.com\/index.php?rest_route=\/wp\/v2\/media\/20848"}],"wp:attachment":[{"href":"https:\/\/chpantalya.com\/index.php?rest_route=%2Fwp%2Fv2%2Fmedia&parent=20847"}],"wp:term":[{"taxonomy":"category","embeddable":true,"href":"https:\/\/chpantalya.com\/index.php?rest_route=%2Fwp%2Fv2%2Fcategories&post=20847"},{"taxonomy":"post_tag","embeddable":true,"href":"https:\/\/chpantalya.com\/index.php?rest_route=%2Fwp%2Fv2%2Ftags&post=20847"}],"curies":[{"name":"wp","href":"https:\/\/api.w.org\/{rel}","templated":true}]}}