{"id":20907,"date":"2020-04-06T11:57:33","date_gmt":"2020-04-06T08:57:33","guid":{"rendered":"http:\/\/chpantalya.com\/?p=20907"},"modified":"2020-04-06T11:57:33","modified_gmt":"2020-04-06T08:57:33","slug":"zeybek-muhtarlar-yok-sayilamaz","status":"publish","type":"post","link":"https:\/\/chpantalya.com\/?p=20907","title":{"rendered":"ZEYBEK: MUHTARLAR YOK SAYILAMAZ"},"content":{"rendered":"<p>CHP Antalya Milletvekili Rafet Zeybek, koronavir\u00fcs salg\u0131n\u0131 \u00f6nlemlerinde yap\u0131lan yard\u0131m \u00e7al\u0131\u015fmalar\u0131nda Muratpa\u015fa \u0130l\u00e7esindeki mahalle muhtarlar\u0131n\u0131n Kaymakaml\u0131k taraf\u0131ndan g\u00f6z ard\u0131 edilmesini verdi\u011fi soru \u00f6nergesi ile TBMM\u2019ye ta\u015f\u0131d\u0131.<\/p>\n<p>CHP Milletvekili Rafet Zeybek, \u0130\u00e7i\u015fleri Bakan\u0131 S\u00fcleyman Soylu taraf\u0131ndan cevaplanmas\u0131 istemiyle verdi\u011fi soru \u00f6nergesinde, Muratpa\u015fa Kaymakaml\u0131\u011f\u0131\u2019n\u0131n mahalle muhtarlar\u0131na salg\u0131n nedeniyle yap\u0131lan \u00e7al\u0131\u015fmalarda g\u00f6rev ve bilgi ak\u0131\u015f\u0131 sa\u011flamamas\u0131n\u0131n gerek\u00e7elerini sordu. CHP\u2019li Zeybek soru \u00f6nergesi ile birlikte \u015fu a\u00e7\u0131klamalarda bulundu.<\/p>\n<p><strong>MUHTARLAR YOK SAYILAMAZ<\/strong><\/p>\n<p>\u201cT\u00fcm d\u00fcnyay\u0131 etkisi alt\u0131na alan ve \u00fclkemizde de artan vakalar ve \u00f6l\u00fcmlere yol a\u00e7an Koronavir\u00fcs salg\u0131n\u0131 nedeniyle al\u0131nan s\u0131k\u0131 tedbirlerin uygulanmas\u0131 ve ihtiya\u00e7 sahibi vatanda\u015flara yard\u0131m edilmesi i\u00e7in kamu kurum ve kurulu\u015flar\u0131 seferber olmu\u015ftur. Yard\u0131mlar\u0131n \u00f6zellikle 65 ya\u015f \u00fcst\u00fc, sa\u011fl\u0131k sorunlar\u0131 bulunan ve ekonomik durumu iyi olmayan vatanda\u015flar\u0131m\u0131za ula\u015ft\u0131rmada en etkin g\u00f6rev alabilecek mahalle muhtarlar\u0131m\u0131z Muratpa\u015fa il\u00e7emizde g\u00f6r ard\u0131 edilmektedir. Muratpa\u015fa il\u00e7emizde mahalle muhtarlar\u0131m\u0131z\u0131n koronavir\u00fcs salg\u0131n\u0131 nedeniyle al\u0131nan \u00f6nlemler kapsam\u0131nda yap\u0131lan \u00e7al\u0131\u015fmalara dair kaymakaml\u0131k taraf\u0131ndan bilgilendirilmedi\u011fi iddialar\u0131n\u0131n ve gerek\u00e7elerinin biran \u00f6nce cevapland\u0131r\u0131lmas\u0131 gereklidir. Cumhurba\u015fkan\u0131 Erdo\u011fan\u2019\u0131n her f\u0131rsatta \u00f6nem atfetti\u011fi ve Be\u015ftepe\u2019deki yerle\u015fkede konuk etti\u011fi muhtarlar\u0131n yard\u0131m s\u00fcrecine dahil edilmemesi uygulamada ve s\u00f6ylemde farkl\u0131l\u0131\u011f\u0131n oldu\u011funun g\u00f6stergesidir.\u201d<\/p>\n<p><strong>\u0130\u015eS\u0130Z KALAN VATANDA\u015eLARIMIZ \u0130LK \u00d6NCE MUHTARIN KAPISINI \u00c7ALIYOR<\/strong><\/p>\n<p>\u201cT\u00fcrkiye\u2019nin bir\u00e7ok yerinde ve Muratpa\u015fa il\u00e7emizde koronavir\u00fcs salg\u0131n\u0131 tedbirleri kapasam\u0131nda al\u0131nan \u00f6nlemler nedeniyle i\u015fini kaybeden ya da i\u015fyerlerini a\u00e7amayan bir\u00e7ok vatanda\u015f\u0131m\u0131z, a\u00e7\u0131klanan yard\u0131mlara ula\u015fabilmek ve bilgi alabilmek i\u00e7in \u00f6ncelikle tan\u0131d\u0131\u011f\u0131, h\u0131zl\u0131ca ula\u015fabildi\u011fi mahalle muhtarlar\u0131n\u0131 aramakta ve sa\u011fl\u0131kl\u0131 bilgi almak istemektedir, Kaymakaml\u0131\u011f\u0131n ise d\u00f6rt adet telefon numaras\u0131 ile hizmet verdi\u011fi ve ihtiya\u00e7 sahiplerinin bu numaralar\u0131 aramas\u0131 istenmektedir, ancak numaralar\u0131n yetersiz kalmas\u0131 ve Muratpa\u015fa\u2019da muhtarlara bilgi ak\u0131\u015f\u0131 sa\u011flanmamas\u0131 ile birlikte s\u00fcrece dahil edilmemeleri nedeniyle vatanda\u015flar\u0131m\u0131z ma\u011fduriyet ya\u015famaktad\u0131r. Ayr\u0131ca mahalle sakinleri ile s\u00fcrekli ileti\u015fim halinde olan ve onlar\u0131n sorunlar\u0131n\u0131 tespit etmek isteyen muhtarlar\u0131m\u0131za gerekli koruyucu ekipman\u0131n ula\u015ft\u0131r\u0131lmas\u0131 da gereklidir.\u201d<\/p>\n<p><strong>MUHTARLAR YER\u0130NE, \u0130MAMLAR MI G\u00d6REVLEND\u0130R\u0130LD\u0130?<\/strong><\/p>\n<p>\u201cMuratpa\u015fa\u2019da baz\u0131 mahallelerde cami imamlar\u0131 ve din g\u00f6revlilerinin ellerindeki listelerle vatanda\u015flar\u0131 ziyaret ettikleri bilgisi gelmektedir. Yerel y\u00f6netimlerin temel ta\u015f\u0131 olan muhtarlar\u0131m\u0131z yerine bir mahallede din g\u00f6revlilerine sorumluluk verilmesinin amac\u0131 nedir? Ya\u015fad\u0131klar\u0131 mahallede kimlerin yard\u0131ma muhta\u00e7 oldu\u011fu, kimlerin hasta ve bak\u0131ma ihtiya\u00e7 duydu\u011fu bilgisini muhtarlardan daha iyi bilmek m\u00fcmk\u00fcn de\u011filken, onlar\u0131 yok sayarak ba\u015fka kamu g\u00f6revlilerine vazife verilmesi yard\u0131mlar\u0131n etkin ve h\u0131zl\u0131 da\u011f\u0131l\u0131m\u0131nda aksakl\u0131klara yol a\u00e7acakt\u0131r. \u00a0Din g\u00f6revlilerinin ellerinde bulundu\u011fu iddia edilen listelerinde kimler taraf\u0131ndan haz\u0131rland\u0131\u011f\u0131n\u0131n ve kim taraf\u0131ndan verildi\u011finin de a\u00e7\u0131klanmas\u0131 gereklidir.<\/p>\n<p>Antalya Muratpa\u015fa Kaymakaml\u0131\u011f\u0131 yard\u0131m s\u00fcrecine ve bilgi payla\u015f\u0131m\u0131na mahalle muhtarlar\u0131n\u0131 dahil etmezken, kom\u015fu il\u00e7eler s\u00fcrecin t\u00fcm a\u015famalar\u0131nda mahalle muhtarlar\u0131 ile e\u015fg\u00fcd\u00fcm i\u00e7inde \u00e7al\u0131\u015fmaktad\u0131r. Ayn\u0131 ilde kom\u015fu il\u00e7eler aras\u0131nda farkl\u0131 uygulamalar\u0131n olmas\u0131, vatanda\u015f nezdinde devletin imaj\u0131n\u0131 olumsuz etkilemektedir. Koronavir\u00fcsle m\u00fccadelede her bir vatanda\u015f\u0131m\u0131za d\u00fc\u015fen sorumluluk kadar, her bir idarecimizin de b\u00fcy\u00fck sorumluluklar\u0131 vard\u0131r, Muratpa\u015fa\u2019da ya\u015fanan bu olumsuz tablo biran \u00f6nce giderilmeli, mahalle muhtarlar\u0131 s\u00fcrece dahil edilmelidir. Konunun takip\u00e7isi olmaya devam edece\u011fiz.\u201d<\/p>\n","protected":false},"excerpt":{"rendered":"<p>CHP Antalya Milletvekili Rafet Zeybek, koronavir\u00fcs salg\u0131n\u0131 \u00f6nlemlerinde yap\u0131lan yard\u0131m \u00e7al\u0131\u015fmalar\u0131nda Muratpa\u015fa \u0130l\u00e7esindeki mahalle muhtarlar\u0131n\u0131n Kaymakaml\u0131k taraf\u0131ndan g\u00f6z ard\u0131 edilmesini verdi\u011fi soru \u00f6nergesi ile TBMM\u2019ye ta\u015f\u0131d\u0131. CHP Milletvekili Rafet Zeybek, \u0130\u00e7i\u015fleri Bakan\u0131 S\u00fcleyman Soylu taraf\u0131ndan cevaplanmas\u0131 istemiyle verdi\u011fi soru \u00f6nergesinde, Muratpa\u015fa Kaymakaml\u0131\u011f\u0131\u2019n\u0131n mahalle muhtarlar\u0131na salg\u0131n nedeniyle yap\u0131lan \u00e7al\u0131\u015fmalarda g\u00f6rev ve bilgi ak\u0131\u015f\u0131 sa\u011flamamas\u0131n\u0131n gerek\u00e7elerini sordu. [&hellip;]<\/p>\n","protected":false},"author":1,"featured_media":20859,"comment_status":"closed","ping_status":"open","sticky":false,"template":"","format":"standard","meta":[],"categories":[35,62],"tags":[],"amp_enabled":true,"_links":{"self":[{"href":"https:\/\/chpantalya.com\/index.php?rest_route=\/wp\/v2\/posts\/20907"}],"collection":[{"href":"https:\/\/chpantalya.com\/index.php?rest_route=\/wp\/v2\/posts"}],"about":[{"href":"https:\/\/chpantalya.com\/index.php?rest_route=\/wp\/v2\/types\/post"}],"author":[{"embeddable":true,"href":"https:\/\/chpantalya.com\/index.php?rest_route=\/wp\/v2\/users\/1"}],"replies":[{"embeddable":true,"href":"https:\/\/chpantalya.com\/index.php?rest_route=%2Fwp%2Fv2%2Fcomments&post=20907"}],"version-history":[{"count":0,"href":"https:\/\/chpantalya.com\/index.php?rest_route=\/wp\/v2\/posts\/20907\/revisions"}],"wp:featuredmedia":[{"embeddable":true,"href":"https:\/\/chpantalya.com\/index.php?rest_route=\/wp\/v2\/media\/20859"}],"wp:attachment":[{"href":"https:\/\/chpantalya.com\/index.php?rest_route=%2Fwp%2Fv2%2Fmedia&parent=20907"}],"wp:term":[{"taxonomy":"category","embeddable":true,"href":"https:\/\/chpantalya.com\/index.php?rest_route=%2Fwp%2Fv2%2Fcategories&post=20907"},{"taxonomy":"post_tag","embeddable":true,"href":"https:\/\/chpantalya.com\/index.php?rest_route=%2Fwp%2Fv2%2Ftags&post=20907"}],"curies":[{"name":"wp","href":"https:\/\/api.w.org\/{rel}","templated":true}]}}