{"id":20950,"date":"2020-04-16T12:22:24","date_gmt":"2020-04-16T09:22:24","guid":{"rendered":"http:\/\/chpantalya.com\/?p=20950"},"modified":"2020-04-16T12:22:24","modified_gmt":"2020-04-16T09:22:24","slug":"zeybek-yoruk-gocleri-icin-hangi-tedbirler-alindi","status":"publish","type":"post","link":"https:\/\/chpantalya.com\/?p=20950","title":{"rendered":"ZEYBEK: Y\u00d6R\u00dcK G\u00d6\u00c7LER\u0130 \u0130\u00c7\u0130N HANG\u0130 TEDB\u0130RLER ALINDI?"},"content":{"rendered":"<p>CHP Antalya Milletvekili Rafet Zeybek bahar aylar\u0131nda Y\u00f6r\u00fcklerin g\u00f6\u00e7 mevsiminin yakla\u015fmas\u0131 ile birlikte, koronavir\u00fcs salg\u0131n\u0131 nedeniyle g\u00f6\u00e7lerin ne zaman yap\u0131laca\u011f\u0131 ve al\u0131nan tedbirleri Cumhurba\u015fkan\u0131 Fuat Oktay\u2019\u0131n yan\u0131tlamas\u0131 istemiyle soru \u00f6nergesi ile TBMM\u2019ye ta\u015f\u0131d\u0131.<\/p>\n<p><strong>Y\u00d6R\u00dcK G\u00d6\u00c7LER\u0130 \u0130\u00c7\u0130N HANG\u0130 TEDB\u0130RLER ALINDI?<\/strong><\/p>\n<p>CHP Antalya Milletvekili Rafet Zeybek Antalya, Adana, Mersin ve Mu\u011fla illeri ba\u015fta olmak \u00fczere bir\u00e7ok \u015fehirde bahar aylar\u0131n\u0131n geli\u015fi ile birlikte konarg\u00f6\u00e7er Y\u00f6r\u00fcklerin g\u00f6\u00e7 mevsiminin ba\u015flad\u0131\u011f\u0131n\u0131 belirtti. CHP\u2019li Zeybek verdi\u011fi soru \u00f6nergesi sonras\u0131 yapt\u0131\u011f\u0131 a\u00e7\u0131klamada \u015fu ifadeleri kulland\u0131; \u201c\u00dclkemizde de \u015fiddetle etkisini g\u00f6steren koronavir\u00fcs salg\u0131n\u0131 nedeniyle soka\u011fa \u00e7\u0131kma ve seyahat yasaklar\u0131 uygulanmaktad\u0131r. Hayvanc\u0131l\u0131kla ge\u00e7inen ve g\u00f6\u00e7 mevsiminde hayvanlar\u0131 ile birlikte g\u00f6\u00e7 eden Y\u00f6r\u00fckler, bu ya\u015fanan ortamda hangi \u015fartlarla g\u00f6\u00e7 edebilecekleri konusunda kayg\u0131 ya\u015famaktad\u0131rlar. Bir\u00e7ok b\u00fcy\u00fck\u015fehirde soka\u011fa \u00e7\u0131kma yasaklar\u0131 ve \u015fehirleraras\u0131 seyahat yasaklar\u0131 mevcut, g\u00f6\u00e7 esnas\u0131nda Y\u00f6r\u00fckler aileleri, e\u015fyalar\u0131 ve hayvanlar\u0131 ile birlikte \u015fehirleraras\u0131 s\u0131n\u0131rlar\u0131 a\u015fmaktad\u0131r. Tar\u0131m Bakan\u0131n\u0131n, tar\u0131m ve hayvanc\u0131l\u0131kla u\u011fra\u015fan vatanda\u015flar\u0131m\u0131z\u0131n soka\u011fa \u00e7\u0131kma yasa\u011f\u0131ndan muaf oldu\u011funu a\u00e7\u0131klamas\u0131, \u015fehirleraras\u0131 g\u00f6\u00e7 eden Y\u00f6r\u00fckleri de kapsamakta m\u0131d\u0131r, bu konuya a\u00e7\u0131kl\u0131k getirilmelidir. Y\u00f6r\u00fck g\u00f6\u00e7leri i\u00e7in \u015fimdiden izin belgelerinin haz\u0131rlanma \u00e7al\u0131\u015fmalar\u0131 yap\u0131lmal\u0131d\u0131r ve g\u00f6\u00e7ler bir d\u00fczen i\u00e7inde kamunun yard\u0131m\u0131 ile h\u0131zland\u0131r\u0131lmal\u0131d\u0131r. Y\u00f6r\u00fcklerin g\u00f6\u00e7 ettikleri alanlarda sa\u011fl\u0131k hizmetlerine kolay ula\u015f\u0131mlar\u0131na dair gerekli tedbirlerin al\u0131nmas\u0131 gereklidir.\u201d<\/p>\n<p><strong>Y\u00d6R\u00dcK G\u00d6\u00c7LER\u0130 BA\u015eLAMAZSA HAYVANCILIK ZARAR G\u00d6R\u00dcR<\/strong><\/p>\n<p>CHP\u2019li Zeybek, AKP\u2019nin yanl\u0131\u015f tar\u0131m politikalar\u0131 nedeniyle kendi kendine yeten bir \u00fclkeden, tar\u0131m ve hayvanc\u0131l\u0131kta d\u0131\u015fa ba\u011f\u0131ml\u0131 bir hale gelindi\u011fine vurgu yaparak, \u201cY\u00f6r\u00fckler b\u00fcy\u00fck oranda ge\u00e7imini hayvanc\u0131l\u0131kla sa\u011flamaktad\u0131r, hayvanlar\u0131n\u0131 otlatt\u0131klar\u0131 alanlara g\u00f6\u00e7leri y\u00fczy\u0131llard\u0131r s\u00fcregelmi\u015ftir. Y\u00f6r\u00fckler, T\u00fcrkiye\u2019de hayvanc\u0131l\u0131\u011fa katk\u0131 sa\u011flamakta ve yerli \u00fcretimin devam etmesini sa\u011flayan en \u00f6nemli kesimdir.\u00a0 T\u00fcm maliyet ve pazar s\u0131k\u0131nt\u0131lar\u0131na ra\u011fmen, hayvanc\u0131l\u0131ktan vazge\u00e7meyerek \u00fclke ekonomisine katk\u0131 sa\u011flamaya devam eden Y\u00f6r\u00fcklerin, g\u00f6\u00e7lerini kolayla\u015ft\u0131r\u0131lmas\u0131 elzemdir, zira g\u00f6\u00e7 koronavir\u00fcs salg\u0131n\u0131 nedeniyle yap\u0131lamazsa ya da gecikirse \u00e7ok say\u0131da hayvan telef olacak ve ilerleyen s\u00fcre\u00e7te \u00fclkemizde hayvanc\u0131l\u0131kta s\u0131k\u0131nt\u0131 ya\u015fanmas\u0131na yol a\u00e7acakt\u0131r.\u201d ifadesini kulland\u0131.<\/p>\n<p><strong>TOROSLARDA DUMAN T\u00dcTMEL\u0130 <\/strong><\/p>\n<p>Y\u00f6r\u00fcklerin hayvanc\u0131l\u0131\u011fa olan katk\u0131lar\u0131n\u0131n yan\u0131 s\u0131ra \u00f6nemli bir k\u00fclt\u00fcrel mirasa sahip oldu\u011funu belirten CHP\u2019li Zeybek, \u00a0\u201cY\u00f6r\u00fckl\u00fck bir ya\u015fam tarz\u0131d\u0131r. Bu ya\u015fam tarz\u0131 yok olmamal\u0131 ve her ko\u015fulda desteklenmelidir. Devlet, Y\u00f6r\u00fckleri ekonomik te\u015fviklerle desteklemelidir. Gazi Mustafa Kemal Atat\u00fcrk \u2018\u00fcn \u201cArkada\u015flar! Gidip, Toros Da\u011flar\u0131&#8217;na bak\u0131n\u0131z, e\u011fer orada bir tek Y\u00f6r\u00fck \u00e7ad\u0131r\u0131 g\u00f6r\u00fcrseniz ve o \u00e7ad\u0131rda bir duman t\u00fct\u00fcyorsa, \u015funu \u00e7ok iyi biliniz ki bu d\u00fcnyada hi\u00e7bir g\u00fc\u00e7 ve kuvvet asla bizi yenemez.\u201d diyerek \u00f6nem verdi\u011fi bu kadim ve tarihi k\u00fclt\u00fcr\u00fcm\u00fcz, i\u00e7inde bulundu\u011fumuz k\u00f6t\u00fc g\u00fcnlerin sonunda bir umudun simgesi olacakt\u0131r.\u201d dedi.<\/p>\n<p>&nbsp;<\/p>\n","protected":false},"excerpt":{"rendered":"<p>CHP Antalya Milletvekili Rafet Zeybek bahar aylar\u0131nda Y\u00f6r\u00fcklerin g\u00f6\u00e7 mevsiminin yakla\u015fmas\u0131 ile birlikte, koronavir\u00fcs salg\u0131n\u0131 nedeniyle g\u00f6\u00e7lerin ne zaman yap\u0131laca\u011f\u0131 ve al\u0131nan tedbirleri Cumhurba\u015fkan\u0131 Fuat Oktay\u2019\u0131n yan\u0131tlamas\u0131 istemiyle soru \u00f6nergesi ile TBMM\u2019ye ta\u015f\u0131d\u0131. Y\u00d6R\u00dcK G\u00d6\u00c7LER\u0130 \u0130\u00c7\u0130N HANG\u0130 TEDB\u0130RLER ALINDI? CHP Antalya Milletvekili Rafet Zeybek Antalya, Adana, Mersin ve Mu\u011fla illeri ba\u015fta olmak \u00fczere bir\u00e7ok \u015fehirde [&hellip;]<\/p>\n","protected":false},"author":1,"featured_media":20859,"comment_status":"closed","ping_status":"open","sticky":false,"template":"","format":"standard","meta":[],"categories":[35,62],"tags":[],"amp_enabled":true,"_links":{"self":[{"href":"https:\/\/chpantalya.com\/index.php?rest_route=\/wp\/v2\/posts\/20950"}],"collection":[{"href":"https:\/\/chpantalya.com\/index.php?rest_route=\/wp\/v2\/posts"}],"about":[{"href":"https:\/\/chpantalya.com\/index.php?rest_route=\/wp\/v2\/types\/post"}],"author":[{"embeddable":true,"href":"https:\/\/chpantalya.com\/index.php?rest_route=\/wp\/v2\/users\/1"}],"replies":[{"embeddable":true,"href":"https:\/\/chpantalya.com\/index.php?rest_route=%2Fwp%2Fv2%2Fcomments&post=20950"}],"version-history":[{"count":0,"href":"https:\/\/chpantalya.com\/index.php?rest_route=\/wp\/v2\/posts\/20950\/revisions"}],"wp:featuredmedia":[{"embeddable":true,"href":"https:\/\/chpantalya.com\/index.php?rest_route=\/wp\/v2\/media\/20859"}],"wp:attachment":[{"href":"https:\/\/chpantalya.com\/index.php?rest_route=%2Fwp%2Fv2%2Fmedia&parent=20950"}],"wp:term":[{"taxonomy":"category","embeddable":true,"href":"https:\/\/chpantalya.com\/index.php?rest_route=%2Fwp%2Fv2%2Fcategories&post=20950"},{"taxonomy":"post_tag","embeddable":true,"href":"https:\/\/chpantalya.com\/index.php?rest_route=%2Fwp%2Fv2%2Ftags&post=20950"}],"curies":[{"name":"wp","href":"https:\/\/api.w.org\/{rel}","templated":true}]}}