{"id":20955,"date":"2020-04-18T20:29:18","date_gmt":"2020-04-18T17:29:18","guid":{"rendered":"http:\/\/chpantalya.com\/?p=20955"},"modified":"2020-04-18T20:29:18","modified_gmt":"2020-04-18T17:29:18","slug":"deveci-infaz-yasasi-kadin-ve-cocuklar-icin-hayati-tehdittir","status":"publish","type":"post","link":"https:\/\/chpantalya.com\/?p=20955","title":{"rendered":"DEVEC\u0130: \u0130NFAZ YASASI, KADIN VE \u00c7OCUKLAR \u0130\u00c7\u0130N HAYAT\u0130 TEHD\u0130TT\u0130R"},"content":{"rendered":"<p><a href=\"https:\/\/chpantalya.com\/?attachment_id=20956\" rel=\"attachment wp-att-20956\"><img loading=\"lazy\" class=\"alignleft  wp-image-20956\" src=\"https:\/\/chpantalya.com\/wp-content\/uploads\/2020\/04\/nil\u00fcfer-deveci.jpg\" alt=\"\" width=\"238\" height=\"357\" srcset=\"https:\/\/chpantalya.com\/wp-content\/uploads\/2020\/04\/nil\u00fcfer-deveci.jpg 640w, https:\/\/chpantalya.com\/wp-content\/uploads\/2020\/04\/nil\u00fcfer-deveci-200x300.jpg 200w, https:\/\/chpantalya.com\/wp-content\/uploads\/2020\/04\/nil\u00fcfer-deveci-280x420.jpg 280w, https:\/\/chpantalya.com\/wp-content\/uploads\/2020\/04\/nil\u00fcfer-deveci-560x840.jpg 560w\" sizes=\"(max-width: 238px) 100vw, 238px\" \/><\/a>Cumhuriyet Halk Partisi Antalya Kad\u0131n Kollar\u0131 \u0130l Ba\u015fkan\u0131 Nil\u00fcfer Deveci yapt\u0131\u011f\u0131 yaz\u0131l\u0131 a\u00e7\u0131klama ile son g\u00fcnlerin en tart\u0131\u015fmal\u0131 yasa olan infaz yasas\u0131n\u0131n kad\u0131n ve \u00e7ocuklar i\u00e7in hayati tehdit oldu\u011funu belirtti.<\/p>\n<p>Deveci a\u00e7\u0131klamas\u0131nda kelime oyunlar\u0131 ile milletvekillerinin iradesi ve bilgisi d\u0131\u015f\u0131nda halk\u0131n kand\u0131r\u0131ld\u0131\u011f\u0131n\u0131 s\u00f6yledi.<\/p>\n<p>Cumhuriyet Halk Partisi Antalya Kad\u0131n Kollar\u0131 \u0130l Ba\u015fkan\u0131\u2019nin infaz yasas\u0131 konusunda kad\u0131na \u015fiddetle ilgili a\u00e7\u0131klamas\u0131 \u015f\u00f6yle:<\/p>\n<p>\u201c\u0130nfaz Yasas\u0131, kad\u0131n ve \u00e7ocuklar i\u00e7in hayati tehdittir. T\u00fcrk Ceza Kanunu\u2019nda \u201ckad\u0131na y\u00f6nelik \u015fiddet\u201d bi\u00e7iminde tan\u0131mlanm\u0131\u015f bir su\u00e7 yoktur. \u0130ktidar, infaz tasar\u0131s\u0131n\u0131 \u201ckad\u0131na y\u00f6nelik \u015fiddet su\u00e7lar\u0131 ve cinsel su\u00e7lar\u201d kapsam d\u0131\u015f\u0131 diyerek asl\u0131nda bu su\u00e7lar\u0131 kapsam i\u00e7ine alarak, milletvekillerinin iradesi ve bilgisi d\u0131\u015f\u0131nda ve halk\u0131 kand\u0131rarak yasala\u015ft\u0131rm\u0131\u015ft\u0131r.<\/p>\n<p>Bu yasa nedeniyle, e\u015fine \u015fiddet uygulayan, t\u0131rnak i\u00e7inde \u201cen sevdi\u011fini\u201d hunharca katleden, \u00e7ocuklara cinsel istismar uygulayan katiller, tecav\u00fczc\u00fcler serbest b\u0131rak\u0131lacak; siyasi tutsaklar, d\u00fc\u015f\u00fcnce su\u00e7lular\u0131 (avukatlar, gazeteciler, siyaset\u00e7iler, yazarlar) cezaevinde korona nedeniyle \u00f6l\u00fcme terk edileceklerdir.<\/p>\n<p>Cezaevlerinde, \u00f6zellikle pandemi ko\u015fullar\u0131nda yeterli \u00f6nlemlerin al\u0131nmamas\u0131, insan\u0131n \u201cya\u015fam hakk\u0131\u201dna ayk\u0131r\u0131d\u0131r. Yap\u0131lan d\u00fczenleme \u00f6rt\u00fcl\u00fc af i\u00e7erirken, bu su\u00e7lar\u0131n ma\u011fduru olan \u00e7ocuklar ve kad\u0131nlar hi\u00e7 d\u00fc\u015f\u00fcn\u00fclmemektedir. Faillerin, tehdit unsuru haline gelmemeleri i\u00e7in hi\u00e7 bir \u00f6nlem al\u0131nmamaktad\u0131r. 20 y\u0131la yak\u0131n iktidarda olan Adalet ve Kalk\u0131nma Partisi, tarikat ve cemaatlerle yeti\u015fmi\u015f bir nesli, yarg\u0131 mekanizmalar\u0131nda bilirki\u015fi konumunda bulundurmaktad\u0131r. Bu sistem kad\u0131nlar\u0131n\u0131 ve \u00e7ocuklar\u0131n\u0131 koruyamamaktad\u0131r.<\/p>\n<p>6284 Say\u0131l\u0131 Aile \u0130\u00e7i \u015eiddetin \u00d6nlenmesine Dair Kanun \u2018unda mevcut koruma kararlar\u0131na derhal kolayl\u0131k ve ek \u00f6nlemler getirilmelidir. Korona g\u00fcnlerinde, sosyal izolasyon i\u00e7in \u00e7o\u011fu \u00fclke \u00f6nlemler alm\u0131\u015ft\u0131r. \u0130talya\u2019da 24 saat \u015fiddet hatt\u0131 \u00e7al\u0131\u015facak, Avusturya\u2019da \u00f6zel yasa \u00e7\u0131kar\u0131lacak, Fransa\u2019da eczac\u0131lar, \u015fiddete u\u011frayan kad\u0131nlar\u0131n, maske 19, parolas\u0131n\u0131 s\u00f6yledikleri takdirde polise bildirim yapacaklar\u0131n\u0131 beyan etmi\u015flerdir. T\u00fcrkiye\u2019de e\u015fine \u015fiddet uygulayan failin di\u011fer e\u015fin evine geri g\u00f6nderilmesiyle, \u015fiddet ve kad\u0131n cinayetlerinin \u00f6n\u00fc a\u00e7\u0131lmaktad\u0131r. E\u015fine, sevgilisine uygulad\u0131\u011f\u0131 \u015fiddet ve yaralamadan dolay\u0131 hapis cezas\u0131 alan fail, bu yasa tasar\u0131s\u0131 ile hi\u00e7 ceza almayacakt\u0131r.! Korona vir\u00fcs\u00fcn \u00fclkemizde aktif bir \u015fekilde g\u00f6r\u00fclmeye ba\u015fland\u0131\u011f\u0131 g\u00fcnden beri , fiziksel \u015fiddet y\u00fczde 80, psikolojik \u015fiddet y\u00fczde 93 artm\u0131\u015ft\u0131r. 36 kad\u0131n cinayetinden 24\u2019\u00fc toplumsal cinsiyet e\u015fitli\u011finden kaynaklanm\u0131\u015ft\u0131r.<\/p>\n<p>Son g\u00fcnlerde, 2016 y\u0131l\u0131ndan beri defalarca g\u00fcndeme getirilen, \u00e7ocuklar\u0131n istismarc\u0131lar\u0131yla evlenmeleri halinde cezas\u0131zl\u0131k getirmeye y\u00f6nelik yasa teklifinin Meclise sunulaca\u011f\u0131na dair, sosyal medyaya yans\u0131yan bir belge g\u00fcndeme gelmi\u015ftir. Bu belgenin var olma ihtimali bile kabul edilemez bir durumdur. Yani 29 ya\u015f\u0131ndaki bir erkek, 14 ya\u015f\u0131ndaki bir k\u0131z\u0131 ka\u00e7\u0131r\u0131p tecav\u00fcz edip evlense, tecav\u00fczc\u00fcs\u00fc affedilecekti.!. Anayasaya, kabul etti\u011fimiz Uluslararas\u0131 S\u00f6zle\u015fmeler\u2019e ve T\u00fcrk Ceza Kanunu\u2019na g\u00f6re bu SU\u00c7TUR! Birle\u015fmi\u015f Milletler \u00c7ocuk Haklar\u0131 S\u00f6zle\u015fmesi\u2019ne g\u00f6re 18 ya\u015f\u0131ndan k\u00fc\u00e7\u00fck her birey \u00e7ocuktur.! Barolar\u0131n ve STK\u2019lar\u0131n ve siyasi partilerin eylemleriyle, \u015fu an \u0130nfaz Yasas\u0131\u2019na eklenmek istenen bu madde, g\u00fcndemden uzakla\u015ft\u0131r\u0131lm\u0131\u015f gibi g\u00f6r\u00fcnse de \u201cSay\u0131n Cumhurba\u015fkan\u0131\u2019n\u0131n, iktidar ve muhalefet partileri anla\u015f\u0131p \u00f6yle gelsinler\u201d beyan\u0131yla, muhalefeti ikna etmeye \u00e7al\u0131\u015ft\u0131\u011f\u0131 ortadad\u0131r.<\/p>\n<p>Bu yasala\u015fman\u0131n, temcit pilav\u0131 gibi \u0131s\u0131t\u0131l\u0131p \u0131s\u0131t\u0131l\u0131p \u00f6n\u00fcm\u00fcze sunulmas\u0131 ka\u00e7\u0131n\u0131lmazd\u0131r. Biz kurulu\u015f ve kurtulu\u015fun partisi olarak d\u00fcn oldu\u011fu gibi bug\u00fcn ve yar\u0131nda, bu bak\u0131\u015f a\u00e7\u0131s\u0131na, bu yasa tasar\u0131s\u0131na HAYIR DED\u0130K VE HAYIR D\u0130YECE\u011e\u0130Z.! Laik ve sosyal Cumhuriyet \u00e7er\u00e7evesinde, Atat\u00fcrk devrimleri \u0131\u015f\u0131\u011f\u0131nda; insan\u0131n, kad\u0131n\u0131n, \u00e7ocu\u011fun, ma\u011fdurun yan\u0131nda olmaya devam edece\u011fiz.! Nas\u0131lsa \u015fiddete \u015fiddetle kar\u015f\u0131l\u0131k verilmiyorsa da adaletsizli\u011fin adaletle y\u0131kaca\u011f\u0131z\u201d diye konu\u015ftu.<\/p>\n","protected":false},"excerpt":{"rendered":"<p>Cumhuriyet Halk Partisi Antalya Kad\u0131n Kollar\u0131 \u0130l Ba\u015fkan\u0131 Nil\u00fcfer Deveci yapt\u0131\u011f\u0131 yaz\u0131l\u0131 a\u00e7\u0131klama ile son g\u00fcnlerin en tart\u0131\u015fmal\u0131 yasa olan infaz yasas\u0131n\u0131n kad\u0131n ve \u00e7ocuklar i\u00e7in hayati tehdit oldu\u011funu belirtti. Deveci a\u00e7\u0131klamas\u0131nda kelime oyunlar\u0131 ile milletvekillerinin iradesi ve bilgisi d\u0131\u015f\u0131nda halk\u0131n kand\u0131r\u0131ld\u0131\u011f\u0131n\u0131 s\u00f6yledi. Cumhuriyet Halk Partisi Antalya Kad\u0131n Kollar\u0131 \u0130l Ba\u015fkan\u0131\u2019nin infaz yasas\u0131 konusunda kad\u0131na [&hellip;]<\/p>\n","protected":false},"author":1,"featured_media":20958,"comment_status":"closed","ping_status":"open","sticky":false,"template":"","format":"standard","meta":[],"categories":[49],"tags":[],"amp_enabled":true,"_links":{"self":[{"href":"https:\/\/chpantalya.com\/index.php?rest_route=\/wp\/v2\/posts\/20955"}],"collection":[{"href":"https:\/\/chpantalya.com\/index.php?rest_route=\/wp\/v2\/posts"}],"about":[{"href":"https:\/\/chpantalya.com\/index.php?rest_route=\/wp\/v2\/types\/post"}],"author":[{"embeddable":true,"href":"https:\/\/chpantalya.com\/index.php?rest_route=\/wp\/v2\/users\/1"}],"replies":[{"embeddable":true,"href":"https:\/\/chpantalya.com\/index.php?rest_route=%2Fwp%2Fv2%2Fcomments&post=20955"}],"version-history":[{"count":0,"href":"https:\/\/chpantalya.com\/index.php?rest_route=\/wp\/v2\/posts\/20955\/revisions"}],"wp:featuredmedia":[{"embeddable":true,"href":"https:\/\/chpantalya.com\/index.php?rest_route=\/wp\/v2\/media\/20958"}],"wp:attachment":[{"href":"https:\/\/chpantalya.com\/index.php?rest_route=%2Fwp%2Fv2%2Fmedia&parent=20955"}],"wp:term":[{"taxonomy":"category","embeddable":true,"href":"https:\/\/chpantalya.com\/index.php?rest_route=%2Fwp%2Fv2%2Fcategories&post=20955"},{"taxonomy":"post_tag","embeddable":true,"href":"https:\/\/chpantalya.com\/index.php?rest_route=%2Fwp%2Fv2%2Ftags&post=20955"}],"curies":[{"name":"wp","href":"https:\/\/api.w.org\/{rel}","templated":true}]}}