{"id":21136,"date":"2020-06-11T11:05:54","date_gmt":"2020-06-11T08:05:54","guid":{"rendered":"http:\/\/chpantalya.com\/?p=21136"},"modified":"2020-06-11T11:05:54","modified_gmt":"2020-06-11T08:05:54","slug":"budaktan-yabanci-turist-icin-ucus-emniyeti-uyarisi","status":"publish","type":"post","link":"https:\/\/chpantalya.com\/?p=21136","title":{"rendered":"BUDAK\u2019TAN YABANCI TUR\u0130ST \u0130\u00c7\u0130N U\u00c7U\u015e EMN\u0130YET\u0130 UYARISI"},"content":{"rendered":"<p>&nbsp;<\/p>\n<p>\u201cVAKA SAYILARI \u0130L BAZINDA A\u00c7IKLANMALI\u201d<\/p>\n<p>CHP Antalya Milletvekili \u00c7etin Osman Budak, salg\u0131n nedeniyle k\u00fcresel duraklama ya\u015fayan turizm hareketinin yeniden ba\u015flamas\u0131 i\u00e7in her \u00fclkenin farkl\u0131 uygulamalar\u0131 hayata ge\u00e7irdi\u011fine dikkat \u00e7ekerek, \u201c\u00d6zellikle Avrupal\u0131 turistleri \u00fclkemize \u00e7ekmek istiyorsak, \u00f6nce u\u00e7ulacak havaalan\u0131n bulundu\u011fu kentteki vaka say\u0131lar\u0131n\u0131n \u015feffaf bir \u015fekilde a\u00e7\u0131klanmas\u0131 gerekiyor. Ama bizde hala vaka say\u0131lar\u0131 \u00fclke geneli olarak a\u00e7\u0131kland\u0131\u011f\u0131ndan, \u00f6zellikle Avrupal\u0131 havayollar\u0131n\u0131n u\u00e7u\u015f planlar\u0131 i\u00e7inde yer alam\u0131yoruz.\u201d dedi.<\/p>\n<p>Sa\u011fl\u0131k Bakan\u0131 Fahrettin Koca\u2019n\u0131n yan\u0131tlamas\u0131 istemiyle TBMM Ba\u015fkanl\u0131\u011f\u0131na bir soru \u00f6nergesi sunan Budak, \u00f6nergede \u015fu ifadelere yer verdi:<\/p>\n<p>\u201cT\u00fcm d\u00fcnyada oldu\u011fu gibi T\u00fcrkiye de Covid-19 salg\u0131n\u0131ndan en \u00e7ok etkilenen sekt\u00f6rlerin ba\u015f\u0131nda gelen turizm sekt\u00f6r\u00fc, a\u00e7\u0131klanan planlamaya g\u00f6re Haziran ay\u0131 itibariyle yerli ve yabanc\u0131 misafirlerine kap\u0131lar\u0131n\u0131 a\u00e7maya haz\u0131rlanmaktad\u0131r.<\/p>\n<p>Europen Aviation Safety Agency\u2019nin (EASA) alt grubu olan ve T\u00fcrkiye\u2019nin de \u00fcyesi oldu\u011fu Pan-Europen Partners (PANEP), Avrupal\u0131 turistler ve havayollar\u0131 i\u00e7in, u\u00e7ulacak havaalan\u0131n\u0131n emniyetli olup olmad\u0131\u011f\u0131 y\u00f6n\u00fcnde veriler sunmakta, havayollar\u0131 da bu verileri de\u011ferlendirerek u\u00e7u\u015f planlamalar\u0131 yapmaktad\u0131r. \u0130\u00e7inde bulundu\u011fumuz pandemi s\u00fcrecinde ise u\u00e7u\u015f yap\u0131lacak \u015fehirlerdeki havaalan\u0131n\u0131n emniyetli olup olmad\u0131\u011f\u0131 Covid-19 vaka say\u0131lar\u0131 ile \u00f6l\u00e7\u00fclmekte ve u\u00e7u\u015flar buna g\u00f6re planlanmaktad\u0131r. Ancak T\u00fcrkiye\u2019de Covid-19 vaka say\u0131lar\u0131 halen il baz\u0131nda olmak yerine \u00fclke baz\u0131nda a\u00e7\u0131kland\u0131\u011f\u0131ndan, s\u00f6z konusu ajans taraf\u0131ndan T\u00fcrkiye\u2019deki turizm destinasyonlar\u0131na y\u00f6nelik u\u00e7u\u015f emniyeti de\u011ferlendirilmesi yap\u0131lamamaktad\u0131r.<\/p>\n<p>Yurt d\u0131\u015f\u0131ndan \u00f6zellikle de Avrupa\u2019dan turist \u00e7ekmek istiyorsak bu ko\u015fullara uygun \u015fekilde, il baz\u0131nda vaka say\u0131lar\u0131n\u0131n a\u00e7\u0131klanmas\u0131 gerekiyor. Bu s\u00fcre\u00e7te hangi \u00fclke daha \u015feffaf ve ula\u015f\u0131labilir veri a\u00e7\u0131klarsa, zaten az say\u0131daki turist \u00fczerinde o kadar g\u00fcven tesis edece\u011fi a\u00e7\u0131kt\u0131r.\u201d<\/p>\n<p>Budak, \u00f6nergede \u015fu sorulara yer verdi:<\/p>\n<p>\u201cSalg\u0131n\u0131n ba\u015flang\u0131c\u0131nda pani\u011fe neden olmamak ad\u0131na payla\u015f\u0131lmayan il baz\u0131ndaki Covid-19 vaka say\u0131lar\u0131 neden hala a\u00e7\u0131klanmamaktad\u0131r? Covid-19 vaka say\u0131lar\u0131 \u015fehir baz\u0131nda ne zaman payla\u015f\u0131lmaya ba\u015flanacakt\u0131r? T\u00fcrkiye\u2019ye gelen turistlerin Covid-19 tedavisine ihtiya\u00e7 duymalar\u0131 halinde, hastanelerde turistlerin de ihtiyac\u0131n\u0131 kar\u015f\u0131layacak yeterli sa\u011fl\u0131k alt yap\u0131s\u0131 var m\u0131d\u0131r? Buna y\u00f6nelik hangi \u00f6nlemler al\u0131nm\u0131\u015ft\u0131r? \u00dclkemize gelen turistlerin tatil esnas\u0131nda Covid-19 olmalar\u0131 halinde, tedavi masraflar\u0131n\u0131n kar\u015f\u0131lanmas\u0131na y\u00f6nelik nas\u0131l bir y\u00f6ntem izlenecektir? Antalya, Mu\u011fla ve \u0130zmir\u2019de \u015fehir merkezi ve il\u00e7e baz\u0131nda yo\u011fun bak\u0131m yatak say\u0131s\u0131 nedir?\u201d<\/p>\n","protected":false},"excerpt":{"rendered":"<p>&nbsp; \u201cVAKA SAYILARI \u0130L BAZINDA A\u00c7IKLANMALI\u201d CHP Antalya Milletvekili \u00c7etin Osman Budak, salg\u0131n nedeniyle k\u00fcresel duraklama ya\u015fayan turizm hareketinin yeniden ba\u015flamas\u0131 i\u00e7in her \u00fclkenin farkl\u0131 uygulamalar\u0131 hayata ge\u00e7irdi\u011fine dikkat \u00e7ekerek, \u201c\u00d6zellikle Avrupal\u0131 turistleri \u00fclkemize \u00e7ekmek istiyorsak, \u00f6nce u\u00e7ulacak havaalan\u0131n bulundu\u011fu kentteki vaka say\u0131lar\u0131n\u0131n \u015feffaf bir \u015fekilde a\u00e7\u0131klanmas\u0131 gerekiyor. Ama bizde hala vaka say\u0131lar\u0131 \u00fclke geneli [&hellip;]<\/p>\n","protected":false},"author":1,"featured_media":21050,"comment_status":"closed","ping_status":"open","sticky":false,"template":"","format":"standard","meta":[],"categories":[52,35],"tags":[],"amp_enabled":true,"_links":{"self":[{"href":"https:\/\/chpantalya.com\/index.php?rest_route=\/wp\/v2\/posts\/21136"}],"collection":[{"href":"https:\/\/chpantalya.com\/index.php?rest_route=\/wp\/v2\/posts"}],"about":[{"href":"https:\/\/chpantalya.com\/index.php?rest_route=\/wp\/v2\/types\/post"}],"author":[{"embeddable":true,"href":"https:\/\/chpantalya.com\/index.php?rest_route=\/wp\/v2\/users\/1"}],"replies":[{"embeddable":true,"href":"https:\/\/chpantalya.com\/index.php?rest_route=%2Fwp%2Fv2%2Fcomments&post=21136"}],"version-history":[{"count":0,"href":"https:\/\/chpantalya.com\/index.php?rest_route=\/wp\/v2\/posts\/21136\/revisions"}],"wp:featuredmedia":[{"embeddable":true,"href":"https:\/\/chpantalya.com\/index.php?rest_route=\/wp\/v2\/media\/21050"}],"wp:attachment":[{"href":"https:\/\/chpantalya.com\/index.php?rest_route=%2Fwp%2Fv2%2Fmedia&parent=21136"}],"wp:term":[{"taxonomy":"category","embeddable":true,"href":"https:\/\/chpantalya.com\/index.php?rest_route=%2Fwp%2Fv2%2Fcategories&post=21136"},{"taxonomy":"post_tag","embeddable":true,"href":"https:\/\/chpantalya.com\/index.php?rest_route=%2Fwp%2Fv2%2Ftags&post=21136"}],"curies":[{"name":"wp","href":"https:\/\/api.w.org\/{rel}","templated":true}]}}