{"id":21151,"date":"2020-06-11T16:47:00","date_gmt":"2020-06-11T13:47:00","guid":{"rendered":"http:\/\/chpantalya.com\/?p=21151"},"modified":"2020-06-11T16:47:00","modified_gmt":"2020-06-11T13:47:00","slug":"zeybek-ataturk-devrimlerine-hakaret-eden-mudur-kimden-cesaret-aliyor","status":"publish","type":"post","link":"https:\/\/chpantalya.com\/?p=21151","title":{"rendered":"ZEYBEK: ATAT\u00dcRK DEVR\u0130MLER\u0130NE HAKARET EDEN M\u00dcD\u00dcR K\u0130MDEN CESARET ALIYOR?"},"content":{"rendered":"<p>CHP Antalya Milletvekili ve TBMM Adalet Komisyonu \u00dcyesi Rafet Zeybek, Antalya\u2019da bir okul m\u00fcd\u00fcr\u00fcn\u00fcn, okulunda g\u00f6revli bulunan \u00f6\u011fretmenlerinde dahil oldu\u011fu \u201cwhatsapp\u201d grubunda \u201cAtat\u00fcrk Devrimlerine, Atat\u00fcrk\u00e7\u00fclere, inan\u00e7 ve etnik gruplara\u201d hakaret i\u00e7eren g\u00f6rsel payla\u015f\u0131m\u0131 yapt\u0131\u011f\u0131 iddialar\u0131na dair soru \u00f6nergesi verdi.<\/p>\n<p><strong>OKUL M\u00dcD\u00dcR\u00dc CUMHUR\u0130YET DEVR\u0130MLER\u0130NE, FARKLI \u0130NAN\u00c7LARA HAKARET ETT\u0130 M\u0130?<\/strong><\/p>\n<p>CHP\u2019li Zeybek, Milli E\u011fitim Bakan\u0131 Ziya Sel\u00e7uk\u2019un yan\u0131tlamas\u0131 istemiyle verdi\u011fi soru \u00f6nergesinde Muratpa\u015fa Ortaokulu M\u00fcd\u00fcr\u00fc\u2019n\u00fcn \u00e7al\u0131\u015ft\u0131\u011f\u0131 okulun \u00f6\u011fretmenlerinin de bulundu\u011fu \u201cwhatsapp\u201d grubuna Atat\u00fcrk Devrimlerine, Atat\u00fcrk\u00e7\u00fclere, farkl\u0131 inan\u00e7 ve etnik gruplara y\u00f6nelik hakaretler i\u00e7eren mesajlar att\u0131\u011f\u0131na dair iddialar\u0131n do\u011fru olup olmad\u0131\u011f\u0131n\u0131 sordu. CHP\u2019li Zeybek ayr\u0131ca \u00f6nergesinde ilgili m\u00fcd\u00fcr hakk\u0131nda \u0130l ve \u0130l\u00e7e Milli E\u011fitim M\u00fcd\u00fcrl\u00fcklerinin soru\u015fturmas\u0131 olup olmad\u0131\u011f\u0131 ile m\u00fcd\u00fcr\u00fcn g\u00f6revinde devam edip etmeyece\u011fini de sordu.<\/p>\n<p><strong>ATAT\u00dcRK DEVR\u0130MLER\u0130NE HAKARET EDEN M\u00dcD\u00dcR K\u0130MDEN CESARET ALIYOR?<\/strong><\/p>\n<p>Cumhuriyet kazan\u0131mlar\u0131 sayesinde \u00f6\u011fretmen olan ve okul m\u00fcd\u00fcrl\u00fc\u011f\u00fc yapan bir \u015fahs\u0131n, Cumhuriyet de\u011ferlerini a\u015fa\u011f\u0131lamas\u0131n\u0131n kabul edilemeyece\u011fini belirten CHP\u2019li Zeybek, \u201cHi\u00e7bir veli Atat\u00fcrk ve Cumhuriyet de\u011ferlerinden yoksun, onlara hakaret eden, ayr\u0131\u015ft\u0131r\u0131c\u0131 ve b\u00f6l\u00fcc\u00fc s\u00f6ylemlerde bulunan bir \u00f6\u011fretmenden \u00e7ocuklar\u0131n\u0131n ders almas\u0131n\u0131 istemez. Bu vahim iddialar do\u011fru ise bakanl\u0131k vakit kaybetmeden Cumhuriyet d\u00fc\u015fmanl\u0131\u011f\u0131 yapan ki\u015fi hakk\u0131nda gerekli i\u015flemleri yapmal\u0131d\u0131r. Bu cesareti bulmalar\u0131n\u0131n sebebi, Atat\u00fcrk, Cumhuriyet d\u00fc\u015fmanl\u0131\u011f\u0131 ile hareket edenler hakk\u0131nda hi\u00e7bir yasal i\u015flemin yap\u0131lmamas\u0131d\u0131r. AKP iktidar\u0131nda, yarg\u0131 i\u00e7inde bulundu\u011fu Cumhuriyeti korumaktan korkar hale getirildi.\u201d dedi.<\/p>\n<p>&nbsp;<\/p>\n","protected":false},"excerpt":{"rendered":"<p>CHP Antalya Milletvekili ve TBMM Adalet Komisyonu \u00dcyesi Rafet Zeybek, Antalya\u2019da bir okul m\u00fcd\u00fcr\u00fcn\u00fcn, okulunda g\u00f6revli bulunan \u00f6\u011fretmenlerinde dahil oldu\u011fu \u201cwhatsapp\u201d grubunda \u201cAtat\u00fcrk Devrimlerine, Atat\u00fcrk\u00e7\u00fclere, inan\u00e7 ve etnik gruplara\u201d hakaret i\u00e7eren g\u00f6rsel payla\u015f\u0131m\u0131 yapt\u0131\u011f\u0131 iddialar\u0131na dair soru \u00f6nergesi verdi. OKUL M\u00dcD\u00dcR\u00dc CUMHUR\u0130YET DEVR\u0130MLER\u0130NE, FARKLI \u0130NAN\u00c7LARA HAKARET ETT\u0130 M\u0130? CHP\u2019li Zeybek, Milli E\u011fitim Bakan\u0131 Ziya Sel\u00e7uk\u2019un [&hellip;]<\/p>\n","protected":false},"author":1,"featured_media":20944,"comment_status":"closed","ping_status":"open","sticky":false,"template":"","format":"standard","meta":[],"categories":[35,62],"tags":[],"amp_enabled":true,"_links":{"self":[{"href":"https:\/\/chpantalya.com\/index.php?rest_route=\/wp\/v2\/posts\/21151"}],"collection":[{"href":"https:\/\/chpantalya.com\/index.php?rest_route=\/wp\/v2\/posts"}],"about":[{"href":"https:\/\/chpantalya.com\/index.php?rest_route=\/wp\/v2\/types\/post"}],"author":[{"embeddable":true,"href":"https:\/\/chpantalya.com\/index.php?rest_route=\/wp\/v2\/users\/1"}],"replies":[{"embeddable":true,"href":"https:\/\/chpantalya.com\/index.php?rest_route=%2Fwp%2Fv2%2Fcomments&post=21151"}],"version-history":[{"count":0,"href":"https:\/\/chpantalya.com\/index.php?rest_route=\/wp\/v2\/posts\/21151\/revisions"}],"wp:featuredmedia":[{"embeddable":true,"href":"https:\/\/chpantalya.com\/index.php?rest_route=\/wp\/v2\/media\/20944"}],"wp:attachment":[{"href":"https:\/\/chpantalya.com\/index.php?rest_route=%2Fwp%2Fv2%2Fmedia&parent=21151"}],"wp:term":[{"taxonomy":"category","embeddable":true,"href":"https:\/\/chpantalya.com\/index.php?rest_route=%2Fwp%2Fv2%2Fcategories&post=21151"},{"taxonomy":"post_tag","embeddable":true,"href":"https:\/\/chpantalya.com\/index.php?rest_route=%2Fwp%2Fv2%2Ftags&post=21151"}],"curies":[{"name":"wp","href":"https:\/\/api.w.org\/{rel}","templated":true}]}}