{"id":21175,"date":"2020-06-18T15:56:02","date_gmt":"2020-06-18T12:56:02","guid":{"rendered":"http:\/\/chpantalya.com\/?p=21175"},"modified":"2020-06-18T15:56:02","modified_gmt":"2020-06-18T12:56:02","slug":"ozerden-2-b-odeme-sureleri-uzatilsin-teklifi","status":"publish","type":"post","link":"https:\/\/chpantalya.com\/?p=21175","title":{"rendered":"\u00d6ZER\u2019DEN \u201c2\/B \u00d6DEME S\u00dcRELER\u0130 UZATILSIN\u201d TEKL\u0130F\u0130"},"content":{"rendered":"<p>CHP Antalya Milletvekili Ayd\u0131n \u00d6zer, 2\/B arazilerinin \u00f6deme s\u00fcrelerinin uzat\u0131lmas\u0131 i\u00e7in bir kanun teklifi verdi. Hazineye ait arazilerin sat\u0131lmas\u0131na ili\u015fkin mevzuata g\u00f6re \u00f6demelerini zaman\u0131nda yapamayanlar\u0131n s\u00f6zle\u015fmelerinin otomatikman feshedildi\u011fini belirten \u00d6zer, \u201c\u00d6deme g\u00fc\u00e7l\u00fc\u011f\u00fc \u00e7eken vatanda\u015flar\u0131m\u0131z ma\u011fduriyetlerini iletiyorlar, daha \u00f6nce 2019 sonuna kadar uzat\u0131lan s\u00fcrenin yeniden g\u00f6zden ge\u00e7irilmesini istiyorlar\u201d dedi.<\/p>\n<p>\u00d6zer\u2019in verdi\u011fi yeniden \u00f6deme s\u00fcresinin belirlenmesini ama\u00e7layan kanun teklifinde \u015fu ifadeler yer al\u0131yor:<\/p>\n<p><em>6292 say\u0131l\u0131 Orman K\u00f6yl\u00fclerinin Kalk\u0131nmalar\u0131n\u0131n Desteklenmesi ve Hazine Ad\u0131na Orman S\u0131n\u0131rlar\u0131 D\u0131\u015f\u0131na \u00c7\u0131kar\u0131lan Yerlerin De\u011ferlendirilmesi ile Hazineye Ait Tar\u0131m Arazilerinin Sat\u0131\u015f\u0131 Hakk\u0131nda Kanuna a\u015fa\u011f\u0131daki ge\u00e7ici madde eklenmi\u015ftir:<\/em><\/p>\n<p><em>GE\u00c7\u0130C\u0130 MADDE 10 \u2013<\/em><\/p>\n<ul>\n<li><em>2\/B alanlar\u0131nda bulunan ta\u015f\u0131nmazlar ile Hazineye ait tar\u0131m arazilerinin bu Kanun kapsam\u0131nda sat\u0131\u015f\u0131na ili\u015fkin olarak;<\/em><\/li>\n<\/ul>\n<ol>\n<li><em>Kendilerine yap\u0131lan tebligatta belirtilen bedeli s\u00fcresi i\u00e7erisinde \u00f6demeyenlerin \u00f6deme s\u00fcresi,<\/em><\/li>\n<li><em>Taksitli sat\u0131\u015flarda, s\u00f6zle\u015fmesinde belirtilen taksitlerden ikiden fazlas\u0131n\u0131 vadesinde \u00f6demeyenlerin \u00f6deme s\u00fcresi, <\/em><\/li>\n<\/ol>\n<p><em>31\/12\/2020 tarihine kadar uzat\u0131lm\u0131\u015ft\u0131r.<\/em><\/p>\n<p><em>(2) Birinci f\u0131kran\u0131n (a) bendi kapsam\u0131nda kalanlar i\u00e7in sat\u0131\u015f bedeli; kendilerine yap\u0131lan tebligatta belirtilen \u00f6deme s\u00fcresinin son g\u00fcn\u00fcn\u00fc izleyen g\u00fcnden, bu Kanun kapsam\u0131nda \u00f6deme yapmak amac\u0131yla idareye ba\u015fvuruldu\u011fu g\u00fcne kadar ge\u00e7ecek s\u00fcre i\u00e7in T\u00fcrkiye \u0130statistik Kurumunun her ay i\u00e7in belirledi\u011fi t\u00fcketici fiyatlar\u0131 endeksi (T\u00dcFE) ayl\u0131k de\u011fi\u015fim oranlar\u0131 toplam\u0131nda art\u0131r\u0131larak hesaplan\u0131r. <\/em><\/p>\n<p><em>(3) \u0130kinci f\u0131kra uyar\u0131nca yap\u0131lacak hesaplamalarda ay kesirleri dikkate al\u0131nmaz.<\/em><\/p>\n<p>&nbsp;<\/p>\n","protected":false},"excerpt":{"rendered":"<p>CHP Antalya Milletvekili Ayd\u0131n \u00d6zer, 2\/B arazilerinin \u00f6deme s\u00fcrelerinin uzat\u0131lmas\u0131 i\u00e7in bir kanun teklifi verdi. Hazineye ait arazilerin sat\u0131lmas\u0131na ili\u015fkin mevzuata g\u00f6re \u00f6demelerini zaman\u0131nda yapamayanlar\u0131n s\u00f6zle\u015fmelerinin otomatikman feshedildi\u011fini belirten \u00d6zer, \u201c\u00d6deme g\u00fc\u00e7l\u00fc\u011f\u00fc \u00e7eken vatanda\u015flar\u0131m\u0131z ma\u011fduriyetlerini iletiyorlar, daha \u00f6nce 2019 sonuna kadar uzat\u0131lan s\u00fcrenin yeniden g\u00f6zden ge\u00e7irilmesini istiyorlar\u201d dedi. \u00d6zer\u2019in verdi\u011fi yeniden \u00f6deme s\u00fcresinin belirlenmesini ama\u00e7layan [&hellip;]<\/p>\n","protected":false},"author":1,"featured_media":21030,"comment_status":"closed","ping_status":"open","sticky":false,"template":"","format":"standard","meta":[],"categories":[60,35],"tags":[],"amp_enabled":true,"_links":{"self":[{"href":"https:\/\/chpantalya.com\/index.php?rest_route=\/wp\/v2\/posts\/21175"}],"collection":[{"href":"https:\/\/chpantalya.com\/index.php?rest_route=\/wp\/v2\/posts"}],"about":[{"href":"https:\/\/chpantalya.com\/index.php?rest_route=\/wp\/v2\/types\/post"}],"author":[{"embeddable":true,"href":"https:\/\/chpantalya.com\/index.php?rest_route=\/wp\/v2\/users\/1"}],"replies":[{"embeddable":true,"href":"https:\/\/chpantalya.com\/index.php?rest_route=%2Fwp%2Fv2%2Fcomments&post=21175"}],"version-history":[{"count":0,"href":"https:\/\/chpantalya.com\/index.php?rest_route=\/wp\/v2\/posts\/21175\/revisions"}],"wp:featuredmedia":[{"embeddable":true,"href":"https:\/\/chpantalya.com\/index.php?rest_route=\/wp\/v2\/media\/21030"}],"wp:attachment":[{"href":"https:\/\/chpantalya.com\/index.php?rest_route=%2Fwp%2Fv2%2Fmedia&parent=21175"}],"wp:term":[{"taxonomy":"category","embeddable":true,"href":"https:\/\/chpantalya.com\/index.php?rest_route=%2Fwp%2Fv2%2Fcategories&post=21175"},{"taxonomy":"post_tag","embeddable":true,"href":"https:\/\/chpantalya.com\/index.php?rest_route=%2Fwp%2Fv2%2Ftags&post=21175"}],"curies":[{"name":"wp","href":"https:\/\/api.w.org\/{rel}","templated":true}]}}