{"id":21177,"date":"2020-06-18T16:02:21","date_gmt":"2020-06-18T13:02:21","guid":{"rendered":"http:\/\/chpantalya.com\/?p=21177"},"modified":"2020-06-18T16:02:21","modified_gmt":"2020-06-18T13:02:21","slug":"kidem-tazminati-bizim-de-kirmizi-cizgimizdir","status":"publish","type":"post","link":"https:\/\/chpantalya.com\/?p=21177","title":{"rendered":"KIDEM TAZM\u0130NATI B\u0130Z\u0130M DE KIRMIZI \u00c7\u0130ZG\u0130M\u0130ZD\u0130R!"},"content":{"rendered":"<p><strong>Milyonlarca \u00f6zel sekt\u00f6r \u00e7al\u0131\u015fan\u0131n\u0131 ilgilendiren, i\u015f\u00e7i ve i\u015fveren sendikalar\u0131n\u0131n kar\u015f\u0131 \u00e7\u0131kt\u0131\u011f\u0131 k\u0131dem tazminat\u0131 fonuyla ilgili olarak yaz\u0131l\u0131 bas\u0131n a\u00e7\u0131klamas\u0131nda bulunan Cumhuriyet Halk Partisi Antalya \u0130l Ba\u015fkan\u0131 Nusret Bayar, \u201cK\u0131dem tazminat\u0131, i\u015f\u00e7inin emek\u00e7inin g\u00fcvencesidir! Tamamlay\u0131c\u0131 Emeklilik Sistemi ad\u0131 alt\u0131nda yok edilmesine kar\u015f\u0131y\u0131z\u201d dedi<\/strong><\/p>\n<p>Cumhuriyet Halk Partisi Antalya \u0130l Ba\u015fkan\u0131 Nusret Bayar, bir s\u00fcredir g\u00fcndemde olan, i\u015f\u00e7i ve i\u015fveren sendikalar\u0131n\u0131n kar\u015f\u0131 \u00e7\u0131kt\u0131\u011f\u0131 k\u0131dem tazminat\u0131 fonuna y\u00f6nelik kamuoyuna yaz\u0131l\u0131 a\u00e7\u0131klamada bulundu. Milyonlarca \u00f6zel sekt\u00f6r \u00e7al\u0131\u015fan\u0131n\u0131 yak\u0131ndan ilgilendiren, i\u015f\u00e7inin son kalesi olarak g\u00f6r\u00fclen k\u0131dem tazminat\u0131n\u0131n, Tamamlay\u0131c\u0131 Emeklilik Sistemi (TES) ad\u0131 alt\u0131nda ortadan kald\u0131r\u0131lmak istendi\u011fini ifade eden Ba\u015fkan Nusret Bayar, \u201cSalg\u0131n s\u00fcrecinde be\u015f tane maskeyi bile da\u011f\u0131tmaktan aciz kalan AKP iktidar\u0131 g\u00f6z\u00fcn\u00fc yine emek\u00e7inin \u00fc\u00e7 kuru\u015funa koydu! Buradan kendilerine hat\u0131rlatal\u0131m K\u0131dem tazminat\u0131, i\u015f\u00e7inin emek\u00e7inin g\u00fcvencesidir! \u0130\u015fverene kar\u015f\u0131 koruna\u011f\u0131d\u0131r! K\u0131rm\u0131z\u0131 \u00e7izgisidir! K\u0131dem tazminat\u0131 olmayan i\u015f\u00e7inin, i\u015f g\u00fcvencesi olamaz! AKP iktidar\u0131 y\u0131llardan beri k\u0131dem tazminat\u0131n\u0131 ortadan kald\u0131rmak i\u00e7in \u00e7e\u015fitli yollar\u0131 deniyor. Y\u0131llar\u0131 bulan toplumsal m\u00fccadelenin bir \u00fcr\u00fcn\u00fc olan k\u0131dem tazminat\u0131 konusunda, emek\u00e7ilerin i\u015f\u00e7ilerin sonuna kadar yan\u0131nda olaca\u011f\u0131z. \u0130\u015f\u00e7ilere vah\u015fi s\u00f6m\u00fcr\u00fc ko\u015fullar\u0131n\u0131 dayatmaya \u00e7al\u0131\u015fan AKP iktidar\u0131n\u0131n bezirgan politikalar\u0131na kar\u015f\u0131 emek\u00e7ilerimizle birlikte sonuna kadar direnece\u011fiz! Cumhuriyet Halk Partisi olarak; k\u0131dem tazminat\u0131n\u0131n fona devredilmesine kar\u015f\u0131y\u0131z. K\u0131dem tazminat\u0131n\u0131n tamamlay\u0131c\u0131 emeklilik sistemi ad\u0131 alt\u0131nda yok edilmesine kar\u015f\u0131y\u0131z\u201d \u015feklinde konu\u015ftu.<\/p>\n","protected":false},"excerpt":{"rendered":"<p>Milyonlarca \u00f6zel sekt\u00f6r \u00e7al\u0131\u015fan\u0131n\u0131 ilgilendiren, i\u015f\u00e7i ve i\u015fveren sendikalar\u0131n\u0131n kar\u015f\u0131 \u00e7\u0131kt\u0131\u011f\u0131 k\u0131dem tazminat\u0131 fonuyla ilgili olarak yaz\u0131l\u0131 bas\u0131n a\u00e7\u0131klamas\u0131nda bulunan Cumhuriyet Halk Partisi Antalya \u0130l Ba\u015fkan\u0131 Nusret Bayar, \u201cK\u0131dem tazminat\u0131, i\u015f\u00e7inin emek\u00e7inin g\u00fcvencesidir! Tamamlay\u0131c\u0131 Emeklilik Sistemi ad\u0131 alt\u0131nda yok edilmesine kar\u015f\u0131y\u0131z\u201d dedi Cumhuriyet Halk Partisi Antalya \u0130l Ba\u015fkan\u0131 Nusret Bayar, bir s\u00fcredir g\u00fcndemde olan, i\u015f\u00e7i [&hellip;]<\/p>\n","protected":false},"author":1,"featured_media":21064,"comment_status":"closed","ping_status":"open","sticky":false,"template":"","format":"standard","meta":[],"categories":[58],"tags":[],"amp_enabled":true,"_links":{"self":[{"href":"https:\/\/chpantalya.com\/index.php?rest_route=\/wp\/v2\/posts\/21177"}],"collection":[{"href":"https:\/\/chpantalya.com\/index.php?rest_route=\/wp\/v2\/posts"}],"about":[{"href":"https:\/\/chpantalya.com\/index.php?rest_route=\/wp\/v2\/types\/post"}],"author":[{"embeddable":true,"href":"https:\/\/chpantalya.com\/index.php?rest_route=\/wp\/v2\/users\/1"}],"replies":[{"embeddable":true,"href":"https:\/\/chpantalya.com\/index.php?rest_route=%2Fwp%2Fv2%2Fcomments&post=21177"}],"version-history":[{"count":0,"href":"https:\/\/chpantalya.com\/index.php?rest_route=\/wp\/v2\/posts\/21177\/revisions"}],"wp:featuredmedia":[{"embeddable":true,"href":"https:\/\/chpantalya.com\/index.php?rest_route=\/wp\/v2\/media\/21064"}],"wp:attachment":[{"href":"https:\/\/chpantalya.com\/index.php?rest_route=%2Fwp%2Fv2%2Fmedia&parent=21177"}],"wp:term":[{"taxonomy":"category","embeddable":true,"href":"https:\/\/chpantalya.com\/index.php?rest_route=%2Fwp%2Fv2%2Fcategories&post=21177"},{"taxonomy":"post_tag","embeddable":true,"href":"https:\/\/chpantalya.com\/index.php?rest_route=%2Fwp%2Fv2%2Ftags&post=21177"}],"curies":[{"name":"wp","href":"https:\/\/api.w.org\/{rel}","templated":true}]}}