{"id":21185,"date":"2020-06-22T12:05:58","date_gmt":"2020-06-22T09:05:58","guid":{"rendered":"http:\/\/chpantalya.com\/?p=21185"},"modified":"2020-06-22T12:05:58","modified_gmt":"2020-06-22T09:05:58","slug":"ari-5-yildir-bitirilemeyen-kas-kasaba-kibris-barajini-meclis-gundemine-tasidi","status":"publish","type":"post","link":"https:\/\/chpantalya.com\/?p=21185","title":{"rendered":"ARI, 5 Y\u0131ld\u0131r Bitirilemeyen Ka\u015f Kasaba K\u0131br\u0131s Baraj\u0131n\u0131 Meclis G\u00fcndemine Ta\u015f\u0131d\u0131"},"content":{"rendered":"<p>CHP Antalya Milletvekili Av.Cavit ARI, Tar\u0131m ve Orman Bakan\u0131 Bekir PAKDEM\u0130RL\u0130\u2019ye hitaben verdi\u011fi soru \u00f6nergesinde Antalya\u2019n\u0131n Ka\u015f \u0130l\u00e7esinde yap\u0131m\u0131na 2015 y\u0131l\u0131nda ba\u015flanan ve 2018 y\u0131lsonunda da bitirilmesi projelendirilen Ka\u015f Kasaba K\u0131br\u0131s Baraj\u0131n\u0131n neden bitirilemedi\u011fini sordu.<\/p>\n<p>Konuya ili\u015fkin 19.06.2020 tarihli soru \u00f6nergesinde \u201cAntalya\u2019n\u0131n Ka\u015f il\u00e7esindeki Ka\u015f Kasaba K\u0131br\u0131s Baraj\u0131n\u0131n in\u015faat\u0131na 2015 y\u0131l\u0131nda ba\u015flanm\u0131\u015ft\u0131r. Ka\u015f\u2019a 15 km mesafede olan baraj ile Ka\u015f, Dirgenler, Karada\u011f, \u00c7e\u015fme, Belkonak\u2019ta bulunan 35.170 dekar araziye sulama temin edilmesi planlanmaktad\u0131r. DS\u0130 taraf\u0131ndan i\u015fin s\u00fcresi 2015-2018 y\u0131llar\u0131 olarak planm\u0131\u015f ve ayn\u0131 i\u015f s\u00fcresi y\u00fcklenici firman\u0131n resmi internet sitesinde belirtilmi\u015f olmas\u0131na ra\u011fmen baraj in\u015faat\u0131 halen bitirilememi\u015ftir.\u201d diyen Ar\u0131, s\u00f6z konusu baraj\u0131n K\u0131br\u0131s Kanyonundan gelen suyun tutulmas\u0131 ile b\u00f6lgede yap\u0131lan tar\u0131msal faaliyet i\u00e7in kurak ge\u00e7en yaz aylar\u0131nda can suyu olaca\u011f\u0131na, ya\u015fad\u0131\u011f\u0131m\u0131z pandemi s\u00fcrecinde tar\u0131msal \u00fcretimin ne kadar \u00f6nemli oldu\u011funun anla\u015f\u0131lmas\u0131yla da bu baraj\u0131n bir an \u00f6nce bitirilmesinin \u00e7ok \u00f6nemli oldu\u011funu s\u00f6yledi.<\/p>\n<p>Milletvekili Ar\u0131, stratejik \u00f6neme sahip olan tar\u0131m sekt\u00f6r\u00fcn\u00fcn desteklenmesine y\u00f6nelik olarak projelendirilen, K\u0131br\u0131s Baraj\u0131 gibi \u00f6nemli sulama yat\u0131r\u0131mlar\u0131n\u0131n in\u015faat\u0131n\u0131n zaman\u0131nda tamamlanmas\u0131 i\u00e7in gerekli olan \u00f6denek tahsisine her zaman \u00f6ncelik verilmesi gerekti\u011fini vurgulad\u0131. Ar\u0131 \u201cAKP h\u00fck\u00fcmetleri 18 y\u0131ld\u0131r devam eden iktidarlar\u0131nda katma de\u011fer yaratacak, ihracat potansiyeli ile cari a\u00e7\u0131\u011f\u0131 kapatacak yat\u0131mlar\u0131n finansman\u0131na \u00f6ncelik vermek yerine, verilen garantilerin yaratt\u0131\u011f\u0131 artan bor\u00e7 y\u00fck\u00fc nedeniyle faiz lobilerine milyarlarca lira \u00f6demeyi tercih etmektedir.\u201d dedi.<\/p>\n<p>CHP\u2019li Ar\u0131 soru \u00f6nergesinde, Tar\u0131m ve Orman Bakan\u0131na K\u0131br\u0131s Baraj\u0131 in\u015faat\u0131 aradan ge\u00e7en 5 y\u0131la ra\u011fmen neden hala bitirilemeyip, hizmete a\u00e7\u0131lamam\u0131\u015ft\u0131r? Baraj in\u015faat\u0131n\u0131n \u00f6denek yetersizli\u011fi nedeniyle yap\u0131lamad\u0131\u011f\u0131 iddialar\u0131 do\u011fru mudur? Do\u011fru ise \u00f6denek sorunu \u00e7\u00f6z\u00fclm\u00fc\u015f m\u00fcd\u00fcr? B\u00f6lgenin sulama ihtiyac\u0131n\u0131 kar\u015f\u0131layacak olan baraj\u0131n bir an \u00f6nce bitirilmesi amac\u0131yla nas\u0131l bir planlama yap\u0131lm\u0131\u015ft\u0131r? S\u00f6z konusu planlama kapsam\u0131nda K\u0131br\u0131s Baraj\u0131 ne zaman bitirilecektir? sorular\u0131n\u0131 y\u00f6nelterek konuyu meclis g\u00fcndemine ta\u015f\u0131d\u0131.<\/p>\n","protected":false},"excerpt":{"rendered":"<p>CHP Antalya Milletvekili Av.Cavit ARI, Tar\u0131m ve Orman Bakan\u0131 Bekir PAKDEM\u0130RL\u0130\u2019ye hitaben verdi\u011fi soru \u00f6nergesinde Antalya\u2019n\u0131n Ka\u015f \u0130l\u00e7esinde yap\u0131m\u0131na 2015 y\u0131l\u0131nda ba\u015flanan ve 2018 y\u0131lsonunda da bitirilmesi projelendirilen Ka\u015f Kasaba K\u0131br\u0131s Baraj\u0131n\u0131n neden bitirilemedi\u011fini sordu. Konuya ili\u015fkin 19.06.2020 tarihli soru \u00f6nergesinde \u201cAntalya\u2019n\u0131n Ka\u015f il\u00e7esindeki Ka\u015f Kasaba K\u0131br\u0131s Baraj\u0131n\u0131n in\u015faat\u0131na 2015 y\u0131l\u0131nda ba\u015flanm\u0131\u015ft\u0131r. Ka\u015f\u2019a 15 km [&hellip;]<\/p>\n","protected":false},"author":1,"featured_media":21186,"comment_status":"closed","ping_status":"open","sticky":false,"template":"","format":"standard","meta":[],"categories":[63,35],"tags":[],"amp_enabled":true,"_links":{"self":[{"href":"https:\/\/chpantalya.com\/index.php?rest_route=\/wp\/v2\/posts\/21185"}],"collection":[{"href":"https:\/\/chpantalya.com\/index.php?rest_route=\/wp\/v2\/posts"}],"about":[{"href":"https:\/\/chpantalya.com\/index.php?rest_route=\/wp\/v2\/types\/post"}],"author":[{"embeddable":true,"href":"https:\/\/chpantalya.com\/index.php?rest_route=\/wp\/v2\/users\/1"}],"replies":[{"embeddable":true,"href":"https:\/\/chpantalya.com\/index.php?rest_route=%2Fwp%2Fv2%2Fcomments&post=21185"}],"version-history":[{"count":0,"href":"https:\/\/chpantalya.com\/index.php?rest_route=\/wp\/v2\/posts\/21185\/revisions"}],"wp:featuredmedia":[{"embeddable":true,"href":"https:\/\/chpantalya.com\/index.php?rest_route=\/wp\/v2\/media\/21186"}],"wp:attachment":[{"href":"https:\/\/chpantalya.com\/index.php?rest_route=%2Fwp%2Fv2%2Fmedia&parent=21185"}],"wp:term":[{"taxonomy":"category","embeddable":true,"href":"https:\/\/chpantalya.com\/index.php?rest_route=%2Fwp%2Fv2%2Fcategories&post=21185"},{"taxonomy":"post_tag","embeddable":true,"href":"https:\/\/chpantalya.com\/index.php?rest_route=%2Fwp%2Fv2%2Ftags&post=21185"}],"curies":[{"name":"wp","href":"https:\/\/api.w.org\/{rel}","templated":true}]}}