{"id":21188,"date":"2020-06-22T12:08:04","date_gmt":"2020-06-22T09:08:04","guid":{"rendered":"http:\/\/chpantalya.com\/?p=21188"},"modified":"2020-06-22T12:08:04","modified_gmt":"2020-06-22T09:08:04","slug":"budak-isten-cikarma-yasagi-kagit-ustunde-kaldi","status":"publish","type":"post","link":"https:\/\/chpantalya.com\/?p=21188","title":{"rendered":"BUDAK: \u201c\u0130\u015eTEN \u00c7IKARMA YASA\u011eI KA\u011eIT \u00dcST\u00dcNDE KALDI\u201d"},"content":{"rendered":"<p><strong>\u0130\u015eS\u0130ZL\u0130K MAA\u015eINA BA\u015eVURULAR GE\u00c7EN YILA G\u00d6RE \u0130K\u0130 KAT ARTTI<\/strong><\/p>\n<p><strong>CHP Antalya Milletvekili \u00c7etin Osman Budak i\u015ften \u00e7\u0131karmalar\u0131n yasakland\u0131\u011f\u0131 nisan ay\u0131nda i\u015fsizlik maa\u015f\u0131 ba\u015fvurular\u0131nda ya\u015fanan ola\u011fan\u00fcst\u00fc art\u0131\u015f\u0131 Meclis g\u00fcndemine ta\u015f\u0131d\u0131. Nisan ay\u0131nda, 2019 y\u0131l\u0131n\u0131n ayn\u0131 d\u00f6nemine g\u00f6re i\u015fsizlik maa\u015f\u0131 ba\u015fvurular\u0131n\u0131n Antalya\u2019da d\u00f6rt kat, T\u00fcrkiye genelinde ise iki kat artt\u0131\u011f\u0131na dikkat \u00e7eken Budak, \u201c\u0130\u015ften \u00e7\u0131karma yasa\u011f\u0131n\u0131n sadece s\u00f6ylemden ibaret kald\u0131\u011f\u0131na dair ciddi g\u00f6stergeler var. \u0130\u015fsizlik maa\u015f\u0131 alanlar\u0131n say\u0131s\u0131nda ge\u00e7en y\u0131l ile kar\u015f\u0131la\u015ft\u0131rd\u0131\u011f\u0131m\u0131zda T\u00fcrkiye genelinde iki kat art\u0131\u015f g\u00f6ze \u00e7arp\u0131yor. \u0130ktidar\u0131n pandemi d\u00f6neminde ald\u0131\u011f\u0131 di\u011fer \u00f6nlemler gibi i\u015ften \u00e7\u0131karma yasa\u011f\u0131 da ka\u011f\u0131t \u00fcst\u00fcnde kald\u0131\u201d dedi. <\/strong><\/p>\n<p>Budak, i\u015fsizlik maa\u015f\u0131 ba\u015fvurular\u0131ndaki art\u0131\u015f\u0131n ve \u00f6deme yap\u0131lan i\u015f\u00e7i oran\u0131ndaki d\u00fc\u015f\u00fc\u015f\u00fcn a\u00e7\u0131klanmas\u0131 istemiyle TBMM Ba\u015fkanl\u0131\u011f\u0131na bir soru \u00f6nergesi sundu. Aile, \u00c7al\u0131\u015fma ve Sosyal Hizmetler Bakan\u0131 Zehra Z\u00fcmr\u00fct Sel\u00e7uk\u2019un yan\u0131tlamas\u0131 talebiyle verilen soru \u00f6nergesinde \u015fu ifadelere yer verildi:<\/p>\n<p>\u201c\u0130\u015f-Kur rakamlar\u0131na g\u00f6re Antalya\u2019da ge\u00e7en sene nisan ay\u0131nda 4 bin 351 ki\u015fi i\u015fsizlik maa\u015f\u0131na ba\u015fvurdu ve 2 bin 119 ki\u015fi de bu imkandan faydaland\u0131. Bu sene ise ba\u015fvuru say\u0131s\u0131 Antalya\u2019da d\u00f6rt kat artarak 17 bin 431 ki\u015fiye y\u00fckseldi, ama hak kazanan i\u015f\u00e7i say\u0131s\u0131 yaln\u0131zca 3 bin 65. Dikkat \u00e7ekici nokta, 2019 y\u0131l\u0131nda hak kazanan ki\u015filerin oran\u0131 y\u00fczde 48 iken, bu oran bu sene y\u00fczde 17\u2019ye d\u00fc\u015fm\u00fc\u015f durumda.<\/p>\n<p>T\u00fcrkiye geneli i\u00e7in de ayn\u0131 durum ge\u00e7erli. \u0130\u015f-Kur verilerine g\u00f6re 2019 nisan ay\u0131nda i\u015fsizlik maa\u015f\u0131na 142 bin 90 ki\u015fi ba\u015fvurdu ve 76 bin 363 ki\u015fiye maa\u015f ba\u011fland\u0131. \u0130\u015ften \u00e7\u0131karman\u0131n yasakland\u0131\u011f\u0131 2020 nisan ay\u0131nda ba\u015fvuru say\u0131s\u0131 308 bin 968\u2019e \u00e7\u0131kmas\u0131na ra\u011fmen hak kazanan ki\u015fi sadece 69 bin 329. Yani ge\u00e7en y\u0131l y\u00fczde 53 olan hak kazanma oran\u0131, bu y\u0131l y\u00fczde 22\u2019ye d\u00fc\u015fm\u00fc\u015f durumda.<\/p>\n<p><strong>\u201cKA\u00c7 \u0130\u015e\u00c7\u0130 CEZA KAR\u015eILI\u011eINDA \u0130\u015eTEN \u00c7IKARILDI?\u201d<\/strong><\/p>\n<p>Yasak kapsam\u0131nda i\u015f\u00e7i \u00e7\u0131karan i\u015fverene bir br\u00fct \u00fccret tutar\u0131nda idari para cezas\u0131 bulunuyor. Bu yapt\u0131r\u0131m\u0131n ka\u00e7 i\u015f\u00e7i i\u00e7in, ka\u00e7 firmaya uyguland\u0131\u011f\u0131n\u0131n da bilinmesi gerekiyor. Ya i\u015fverenler cezay\u0131 g\u00f6ze alarak i\u015f\u00e7i \u00e7\u0131kar\u0131yorlar ya da yasa\u011f\u0131 cezas\u0131z k\u0131lman\u0131n yolunu buldular. \u0130\u015fsizlik maa\u015f\u0131 ba\u015fvurular\u0131ndaki art\u0131\u015ftan anl\u0131yoruz ki i\u015ften \u00e7\u0131karmay\u0131 yasaklamak etkin bir \u00e7\u00f6z\u00fcm olmam\u0131\u015f. Ba\u015fvuru bu kadar artm\u0131\u015fken i\u015fsizlik maa\u015f\u0131 alabilen i\u015f\u00e7i oranlar\u0131ndaki ciddi d\u00fc\u015f\u00fc\u015f de iyi niyet kurallar\u0131na uymayan haller gerek\u00e7esi ile i\u015ften \u00e7\u0131karmalar\u0131n yayg\u0131nla\u015ft\u0131\u011f\u0131 endi\u015fesi yarat\u0131yor. \u00c7\u00fcnk\u00fc bu gerek\u00e7eyle \u00e7\u0131kar\u0131lan i\u015f\u00e7iler i\u015fsizlik maa\u015f\u0131 alam\u0131yorlar. Bu rakamlar\u0131n topluma izah edilmesi laz\u0131m. Ancak g\u00f6r\u00fcnen o ki iktidar\u0131n pandemi d\u00f6neminde getirdi\u011fi i\u015ften \u00e7\u0131karma yasa\u011f\u0131 da t\u0131pk\u0131 di\u011fer tedbirler gibi sadece ka\u011f\u0131t \u00fczerinde kald\u0131.\u201d<\/p>\n<p>&nbsp;<\/p>\n<p>Budak\u2019\u0131n \u00f6nergede \u015fu sorulara yer verdi:<\/p>\n<p>\u201c\u0130\u015ften \u00e7\u0131karma yasaklanmas\u0131na ra\u011fmen hem Antalya \u00f6zelinde hem de T\u00fcrkiye genelinde i\u015fsizlik maa\u015f\u0131 ba\u015fvurular\u0131nda ya\u015fanan art\u0131\u015f\u0131n sebepleri nelerdir? Yasa maddesine ayk\u0131r\u0131 davranan ka\u00e7 i\u015fverene, ka\u00e7 i\u015f\u00e7i i\u00e7in, ne kadar idari para cezas\u0131 kesilmi\u015ftir? \u0130\u015fsizlik \u00f6demesi alabilen ki\u015filerinin oran\u0131nda son bir senedir ya\u015fanan d\u00fc\u015f\u00fc\u015f ortadad\u0131r. Bu d\u00fc\u015f\u00fc\u015f\u00fcn sebebi bu d\u00f6nemde i\u015fverenlerin i\u015f veya hizmet s\u00f6zle\u015fmelerini ahlaka ayk\u0131r\u0131 davran\u0131\u015f gerek\u00e7esiyle feshetmeleri midir? Bu kapsamda ka\u00e7 i\u015f\u00e7inin i\u015fine, i\u015fvereni idari cezadan muaf hale getirecek \u015fekilde son verilmi\u015ftir?\u201d<\/p>\n","protected":false},"excerpt":{"rendered":"<p>\u0130\u015eS\u0130ZL\u0130K MAA\u015eINA BA\u015eVURULAR GE\u00c7EN YILA G\u00d6RE \u0130K\u0130 KAT ARTTI CHP Antalya Milletvekili \u00c7etin Osman Budak i\u015ften \u00e7\u0131karmalar\u0131n yasakland\u0131\u011f\u0131 nisan ay\u0131nda i\u015fsizlik maa\u015f\u0131 ba\u015fvurular\u0131nda ya\u015fanan ola\u011fan\u00fcst\u00fc art\u0131\u015f\u0131 Meclis g\u00fcndemine ta\u015f\u0131d\u0131. Nisan ay\u0131nda, 2019 y\u0131l\u0131n\u0131n ayn\u0131 d\u00f6nemine g\u00f6re i\u015fsizlik maa\u015f\u0131 ba\u015fvurular\u0131n\u0131n Antalya\u2019da d\u00f6rt kat, T\u00fcrkiye genelinde ise iki kat artt\u0131\u011f\u0131na dikkat \u00e7eken Budak, \u201c\u0130\u015ften \u00e7\u0131karma yasa\u011f\u0131n\u0131n sadece [&hellip;]<\/p>\n","protected":false},"author":1,"featured_media":21182,"comment_status":"closed","ping_status":"open","sticky":false,"template":"","format":"standard","meta":[],"categories":[52,35],"tags":[],"amp_enabled":true,"_links":{"self":[{"href":"https:\/\/chpantalya.com\/index.php?rest_route=\/wp\/v2\/posts\/21188"}],"collection":[{"href":"https:\/\/chpantalya.com\/index.php?rest_route=\/wp\/v2\/posts"}],"about":[{"href":"https:\/\/chpantalya.com\/index.php?rest_route=\/wp\/v2\/types\/post"}],"author":[{"embeddable":true,"href":"https:\/\/chpantalya.com\/index.php?rest_route=\/wp\/v2\/users\/1"}],"replies":[{"embeddable":true,"href":"https:\/\/chpantalya.com\/index.php?rest_route=%2Fwp%2Fv2%2Fcomments&post=21188"}],"version-history":[{"count":0,"href":"https:\/\/chpantalya.com\/index.php?rest_route=\/wp\/v2\/posts\/21188\/revisions"}],"wp:featuredmedia":[{"embeddable":true,"href":"https:\/\/chpantalya.com\/index.php?rest_route=\/wp\/v2\/media\/21182"}],"wp:attachment":[{"href":"https:\/\/chpantalya.com\/index.php?rest_route=%2Fwp%2Fv2%2Fmedia&parent=21188"}],"wp:term":[{"taxonomy":"category","embeddable":true,"href":"https:\/\/chpantalya.com\/index.php?rest_route=%2Fwp%2Fv2%2Fcategories&post=21188"},{"taxonomy":"post_tag","embeddable":true,"href":"https:\/\/chpantalya.com\/index.php?rest_route=%2Fwp%2Fv2%2Ftags&post=21188"}],"curies":[{"name":"wp","href":"https:\/\/api.w.org\/{rel}","templated":true}]}}