{"id":21242,"date":"2020-07-08T12:12:24","date_gmt":"2020-07-08T09:12:24","guid":{"rendered":"http:\/\/chpantalya.com\/?p=21242"},"modified":"2020-07-08T12:16:01","modified_gmt":"2020-07-08T09:16:01","slug":"cami-var-imam-yok-diyanetin-butcesi-mi-yetmedi","status":"publish","type":"post","link":"https:\/\/chpantalya.com\/?p=21242","title":{"rendered":"\u00a0CAM\u0130 VAR \u0130MAM YOK  &#8220;D\u0130YANET&#8217;\u0130N B\u00dcT\u00c7ES\u0130 M\u0130 YETMED\u0130?&#8221;"},"content":{"rendered":"<p><strong>Antalya&#8217;n\u0131n G\u00fcndo\u011fmu\u015f il\u00e7esine ba\u011fl\u0131 2 b\u00fcy\u00fck ve merkezi k\u00f6y olan G\u00fcneyyaka ve Serinyaka Mahalleleri Camiilerinde uzun zamand\u0131r g\u00f6revli imam bulunmad\u0131\u011f\u0131n\u0131 \u00f6\u011frenen CHP Antalya \u0130l Ba\u015fkan\u0131 Nusret Bayar, &#8220;Neden imam atanm\u0131yor? Diyanet&#8217;in 8 Bakanl\u0131ktan b\u00fcy\u00fck olan b\u00fct\u00e7esi mi yetmedi?&#8221; dedi<\/strong><\/p>\n<p>Cumhuriyet Halk Partisi Antalya \u0130l Ba\u015fkan\u0131 Nusret Bayar, G\u00fcndo\u011fmu\u015f il\u00e7esinde k\u00f6ylere ve yaylalara yapt\u0131\u011f\u0131 ziyaretlerde yerel halkla biraraya gelerek toplant\u0131lar ger\u00e7ekle\u015ftirdi, sorunlar\u0131 dinledi. G\u00fcndo\u011fmu\u015f&#8217;un G\u00fcneyyaka ve Serinyaka Mahalle Camiilerinde halk\u0131n yo\u011fun talebine ra\u011fmen uzun zamand\u0131r imam bulunmad\u0131\u011f\u0131n\u0131 \u00f6\u011frenen Ba\u015fkan Nusret Bayar, konuyla ilgili kamuoyuna a\u00e7\u0131klamalarda bulundu. Ba\u015fkan Bayar, &#8220;G\u00fcndo\u011fmu\u015f \u0130l\u00e7emizde yapt\u0131\u011f\u0131m\u0131z ziyaretlerde, vatanda\u015flar\u0131n s\u0131k\u0131nt\u0131lar\u0131 aras\u0131nda en \u00e7ok dikkat \u00e7eken husus, merkezi konumdaki iki mahalle camiinin imam\u0131n\u0131n bulunmamas\u0131 oldu. G\u00fcndo\u011fmu\u015f\u2019un en b\u00fcy\u00fck ve merkezi mahallelerinden G\u00fcneyyaka Mahallesi Camii\u2019nde 2015 senesinden beri, n\u00fcfusu kalabal\u0131k bir di\u011fer mahalle olan Serinyaka Mahallesi Camii\u2019nde ise \u015eubat 2020\u2019den beri g\u00f6revli imam bulunmamaktad\u0131r. Buradaki halk\u0131n \u0131srarl\u0131 talebine ra\u011fmen imam atanmamas\u0131n\u0131n gerek\u00e7esi nedir? Vatanda\u015f\u0131n omuzuna \u00fcst \u00fcste bindirilen vergilerle birlikte her ge\u00e7en sene katlanarak artan, 8 Bakanl\u0131\u011f\u0131n b\u00fct\u00e7esinden daha b\u00fcy\u00fck olan Diyanet \u0130\u015fleri Ba\u015fkanl\u0131\u011f\u0131 b\u00fct\u00e7esi; milyon liralar\u0131 a\u015fan l\u00fcks makam ara\u00e7lar\u0131 i\u00e7in yeterlidir de, iki camiye imam atamak i\u00e7in yeterli de\u011fil midir? Antalya\u2019n\u0131n Toroslar\u0131nda bulunan bu mahallelerimizdeki talebi g\u00f6rmezden gelenlerin, s\u0131rf g\u00fcndem yaratmak ad\u0131na Ayasofya\u2019n\u0131n ibadete a\u00e7\u0131lmas\u0131 konusundaki tavr\u0131 ne kadar samimidir? G\u00fcndo\u011fmu\u015f \u0130l\u00e7emizdeki G\u00fcneyyaka ve Serinyaka Mahallelerimizde halk\u0131n talep etti\u011fi imam atamalar\u0131 i\u00e7in Antalya Valisi Say\u0131n Ersin Yaz\u0131c\u0131 ve Antalya \u0130l M\u00fcft\u00fcs\u00fc Osman Artan\u2019\u0131 g\u00f6reve davet ediyorum. Konunun takip\u00e7isi olaca\u011f\u0131m\u0131z\u0131n hem\u015fehrilerimiz taraf\u0131ndan bilinmesini isteriz&#8221; ifadelerine yer verdi.<\/p>\n<p><iframe loading=\"lazy\" src=\"https:\/\/www.youtube.com\/embed\/5gbRnMexOoE\" width=\"560\" height=\"315\" frameborder=\"0\" allowfullscreen=\"allowfullscreen\"><\/iframe><\/p>\n","protected":false},"excerpt":{"rendered":"<p>Antalya&#8217;n\u0131n G\u00fcndo\u011fmu\u015f il\u00e7esine ba\u011fl\u0131 2 b\u00fcy\u00fck ve merkezi k\u00f6y olan G\u00fcneyyaka ve Serinyaka Mahalleleri Camiilerinde uzun zamand\u0131r g\u00f6revli imam bulunmad\u0131\u011f\u0131n\u0131 \u00f6\u011frenen CHP Antalya \u0130l Ba\u015fkan\u0131 Nusret Bayar, &#8220;Neden imam atanm\u0131yor? Diyanet&#8217;in 8 Bakanl\u0131ktan b\u00fcy\u00fck olan b\u00fct\u00e7esi mi yetmedi?&#8221; dedi Cumhuriyet Halk Partisi Antalya \u0130l Ba\u015fkan\u0131 Nusret Bayar, G\u00fcndo\u011fmu\u015f il\u00e7esinde k\u00f6ylere ve yaylalara yapt\u0131\u011f\u0131 ziyaretlerde yerel [&hellip;]<\/p>\n","protected":false},"author":1,"featured_media":21243,"comment_status":"closed","ping_status":"open","sticky":false,"template":"","format":"standard","meta":[],"categories":[58],"tags":[],"amp_enabled":true,"_links":{"self":[{"href":"https:\/\/chpantalya.com\/index.php?rest_route=\/wp\/v2\/posts\/21242"}],"collection":[{"href":"https:\/\/chpantalya.com\/index.php?rest_route=\/wp\/v2\/posts"}],"about":[{"href":"https:\/\/chpantalya.com\/index.php?rest_route=\/wp\/v2\/types\/post"}],"author":[{"embeddable":true,"href":"https:\/\/chpantalya.com\/index.php?rest_route=\/wp\/v2\/users\/1"}],"replies":[{"embeddable":true,"href":"https:\/\/chpantalya.com\/index.php?rest_route=%2Fwp%2Fv2%2Fcomments&post=21242"}],"version-history":[{"count":0,"href":"https:\/\/chpantalya.com\/index.php?rest_route=\/wp\/v2\/posts\/21242\/revisions"}],"wp:featuredmedia":[{"embeddable":true,"href":"https:\/\/chpantalya.com\/index.php?rest_route=\/wp\/v2\/media\/21243"}],"wp:attachment":[{"href":"https:\/\/chpantalya.com\/index.php?rest_route=%2Fwp%2Fv2%2Fmedia&parent=21242"}],"wp:term":[{"taxonomy":"category","embeddable":true,"href":"https:\/\/chpantalya.com\/index.php?rest_route=%2Fwp%2Fv2%2Fcategories&post=21242"},{"taxonomy":"post_tag","embeddable":true,"href":"https:\/\/chpantalya.com\/index.php?rest_route=%2Fwp%2Fv2%2Ftags&post=21242"}],"curies":[{"name":"wp","href":"https:\/\/api.w.org\/{rel}","templated":true}]}}