{"id":21524,"date":"2020-10-01T16:46:33","date_gmt":"2020-10-01T13:46:33","guid":{"rendered":"http:\/\/chpantalya.com\/?p=21524"},"modified":"2020-10-02T10:28:35","modified_gmt":"2020-10-02T07:28:35","slug":"ybek-adrasan-goleti-neden-kumlucaya-degilde-baska-ilceye-birakildi","status":"publish","type":"post","link":"https:\/\/chpantalya.com\/?p=21524","title":{"rendered":"ZEYBEK: ADRASAN G\u00d6LET\u0130 NEDEN KUMLUCA\u2019YA DE\u011e\u0130LDE, BA\u015eKA \u0130L\u00c7EYE BIRAKILDI?"},"content":{"rendered":"<p>CHP Antalya Milletvekili ve TBMM Adalet Komisyonu \u00dcyesi Rafet Zeybek, Antalya\u2019n\u0131n Kumluca il\u00e7esine bulunan, in\u015faat\u0131 biten Adrasan G\u00f6letinin yap\u0131lan protokole ra\u011fmen Kumluca Belediyesi yerine kom\u015fu bir il\u00e7enin sulama birli\u011fine verilmesini Tar\u0131m ve Orman Bakan\u0131 Bekir Pakdemirli\u2019nin yan\u0131tlamas\u0131 istemiyle verdi\u011fi soru \u00f6nergesi ile Meclis g\u00fcndemine ta\u015f\u0131d\u0131.<\/p>\n<p><strong>\u0130KT\u0130DAR, CHP\u2019L\u0130 VE M\u0130LLET \u0130TT\u0130FAKINA A\u0130T BELED\u0130YELER\u0130 CEZALANDIRMAK \u0130ST\u0130YOR<\/strong><\/p>\n<p>DS\u0130 taraf\u0131ndan Kumluca Belediyesi ile i\u015fletme s\u00f6zle\u015fmesi imzalanan ve 2020 y\u0131l\u0131nda Kumluca Belediyesine verilmesi planlanan g\u00f6let, Kumluca Belediyesi\u2019nin yerel se\u00e7imlerde CHP taraf\u0131ndan kazan\u0131lmas\u0131 ile kilometrelerce uzaktaki Korkuteli Sulama Birli\u011fine verildi\u011fini s\u00f6yleyen CHP\u2019li Zeybek, g\u00f6letin Kumluca il\u00e7e s\u0131n\u0131rlar\u0131nda ve Kumluca Belediyesi ile yap\u0131lan s\u00f6zle\u015fmeye g\u00f6re il\u00e7e belediyesi yerine, kilometrelerce uzaktaki ba\u015fka bir il\u00e7eye verilmesi \u00fczerine \u015fu a\u00e7\u0131klamada bulundu; \u201cBu g\u00f6letin Korkuteli\u2019ne verilmesinin hi\u00e7bir hakl\u0131 gerek\u00e7esi yoktur, karar siyasidir. \u0130ktidar maalesef Millet \u0130ttifak\u0131na ait belediyeleri \u00e7al\u0131\u015ft\u0131rmak istemiyor. Millete hizmetten elini \u00e7ektirmeye \u00e7al\u0131\u015f\u0131yor. A\u00e7\u0131k\u00e7as\u0131 bu siyasetinde \u00f6tesinde, hizmet bekleyen vatanda\u015flar\u0131m\u0131za ihanettir. \u0130ktidar ne yaz\u0131k ki buna devletin kurumlar\u0131n\u0131 da alet ediyor. DS\u0130 gibi herkese hizmet etmesi gereken bir kurum, bir siyasi partinin yanl\u0131\u015f politikalar\u0131 u\u011fruna yanl\u0131\u015f y\u00f6netiliyor, Adrasan\u2019daki bu g\u00f6let kilometrelerce uzaktaki Korkuteli\u2019ne ba\u011flan\u0131yor. CHP\u2019li ve Millet \u0130ttifak\u0131na ait belediyeleri cezaland\u0131rmak, halk\u0131 cezaland\u0131rmakt\u0131r. \u0130ktidar\u0131n bu keyfi y\u00f6netimi bilinmeli ve tarih bunlar\u0131 yazmal\u0131d\u0131r. \u00dclke keyfiyet ve siyasi \u00e7\u0131karlarla de\u011fil, ciddiyetle y\u00f6netilir ancak AKP iktidar\u0131 y\u00f6netemedik\u00e7e, keyfiyete ba\u015fvurmaktad\u0131r.\u201d dedi.<\/p>\n<p><strong>ADRASAN G\u00d6LET\u0130 NEDEN KUMLUCA\u2019YA DE\u011e\u0130LDE, BA\u015eKA \u0130L\u00c7EYE BIRAKILDI?<\/strong><\/p>\n<p>CHP Antalya Milletvekili Rafet Zeybek verdi\u011fi soru \u00f6nergesi sonras\u0131 yapt\u0131\u011f\u0131 a\u00e7\u0131klamada \u015fu ifadeleri kulland\u0131; \u201cCHP Antalya \u0130l Ba\u015fkan\u0131m\u0131z Nusret Bayar, CHP Kumluca \u0130l\u00e7e Ba\u015fkan\u0131m\u0131z Arif Kocac\u0131k, \u0130l ve \u0130l\u00e7e \u00f6rg\u00fct\u00fc y\u00f6neticilerimiz, Belediye Meclis \u00fcyelerimiz ile birlikte eyl\u00fcl ay\u0131 i\u00e7inde Adrasan G\u00f6leti\u2019nde incelemelerde bulunduk. Kumluca \u0130l\u00e7e y\u00f6neticilerimiz, meclis \u00fcyelerimiz ve y\u00f6re halk\u0131ndan bilgiler ald\u0131k, ancak DS\u0130 taraf\u0131ndan da bir cevap verilmesi elzemdir. Hizmet siyaseti yerine, cezaland\u0131rma siyaseti yapman\u0131n kimseye faydas\u0131 yoktur.\u201d CHP\u2019li Zeybek verdi\u011fi soru \u00f6nergesinde Adrasan G\u00f6leti\u2019nin hangi gerek\u00e7elerle kilometrelerce uzaktaki bir sulama birli\u011fine verildi\u011fini, devir i\u015flemlerinin iptal edilmesi i\u00e7in bir talimat gelip gelmedi\u011fine sorular\u0131na da yer verdi.<\/p>\n","protected":false},"excerpt":{"rendered":"<p>CHP Antalya Milletvekili ve TBMM Adalet Komisyonu \u00dcyesi Rafet Zeybek, Antalya\u2019n\u0131n Kumluca il\u00e7esine bulunan, in\u015faat\u0131 biten Adrasan G\u00f6letinin yap\u0131lan protokole ra\u011fmen Kumluca Belediyesi yerine kom\u015fu bir il\u00e7enin sulama birli\u011fine verilmesini Tar\u0131m ve Orman Bakan\u0131 Bekir Pakdemirli\u2019nin yan\u0131tlamas\u0131 istemiyle verdi\u011fi soru \u00f6nergesi ile Meclis g\u00fcndemine ta\u015f\u0131d\u0131. \u0130KT\u0130DAR, CHP\u2019L\u0130 VE M\u0130LLET \u0130TT\u0130FAKINA A\u0130T BELED\u0130YELER\u0130 CEZALANDIRMAK \u0130ST\u0130YOR DS\u0130 [&hellip;]<\/p>\n","protected":false},"author":1,"featured_media":20944,"comment_status":"closed","ping_status":"open","sticky":false,"template":"","format":"standard","meta":[],"categories":[35,62],"tags":[],"amp_enabled":true,"_links":{"self":[{"href":"https:\/\/chpantalya.com\/index.php?rest_route=\/wp\/v2\/posts\/21524"}],"collection":[{"href":"https:\/\/chpantalya.com\/index.php?rest_route=\/wp\/v2\/posts"}],"about":[{"href":"https:\/\/chpantalya.com\/index.php?rest_route=\/wp\/v2\/types\/post"}],"author":[{"embeddable":true,"href":"https:\/\/chpantalya.com\/index.php?rest_route=\/wp\/v2\/users\/1"}],"replies":[{"embeddable":true,"href":"https:\/\/chpantalya.com\/index.php?rest_route=%2Fwp%2Fv2%2Fcomments&post=21524"}],"version-history":[{"count":0,"href":"https:\/\/chpantalya.com\/index.php?rest_route=\/wp\/v2\/posts\/21524\/revisions"}],"wp:featuredmedia":[{"embeddable":true,"href":"https:\/\/chpantalya.com\/index.php?rest_route=\/wp\/v2\/media\/20944"}],"wp:attachment":[{"href":"https:\/\/chpantalya.com\/index.php?rest_route=%2Fwp%2Fv2%2Fmedia&parent=21524"}],"wp:term":[{"taxonomy":"category","embeddable":true,"href":"https:\/\/chpantalya.com\/index.php?rest_route=%2Fwp%2Fv2%2Fcategories&post=21524"},{"taxonomy":"post_tag","embeddable":true,"href":"https:\/\/chpantalya.com\/index.php?rest_route=%2Fwp%2Fv2%2Ftags&post=21524"}],"curies":[{"name":"wp","href":"https:\/\/api.w.org\/{rel}","templated":true}]}}