{"id":21554,"date":"2020-10-07T15:48:00","date_gmt":"2020-10-07T12:48:00","guid":{"rendered":"http:\/\/chpantalya.com\/?p=21554"},"modified":"2020-10-07T15:48:00","modified_gmt":"2020-10-07T12:48:00","slug":"gozde-sahillerimizin-mucev-uzerinden-yandasa-peskes-cekilmesi-sayistay-raporuna-da-yansidi","status":"publish","type":"post","link":"https:\/\/chpantalya.com\/?p=21554","title":{"rendered":"\u201cG\u00f6zde Sahillerimizin MU\u00c7EV \u00dczerinden Yanda\u015fa Pe\u015fke\u015f \u00c7ekilmesi Say\u0131\u015ftay Raporuna da Yans\u0131d\u0131.\u201d"},"content":{"rendered":"<p><strong>\u201cG\u00f6zde Sahillerimizin MU\u00c7EV \u00dczerinden Yanda\u015fa Pe\u015fke\u015f \u00c7ekilmesi Say\u0131\u015ftay Raporuna da Yans\u0131d\u0131.\u201d<\/strong><\/p>\n<p>&nbsp;<\/p>\n<p>CHP Antalya Milletvekili Av.Cavit Ar\u0131, \u00c7evre ve \u015eehircilik Bakan\u0131 Murat Kurum\u2019a \u00a0hitaben verdi\u011fi yaz\u0131l\u0131 soru \u00f6nergesi ile \u00c7evre ve \u015eehircilik Bakanl\u0131\u011f\u0131n\u0131n 2019 Y\u0131l\u0131 Say\u0131\u015ftay Raporunda yer alan Side-Sorgun Mahallesi B\u00fcy\u00fckplaj mevkii kumsal alan\u0131 k\u0131y\u0131 kesiminde 1.Derece do\u011fal sit alan\u0131 i\u00e7erisinde kalan g\u00fcn\u00fcbirlik k\u0131y\u0131 kullan\u0131m alan\u0131nda bulunan 21.027 m2 b\u00fcy\u00fckl\u00fc\u011f\u00fcndeki 4 adet hizmet noktas\u0131n\u0131n olmas\u0131 gerekenin \u00fc\u00e7te biri oran\u0131nda d\u00fc\u015f\u00fck bedel \u00fczerinden MU\u00c7EV Turizm Ticaret Limited \u015eirketi\u2019ne (MU\u00c7EV) kiralanmas\u0131n\u0131n neden oldu\u011fu kamu zarar\u0131n\u0131 meclis g\u00fcndemine ta\u015f\u0131d\u0131.<\/p>\n<p>Side Sorgun\u2019da kumul alanda bulunan 21.027 m2 b\u00fcy\u00fckl\u00fc\u011f\u00fcndeki 4 adet hizmet noktas\u0131 kiralanmas\u0131na y\u00f6nelik olarak yap\u0131lan bedel tespitinde 7.758 m2\u2019lik tek bir hizmet alan i\u00e7in hesaplanan 561.132 TL kira bedelinin \u00a0alan\u0131n tamam\u0131 i\u00e7in uyguland\u0131\u011f\u0131n\u0131 ve en az 1.520.871 TL olmas\u0131 gereken y\u0131ll\u0131k kiralama bedelinin de pazarl\u0131k usul\u00fc yap\u0131lan ihale sonucunda MU\u00c7EV \u015firketine y\u0131ll\u0131k 820.000 TL\u2019na verilmesinden kaynakl\u0131 olu\u015fan kamu zarar\u0131, a\u00e7\u0131k\u00e7a g\u00f6zde sahillerimizin MU\u00c7EV \u00fczerinden yanda\u015fa pe\u015fke\u015f \u00e7ekildi\u011fini devletin resmi denetim raporuna da girerek bize g\u00f6stermi\u015ftir diyen CHP Antalya Milletvekili Cavit ARI, \u201cDaha \u00f6ncede belirtti\u011fimiz \u00fczere, MU\u00c7EV\u2019in Anayasa\u2019ya ve K\u0131y\u0131 Kanunu\u2019na g\u00f6re k\u0131y\u0131lar\u0131 korumakla g\u00f6revli kamu y\u00f6netimi birimleri taraf\u0131ndan vak\u0131f g\u00f6r\u00fcn\u00fcm\u00fc alt\u0131nda kurulan ancak ortak varl\u0131\u011f\u0131m\u0131z\u0131 ticarile\u015ftirmenin\/halka kapatman\u0131n arac\u0131 olan bir \u015firket olarak hareket eti\u011fini \u00fcz\u00fclerek g\u00f6rmekteyiz. MU\u00c7EV\u2019in daha \u00f6nceki uygulamalar\u0131nda da AKP\u2019nin elinde olmayan belediyelerin i\u015fletme alan\u0131nda olmas\u0131 gereken k\u0131y\u0131lar ve di\u011fer do\u011fal alanlar\u0131n i\u015fletmesini kendi destek\u00e7ilerine f\u0131rsat olarak sunmaya \u00e7al\u0131\u015ft\u0131\u011f\u0131 say\u0131s\u0131z \u00f6rnek ya\u015fanm\u0131\u015ft\u0131r. Bakanl\u0131\u011f\u0131 MU\u00c7EV \u00fczerinden y\u00fcr\u00fct\u00fclen bu yanl\u0131\u015f uygulamaya derhal son vermeye, neden olunan zararlar\u0131n da giderilmesine y\u00f6nelik harekete ge\u00e7meye davet ediyorum.\u201d dedi.<\/p>\n<p>Konuya ili\u015fkin 06.10.2020 tarihli soru \u00f6nergesinde \u201cS\u00f6z konusu Say\u0131\u015ftay Raporunda, kiralama ihalelerinde temel al\u0131nan de\u011ferleme raporlar\u0131n bir\u00e7o\u011funun Tabiat Varl\u0131klar\u0131n\u0131 Koruma Genel M\u00fcd\u00fcrl\u00fc\u011f\u00fc taraf\u0131ndan de\u011fil, MU\u00c7EV taraf\u0131ndan haz\u0131rlat\u0131ld\u0131\u011f\u0131 ve bedelinin de ilgili \u015firket taraf\u0131ndan kar\u015f\u0131land\u0131\u011f\u0131 belirtilmi\u015ftir. Konunun as\u0131l \u00e7arp\u0131c\u0131 y\u00f6n\u00fc ise MU\u00c7EV taraf\u0131ndan haz\u0131rlatt\u0131r\u0131lan 52 adet de\u011ferleme raporunun kullan\u0131ld\u0131\u011f\u0131 kiralama ihalelerinin 25\u2019inde, kirac\u0131n\u0131n yine Mu\u00e7ev oldu\u011fudur. B\u00fct\u00fcn bu tespitlerden anla\u015f\u0131ld\u0131\u011f\u0131 \u00fczere MU\u00c7EV \u00fczerinden kamu ciddi bir zarara u\u011frat\u0131ld\u0131\u011f\u0131 anla\u015f\u0131lm\u0131\u015ft\u0131r.\u201d diye belirten Ar\u0131 \u00f6nergesinde;<\/p>\n<ul>\n<li>Say\u0131\u015ftay raporunda ge\u00e7en bu tespitlere ili\u015fkin a\u00e7\u0131klamalar\u0131n\u0131z nelerdir?<\/li>\n<li>Bakanl\u0131\u011f\u0131n\u0131z\u0131n kiralama i\u015flerinden bir\u00e7o\u011funun ihalesini alan MU\u00c7EV \u015firketinin y\u00f6netim kurulu ba\u015fkan ve \u00fcyeleri kimlerden olu\u015fmaktad\u0131r?<\/li>\n<li>Kiralama ihalelerinde de\u011ferleme raporlar\u0131n\u0131 kendisi yapt\u0131ran MU\u00c7EV\u2019in, rapor verdi\u011fi 52 ihaleden 25\u2019inde kendisinin kirac\u0131 olmas\u0131n\u0131 nas\u0131l a\u00e7\u0131kl\u0131yorsunuz?<\/li>\n<li>MU\u00c7EV \u015firketinin Bakanl\u0131\u011f\u0131n\u0131zdan ald\u0131\u011f\u0131 kiralama ihalesi say\u0131s\u0131 ka\u00e7t\u0131r?<\/li>\n<li>Tabiat Varl\u0131klar\u0131n\u0131 Koruma Genel M\u00fcd\u00fcrl\u00fc\u011f\u00fcn\u00fcn, bu kiralamalar\u0131 Tabiat Varl\u0131klar\u0131 ve Do\u011fal Sit Alanlar\u0131 ile \u00d6zel \u00c7evre Koruma B\u00f6lgelerinde Bulunan Devletin H\u00fck\u00fcm ve Tasarrufu Alt\u0131ndaki Yerlerin \u0130daresi Hakk\u0131nda Y\u00f6netmeli\u011fin 55\u2019inci maddesinin d\u00f6rd\u00fcnc\u00fc f\u0131kras\u0131n\u0131n (c) bendi kapsam\u0131nda pazarl\u0131k usul\u00fc ile yapmas\u0131n\u0131 nas\u0131l a\u00e7\u0131kl\u0131yorsunuz?<\/li>\n<li>Bakanl\u0131\u011f\u0131n\u0131z taraf\u0131ndan bu y\u00f6netmeli\u011fe dayal\u0131 olarak yap\u0131lan kiralama ihalesi say\u0131s\u0131 ka\u00e7t\u0131r?<\/li>\n<li>Bu y\u00f6netmelik maddesine dayal\u0131 yap\u0131lan ihalelerin usuls\u00fcz oldu\u011funu ve iptal edilmesi gerekti\u011fini d\u00fc\u015f\u00fcn\u00fcyor musunuz?<\/li>\n<li>Bu konuda a\u00e7\u0131lm\u0131\u015f olan herhangi bir idari ya da adli soru\u015fturma var m\u0131d\u0131r? Yoksa soru\u015fturma ba\u015flatmay\u0131 d\u00fc\u015f\u00fcn\u00fcyor musunuz?<\/li>\n<li>Side-Sorgun\u2019da yap\u0131lan kiralamadaki \u00f6zel de\u011ferleme \u015firketi raporuna ra\u011fmen, neredeyse \u00fc\u00e7 kat daha d\u00fc\u015f\u00fck bedelle yap\u0131lan kiralamay\u0131 iptal etmeyi ve sorumlular hakk\u0131nda gerekli i\u015flemleri ba\u015flatmay\u0131 d\u00fc\u015f\u00fcn\u00fcyor musunuz?<\/li>\n<li>MU\u00c7EV\u2019in de\u011ferleme raporlar\u0131 haz\u0131rlatt\u0131\u011f\u0131 de\u011ferleme \u015firketi ya da \u015firketleri hangileridir? Bu raporlar tek bir de\u011ferleme \u015firketine mi haz\u0131rlat\u0131lmaktad\u0131r?\u201d sorular\u0131n\u0131 y\u00f6neltti.<\/li>\n<\/ul>\n","protected":false},"excerpt":{"rendered":"<p>\u201cG\u00f6zde Sahillerimizin MU\u00c7EV \u00dczerinden Yanda\u015fa Pe\u015fke\u015f \u00c7ekilmesi Say\u0131\u015ftay Raporuna da Yans\u0131d\u0131.\u201d &nbsp; CHP Antalya Milletvekili Av.Cavit Ar\u0131, \u00c7evre ve \u015eehircilik Bakan\u0131 Murat Kurum\u2019a \u00a0hitaben verdi\u011fi yaz\u0131l\u0131 soru \u00f6nergesi ile \u00c7evre ve \u015eehircilik Bakanl\u0131\u011f\u0131n\u0131n 2019 Y\u0131l\u0131 Say\u0131\u015ftay Raporunda yer alan Side-Sorgun Mahallesi B\u00fcy\u00fckplaj mevkii kumsal alan\u0131 k\u0131y\u0131 kesiminde 1.Derece do\u011fal sit alan\u0131 i\u00e7erisinde kalan g\u00fcn\u00fcbirlik k\u0131y\u0131 [&hellip;]<\/p>\n","protected":false},"author":1,"featured_media":21555,"comment_status":"closed","ping_status":"open","sticky":false,"template":"","format":"standard","meta":[],"categories":[63,35],"tags":[],"amp_enabled":true,"_links":{"self":[{"href":"https:\/\/chpantalya.com\/index.php?rest_route=\/wp\/v2\/posts\/21554"}],"collection":[{"href":"https:\/\/chpantalya.com\/index.php?rest_route=\/wp\/v2\/posts"}],"about":[{"href":"https:\/\/chpantalya.com\/index.php?rest_route=\/wp\/v2\/types\/post"}],"author":[{"embeddable":true,"href":"https:\/\/chpantalya.com\/index.php?rest_route=\/wp\/v2\/users\/1"}],"replies":[{"embeddable":true,"href":"https:\/\/chpantalya.com\/index.php?rest_route=%2Fwp%2Fv2%2Fcomments&post=21554"}],"version-history":[{"count":0,"href":"https:\/\/chpantalya.com\/index.php?rest_route=\/wp\/v2\/posts\/21554\/revisions"}],"wp:featuredmedia":[{"embeddable":true,"href":"https:\/\/chpantalya.com\/index.php?rest_route=\/wp\/v2\/media\/21555"}],"wp:attachment":[{"href":"https:\/\/chpantalya.com\/index.php?rest_route=%2Fwp%2Fv2%2Fmedia&parent=21554"}],"wp:term":[{"taxonomy":"category","embeddable":true,"href":"https:\/\/chpantalya.com\/index.php?rest_route=%2Fwp%2Fv2%2Fcategories&post=21554"},{"taxonomy":"post_tag","embeddable":true,"href":"https:\/\/chpantalya.com\/index.php?rest_route=%2Fwp%2Fv2%2Ftags&post=21554"}],"curies":[{"name":"wp","href":"https:\/\/api.w.org\/{rel}","templated":true}]}}