{"id":21726,"date":"2020-12-05T12:02:51","date_gmt":"2020-12-05T09:02:51","guid":{"rendered":"http:\/\/chpantalya.com\/?p=21726"},"modified":"2020-12-05T12:02:51","modified_gmt":"2020-12-05T09:02:51","slug":"kamuoyuna-5","status":"publish","type":"post","link":"https:\/\/chpantalya.com\/?p=21726","title":{"rendered":"KAMUOYUNA"},"content":{"rendered":"<p>&nbsp;<\/p>\n<p>As\u0131rlard\u0131r s\u00fcrmekte olan kad\u0131nlar\u0131n hak ve e\u015fitlik m\u00fccadelesinde en \u00f6nemli yeri \u00f6rg\u00fctlenme m\u00fccadelesi al\u0131yor. Daha Osmanl\u0131 D\u00f6nemi\u2019nde kurulan \u201cCemiyeti \u0130mdadiye\u201d, Halide Edip\u2019in \u00f6nderli\u011finde kurulan \u201cTeali \u0130slam Cemiyeti\u201d, Osmanl\u0131 Kad\u0131nlar\u0131 M\u00fcdafaai Hukuk Cemiyeti, Nezihe Muhittin\u2019in \u00f6nc\u00fcl\u00fck etti\u011fi \u201cHilali Ahmer Kad\u0131nlar Merkezi\u201d, T\u00fcrk Kad\u0131nlar Birli\u011fi ve Kurtulu\u015f Sava\u015f\u0131 s\u0131ras\u0131nda kurulan Ala\u015fehir Kad\u0131nlar Cemiyeti, Sivas Anadolu Kad\u0131nlar\u0131 M\u00fcdafaai Hukuk Cemiyeti kad\u0131n \u00f6rg\u00fctl\u00fcl\u00fc\u011f\u00fcn\u00fcn ilk \u00f6rneklerindendir.<\/p>\n<p>Kurtulu\u015f Sava\u015f\u0131\u2019nda kad\u0131nlar\u0131n bizzat sava\u015f\u0131n merkezinde yer almas\u0131n\u0131n ard\u0131ndan; Cumhuriyet\u2019le birlikte Kad\u0131nlar \u00e7ok \u00f6nemli toplumsal de\u011fi\u015fiklikler ge\u00e7irdi. Osmanl\u0131 D\u00f6neminde ba\u015flayan ve Cumhuriyet\u2019in kurulu\u015fuyla Sabiha G\u00f6k\u00e7en, Afet \u0130nan ve yak\u0131n tarihimizde ise Demokrasi \u015eehidimiz Bahriye \u00dc\u00e7ok, hayat\u0131n\u0131 cehaletle sava\u015fa adayan T\u00fcrkan Saylan gibi ayd\u0131nlanma \u00f6nderi kad\u0131nlar\u0131m\u0131zla doludur tarihimiz.<\/p>\n<p>Ulu \u00d6nderimiz Mustafa Kemal Atat\u00fcrk taraf\u0131ndan Hilafet kald\u0131r\u0131l\u0131p; Teokratik d\u00fczenden, laik d\u00fczene; Monar\u015fik rejimden Cumhuriyet rejimine ge\u00e7erken, Do\u011fu k\u00fclt\u00fcr\u00fcnden, Bat\u0131 k\u00fclt\u00fcr\u00fcne; Orta \u00c7a\u011f anlay\u0131\u015f\u0131ndan, \u00c7a\u011fda\u015f K\u00fclt\u00fcre, Demokrasiye, Dinsel d\u00f6n\u00fc\u015f\u00fcmden, Bilimsel d\u00f6n\u00fc\u015f\u00fcme y\u00f6neldik. Birbirinden \u00f6nemli devrimleri teker teker ger\u00e7ekle\u015ftirirken; 1926 y\u0131l\u0131nda Medeni Kanun\u2019la, 1930 y\u0131l\u0131ndan itibaren \u00f6nce yerel se\u00e7imlerde, ard\u0131ndan 5 Aral\u0131k 1934\u2019te Atat\u00fcrk bir kez daha D\u00fcnya\u2019ya \u00f6rnek olacak bir karara \u00f6nc\u00fcl\u00fck etti; kad\u0131nlar\u0131n siyasi hayatta genel se\u00e7imlerde se\u00e7me ve se\u00e7ilme hakk\u0131 i\u00e7in harekete ge\u00e7ti ve se\u00e7im kanununda yap\u0131lan de\u011fi\u015fiklik ile, bundan tam 86 y\u0131l \u00f6nce kad\u0131nlar en demokratik haklar\u0131na kavu\u015farak kad\u0131n erkek e\u015fitli\u011fi sa\u011flanm\u0131\u015f oldu. Ve Cumhuriyet D\u00f6nemi\u2019nin en b\u00fcy\u00fck devrimi, kad\u0131n devrimi olarak ger\u00e7ekle\u015fti. \u00c7\u00fcnk\u00fc, Kad\u0131na gerekli \u00f6nemin verilmedi\u011fi bir toplumda b\u00fct\u00fcn \u00f6teki devrimlerin anlam\u0131 olmazd\u0131. Bu m\u00fccadeleyi g\u00f6rmezden gelmeyen, hatta m\u00fccadeleye destek veren Ba\u015fta Atat\u00fcrk\u2019\u00fcm\u00fcze ve o d\u00f6nemde eme\u011fi ge\u00e7enlere sonsuz te\u015fekk\u00fcrler.<\/p>\n<p>T\u00fcrk Kad\u0131n\u0131n\u0131n Se\u00e7me ve Se\u00e7ilme Hakk\u0131 kazanmas\u0131n\u0131n \u00fczerinden ge\u00e7en 86 y\u0131l sonra bug\u00fcn; sosyal, siyasal ve idari noktalarda temsil g\u00fcc\u00fcm\u00fcz yeterli olmad\u0131\u011f\u0131ndan kad\u0131nlar\u0131m\u0131z mutlu de\u011fildir.<\/p>\n<p>1935\u2019te 18 kad\u0131n vekille ba\u015flayan s\u00fcre\u00e7, 1987 de 6 vekile kadar d\u00fc\u015fm\u00fc\u015f; Bug\u00fcn ise 101 kad\u0131n vekille parlamentoda meclisin sadece %17 oran\u0131nda temsiliyet hakk\u0131na sahip olabilmi\u015ftir.<\/p>\n<p>Yerel y\u00f6netimlere gelince kad\u0131n temsiliyeti; Belediye Ba\u015fkanl\u0131klar\u0131nda %3, Meclis \u00fcyeliklerinde ise %10 u yakalayam\u0131yor.<\/p>\n<p>2019 Yerel Se\u00e7imlerinde se\u00e7ilen; 30 b\u00fcy\u00fck\u015fehirde 3 kad\u0131n, 51 ilde 1 kad\u0131n, 919 il\u00e7ede 36 kad\u0131n belediye ba\u015fkanl\u0131\u011f\u0131na se\u00e7ilmi\u015f kad\u0131n temsilcilerimiz vard\u0131r.<\/p>\n<p>De\u011ferli Arkada\u015flar;<\/p>\n<p>Kad\u0131n ki\u015fili\u011fini kazanm\u0131\u015f ayd\u0131n ve \u00f6zg\u00fcr olursa girdi\u011fimiz yolda ilerleyebiliriz.<\/p>\n<p>\u00dclkemizde kad\u0131n-erkek e\u015fitli\u011fi konusunda en b\u00fcy\u00fck de\u011fi\u015fimleri ger\u00e7ekle\u015ftirmi\u015f olan Cumhuriyet Halk Partisi olarak hedefimiz; zihniyet de\u011fi\u015fikli\u011finden, hukuka, e\u011fitimden, \u00e7al\u0131\u015fma hayat\u0131na toplumdaki cinsiyet e\u015fitsizli\u011fini ortadan kald\u0131rmakt\u0131r.<\/p>\n<p>Demokrasi ancak kad\u0131nlar\u0131n tam anlam\u0131yla g\u00fc\u00e7lendi\u011fi ve e\u015fit yurtta\u015f oldu\u011fu bir toplumda k\u00f6kle\u015febilir. Kad\u0131nlar\u0131n kamusal ve toplumsal ya\u015fama daha e\u015fit kat\u0131labilmeleri ile daha g\u00fc\u00e7l\u00fc olmalar\u0131ndan kad\u0131nlar kadar erkekler ve \u00e7ocuklar dolay\u0131s\u0131yla t\u00fcm \u00fclke yararlanacakt\u0131r. \u201cUnutulmamal\u0131d\u0131r ki; Kad\u0131n\u0131n g\u00fc\u00e7l\u00fc oldu\u011fu bir \u00fclkenin temelleri sa\u011flam demektir.\u201d<\/p>\n<p>Kad\u0131nlar\u0131 siyasete \u00e7a\u011f\u0131r\u0131rken, m\u00fccadele i\u00e7inde yollar\u0131ndaki dikenler ve tuzaklar ay\u0131klanmal\u0131d\u0131r. E\u015fit m\u00fccadele ko\u015fullar\u0131 olu\u015fturulmal\u0131d\u0131r. Siyasi partiler ve se\u00e7im yasas\u0131 acilen de\u011fi\u015ftirilmelidir. Adayla\u015fma s\u00fcrecinde liyakat, herkeste aranmal\u0131d\u0131r.<\/p>\n<p>Bug\u00fcn itibariyle ya\u015fanan dar bo\u011fazla evin emek\u00e7isi kad\u0131n m\u00fccadele ediyor, sorguluyor. Bu sorgulamay\u0131 bask\u0131layan, \u00f6fkeyi yanl\u0131\u015f y\u00f6nlendiren, kadercili\u011fi empoze eden, g\u00fczel g\u00fcnleri \u00f6b\u00fcr d\u00fcnyada g\u00f6rebilece\u011fini anlatan tarikatlardan, cemaatlerden sadece biz kad\u0131nlar\u0131n direnciyle kurtulabiliriz.<\/p>\n<p>\u201cKad\u0131nlar siyasetin mutfa\u011f\u0131ndan sorumlular. Onlar ellerinin hamuru ile her i\u015fi yapabilirler. Se\u00e7im zaman\u0131 kap\u0131 kap\u0131 dola\u015fmak, bro\u015f\u00fcr da\u011f\u0131tmak, mitinglerde kalabal\u0131\u011f\u0131 olu\u015fturmak onlar\u0131n i\u015fidir, g\u00f6revidir. Evleri, sokaklar\u0131 en iyi onlar temizleyebilir.\u201d Bu s\u00f6ylemlerin \u00f6tesinde; y\u00f6netim kademelerinde, temsil noktas\u0131nda olmak istiyoruz.<\/p>\n<p>Kad\u0131n\u0131n sesi siyasette ne kadar g\u00fc\u00e7l\u00fc \u00e7\u0131karsa \u00fclkemizde o kadar \u00f6zg\u00fcr olacakt\u0131r. Amac\u0131, idealleri, kavgas\u0131, derdi olan kad\u0131n siyaset yap\u0131yor. Evdeki kad\u0131n\u0131n s\u00f6zc\u00fcs\u00fc siyasetteki kad\u0131nd\u0131r.<\/p>\n<p>Kad\u0131nlar art\u0131k siyasetin mutfa\u011f\u0131ndan \u00e7\u0131k\u0131p sofras\u0131na da oturmak istiyor! Y\u0131llar \u00f6nce kavu\u015ftu\u011fu se\u00e7me ve se\u00e7ilme hakk\u0131n\u0131 kullanarak karar mekanizmalar\u0131nda da yer almak istiyor!<\/p>\n<p>Bu \u00fclkenin gelece\u011fi kad\u0131nlar\u0131n elindedir. Bu karanl\u0131k gidi\u015fe biz kad\u0131nlar dur diyece\u011fiz.<\/p>\n<p>Ayd\u0131nl\u0131k yar\u0131nlara kararl\u0131l\u0131kla y\u00fcr\u00fcyoruz. G\u00fcc\u00fcm\u00fcze inan\u0131yoruz. Birlikte G\u00fc\u00e7l\u00fcy\u00fcz.<\/p>\n<p>Biz ayr\u0131cal\u0131k, l\u00fctuf istemiyoruz. E\u015fitlik ve adalet hakk\u0131m\u0131z\u0131 istiyoruz. Gelece\u011fimize sahip \u00e7\u0131k\u0131yoruz.<\/p>\n<p>E\u015fitlik m\u00fccadelesi, ger\u00e7e\u011fi g\u00f6rmekle ba\u015far\u0131ya ula\u015f\u0131r ve ger\u00e7ek, g\u00f6z\u00fcm\u00fcz\u00fcn \u00f6n\u00fcndedir.<\/p>\n<p>Siyasal e\u015fitli\u011fin, siyasal bir m\u00fccadele ile elde edilece\u011fi bilinci ile kollar\u0131 s\u0131vamal\u0131y\u0131z. Elimizin hamuru ile siyasete derinden girmenin tam zaman\u0131. Cumhuriyet\u2019in temel de\u011ferlerine ba\u011fl\u0131 daha \u00e7ok kad\u0131n muhtarlar, daha \u00e7ok kad\u0131n belediye meclis \u00fcyeleri, daha \u00e7ok kad\u0131n belediye ba\u015fkanlar\u0131 ve daha \u00e7ok kad\u0131n milletvekilleri olmal\u0131.<\/p>\n<p>Hayat\u0131n yar\u0131s\u0131n\u0131 olu\u015fturan kad\u0131nlar olarak;<\/p>\n<p>Kad\u0131ns\u0131z siyaset yar\u0131ns\u0131zd\u0131r.<\/p>\n<p>Kotalara s\u0131\u011f\u0131nmadan, %50 temsiliyet istiyoruz.<\/p>\n<p>Erkek egemen siyaseti d\u00f6n\u00fc\u015ft\u00fcr\u00fcnceye kadar m\u00fccadeleye devam.<\/p>\n<p>Cumhuriyetimize, vatan\u0131m\u0131za, Atat\u00fcrk\u2019\u00fcm\u00fcze, gelece\u011fimize sahip \u00e7\u0131k\u0131yoruz.<\/p>\n<p>Bug\u00fcne kadar bu m\u00fccadeleye g\u00fc\u00e7 katm\u0131\u015f ve \u00fclkemizi ileri ta\u015f\u0131yacak ad\u0131mlar\u0131 atm\u0131\u015f kad\u0131nlar\u0131 ve Cumhuriyetimizin kurucusu Gazi Mustafa Kemal Atat\u00fcrk\u2019\u00fc sayg\u0131 ve minnetle bir kez daha an\u0131yoruz.<\/p>\n<p>Onlar\u0131n d\u00fc\u015f\u00fcncelerini iktidara getirerek onlara olan borcumuzu \u00f6deyebiliriz.<\/p>\n<p>&nbsp;<\/p>\n<p style=\"text-align: left;\">\u00a0 \u00a0 \u00a0 \u00a0 \u00a0 \u00a0 \u00a0 \u00a0 \u00a0 \u00a0 \u00a0 \u00a0 \u00a0 \u00a0 \u00a0 \u00a0 \u00a0 \u00a0 \u00a0 \u00a0 \u00a0 \u00a0 \u00a0 \u00a0 \u00a0 \u00a0 \u00a0 \u00a0 \u00a0 \u00a0 \u00a0 \u00a0 \u00a0 \u00a0 \u00a0 \u00a0 \u00a0 \u00a0 \u00a0 \u00a0 \u00a0 \u00a0 \u00a0 \u00a0 \u00a0 \u00a0 \u00a0 \u00a0 \u00a0 \u00a0 \u00a0 \u00a0 \u00a0 \u00a0 \u00a0 \u00a0 \u00a0 \u00a0 \u00a0 \u00a0 \u00a0 \u00a0 \u00a0 \u00a0 \u00a0 N\u0130L\u00dcFER DEVEC\u0130<\/p>\n<p style=\"text-align: left;\">CHP Kad\u0131n Kollar\u0131 Antalya \u0130l Ba\u015fkan\u0131<\/p>\n<p><a href=\"https:\/\/chpantalya.com\/?attachment_id=21728\" rel=\"attachment wp-att-21728\"><img loading=\"lazy\" class=\"alignleft size-full wp-image-21728\" src=\"https:\/\/chpantalya.com\/wp-content\/uploads\/2020\/12\/IMG_9455.jpg\" alt=\"\" width=\"1024\" height=\"682\" srcset=\"https:\/\/chpantalya.com\/wp-content\/uploads\/2020\/12\/IMG_9455.jpg 1024w, https:\/\/chpantalya.com\/wp-content\/uploads\/2020\/12\/IMG_9455-300x200.jpg 300w, https:\/\/chpantalya.com\/wp-content\/uploads\/2020\/12\/IMG_9455-768x512.jpg 768w, https:\/\/chpantalya.com\/wp-content\/uploads\/2020\/12\/IMG_9455-696x464.jpg 696w, https:\/\/chpantalya.com\/wp-content\/uploads\/2020\/12\/IMG_9455-631x420.jpg 631w\" sizes=\"(max-width: 1024px) 100vw, 1024px\" \/><\/a> <a href=\"https:\/\/chpantalya.com\/?attachment_id=21727\" rel=\"attachment wp-att-21727\"><img loading=\"lazy\" class=\"alignleft size-full wp-image-21727\" src=\"https:\/\/chpantalya.com\/wp-content\/uploads\/2020\/12\/IMG_9454.jpg\" alt=\"\" width=\"1024\" height=\"682\" srcset=\"https:\/\/chpantalya.com\/wp-content\/uploads\/2020\/12\/IMG_9454.jpg 1024w, https:\/\/chpantalya.com\/wp-content\/uploads\/2020\/12\/IMG_9454-300x200.jpg 300w, https:\/\/chpantalya.com\/wp-content\/uploads\/2020\/12\/IMG_9454-768x512.jpg 768w, https:\/\/chpantalya.com\/wp-content\/uploads\/2020\/12\/IMG_9454-696x464.jpg 696w, https:\/\/chpantalya.com\/wp-content\/uploads\/2020\/12\/IMG_9454-631x420.jpg 631w\" sizes=\"(max-width: 1024px) 100vw, 1024px\" \/><\/a><\/p>\n<p>&nbsp;<\/p>\n","protected":false},"excerpt":{"rendered":"<p>&nbsp; As\u0131rlard\u0131r s\u00fcrmekte olan kad\u0131nlar\u0131n hak ve e\u015fitlik m\u00fccadelesinde en \u00f6nemli yeri \u00f6rg\u00fctlenme m\u00fccadelesi al\u0131yor. Daha Osmanl\u0131 D\u00f6nemi\u2019nde kurulan \u201cCemiyeti \u0130mdadiye\u201d, Halide Edip\u2019in \u00f6nderli\u011finde kurulan \u201cTeali \u0130slam Cemiyeti\u201d, Osmanl\u0131 Kad\u0131nlar\u0131 M\u00fcdafaai Hukuk Cemiyeti, Nezihe Muhittin\u2019in \u00f6nc\u00fcl\u00fck etti\u011fi \u201cHilali Ahmer Kad\u0131nlar Merkezi\u201d, T\u00fcrk Kad\u0131nlar Birli\u011fi ve Kurtulu\u015f Sava\u015f\u0131 s\u0131ras\u0131nda kurulan Ala\u015fehir Kad\u0131nlar Cemiyeti, Sivas Anadolu Kad\u0131nlar\u0131 [&hellip;]<\/p>\n","protected":false},"author":1,"featured_media":21727,"comment_status":"closed","ping_status":"open","sticky":false,"template":"","format":"standard","meta":[],"categories":[49],"tags":[],"amp_enabled":true,"_links":{"self":[{"href":"https:\/\/chpantalya.com\/index.php?rest_route=\/wp\/v2\/posts\/21726"}],"collection":[{"href":"https:\/\/chpantalya.com\/index.php?rest_route=\/wp\/v2\/posts"}],"about":[{"href":"https:\/\/chpantalya.com\/index.php?rest_route=\/wp\/v2\/types\/post"}],"author":[{"embeddable":true,"href":"https:\/\/chpantalya.com\/index.php?rest_route=\/wp\/v2\/users\/1"}],"replies":[{"embeddable":true,"href":"https:\/\/chpantalya.com\/index.php?rest_route=%2Fwp%2Fv2%2Fcomments&post=21726"}],"version-history":[{"count":0,"href":"https:\/\/chpantalya.com\/index.php?rest_route=\/wp\/v2\/posts\/21726\/revisions"}],"wp:featuredmedia":[{"embeddable":true,"href":"https:\/\/chpantalya.com\/index.php?rest_route=\/wp\/v2\/media\/21727"}],"wp:attachment":[{"href":"https:\/\/chpantalya.com\/index.php?rest_route=%2Fwp%2Fv2%2Fmedia&parent=21726"}],"wp:term":[{"taxonomy":"category","embeddable":true,"href":"https:\/\/chpantalya.com\/index.php?rest_route=%2Fwp%2Fv2%2Fcategories&post=21726"},{"taxonomy":"post_tag","embeddable":true,"href":"https:\/\/chpantalya.com\/index.php?rest_route=%2Fwp%2Fv2%2Ftags&post=21726"}],"curies":[{"name":"wp","href":"https:\/\/api.w.org\/{rel}","templated":true}]}}