{"id":21777,"date":"2020-12-30T13:53:46","date_gmt":"2020-12-30T10:53:46","guid":{"rendered":"http:\/\/chpantalya.com\/?p=21777"},"modified":"2020-12-30T13:53:46","modified_gmt":"2020-12-30T10:53:46","slug":"kadin-kollarindan-2020-yili-degerlendirmesi","status":"publish","type":"post","link":"https:\/\/chpantalya.com\/?p=21777","title":{"rendered":"KADIN KOLLARINDAN 2020 YILI DE\u011eERLEND\u0130RMES\u0130"},"content":{"rendered":"<p>\u015eu anda Genel Merkezimizde, 81 ilimizde ve t\u00fcm il\u00e7elerimizde e\u015f zamanl\u0131 olarak ger\u00e7ekle\u015ftirdi\u011fimiz bu bas\u0131n a\u00e7\u0131klamas\u0131yla, kad\u0131n ve \u00e7ocuk haklar\u0131 a\u00e7\u0131s\u0131ndan 2020 y\u0131l\u0131n\u0131 de\u011ferlendirece\u011fiz.<\/p>\n<p><strong>H\u00dcK\u00dcMET\u0130N \u2018\u20192020 C\u0130NS\u0130YET E\u015e\u0130TL\u0130\u011e\u0130\u2019\u2019 KARNES\u0130<\/strong><\/p>\n<p><strong>Ocak ay\u0131nda;<\/strong><\/p>\n<p>-27 kad\u0131n cinayeti ve 7 \u015f\u00fcpheli kad\u0131n \u00f6l\u00fcm\u00fc ger\u00e7ekle\u015fti.<\/p>\n<p>-Y\u0131ld\u0131z Teknik \u00dcniversitesi profes\u00f6r\u00fc Bedri Gender, Elaz\u0131\u011f depremin gerek\u00e7esinin \u00e7ocuk ya\u015fta evlendirmenin yasaklanmas\u0131 oldu\u011funu a\u00e7\u0131klad\u0131. \u0130lgili ki\u015fi hakk\u0131nda \u00fcniversite taraf\u0131ndan inceleme ba\u015flat\u0131ld\u0131.<\/p>\n<p>-\u201cDeve sidi\u011fi \u015fifal\u0131d\u0131r\u201d \u015feklinde garip a\u00e7\u0131klamalar yapan Yalova \u00dcniversitesi\u2019nde \u00f6\u011fretim g\u00f6revlisi olan Do\u00e7. Dr. Ebubekir Sifil, bu defa da erke\u011fin birden fazla e\u015finin olabilece\u011fini s\u00f6yledi, bunun me\u015fru oldu\u011funu iddia etti.<\/p>\n<p>-Sanayi ve Teknoloji Bakanl\u0131\u011f\u0131, \u00fcniversiteler ve il\u00e7e milli e\u011fitim m\u00fcd\u00fcrl\u00fckleri taraf\u0131ndan desteklenen bir bilim projesinin afi\u015finde \u201cerkek \u00f6\u011frencilere y\u00f6neliktir\u201d yazd\u0131 ve k\u0131z \u00f6\u011frencileri yok sayd\u0131.<\/p>\n<p>-D\u00fczce Kayna\u015fl\u0131 Belediye Ba\u015fkan\u0131 Birol \u015eahin, T\u00fcrkiye A Milli Kad\u0131n Voleybol Tak\u0131m\u0131 hakk\u0131nda kad\u0131n d\u00fc\u015fman\u0131 a\u00e7\u0131klamalar listesine bir yenisini ekledi ve kad\u0131n sporcular\u0131n kendini te\u015fhir etti\u011fini iddia etti ve \u201cD\u00fcnya \u015fampiyonu olsan ne yazar. Dinimize g\u00f6re kad\u0131nlar kendi aralar\u0131nda spor yapabilirler, erkekler huzurunda a\u00e7\u0131k sa\u00e7\u0131k olarak de\u011fil\u201d dedi.<\/p>\n<p>-D\u00fcnyan\u0131n d\u00f6rt bir yan\u0131nda ger\u00e7ekle\u015ftirilen Las Tesis eyleminde kad\u0131nlara kar\u015f\u0131 \u015fiddet uygulanan\u201ctek\u201d \u00fclkenin Cumhurba\u015fkan\u0131, ba\u015fka \u00fclkelerdeki polisler hakk\u0131nda \u201ccoplarla bayanlar\u0131 d\u00f6v\u00fcyorlar, bunlar\u0131 ekranlardan izledik. T\u00fcrk polisi yapsa d\u00fcnyay\u0131 aya\u011fa kald\u0131r\u0131rlar\u201d dedi.<\/p>\n<p><strong>\u015eubat ay\u0131nda;<\/strong><\/p>\n<p>-22 kad\u0131n cinayeti ve 12 \u015f\u00fcpheli kad\u0131n \u00f6l\u00fcm\u00fc ger\u00e7ekle\u015fti.<\/p>\n<p>-Diyanet \u0130\u015fleri Ba\u015fkanl\u0131\u011f\u0131&#8217;n\u0131n s\u00f6zde kad\u0131na \u015fiddetle m\u00fccadele kapsam\u0131nda kurdu\u011fu aile ve dini rehberlik b\u00fcrolar\u0131na ba\u015fvuran kad\u0131nlara, akla ziyan tavsiyelerde bulundu\u011fu ortaya \u00e7\u0131kt\u0131. Bas\u0131ndaki habere g\u00f6re; g\u00f6revli ki\u015fi, \u015fiddet nedeniyle bo\u015fanmak isteyen bir kad\u0131na \u201cDayan\u0131lmaz hale geldiyse, b\u00fcy\u00fcklerinizle isti\u015fare edin. Biz diyoruz ki aile b\u00fcy\u00fckleriyle s\u0131k\u0131nt\u0131y\u0131 a\u015fmaya \u00e7al\u0131\u015f\u0131n\u201d diyor. \u015eiddete maruz kal\u0131nd\u0131\u011f\u0131nda ise polisi aramak yerine \u201cUygun dille sebebini sorun. \u00c7ok b\u00fcy\u00fck bir sorun de\u011fil bu, konu\u015farak \u00e7\u00f6zebilirsiniz.\u201d \u00f6nerisinde bulunuyor. &#8220;\u015eiddet g\u00f6rd\u00fc\u011f\u00fcmde ne yapmam gerekir?&#8221; diye soran kad\u0131na ise \u201cVurursa tepki vermeyin, oradan uzakla\u015f\u0131n. Odan\u0131za \u00e7ekilin. \u2018Nas\u0131l istiyorsan \u00f6yle yapay\u0131m\u2019 diye olay\u0131 \u00f6rtmeye \u00e7al\u0131\u015f\u0131n, ama uygun zamanda a\u00e7\u0131n. Su\u00e7lay\u0131c\u0131 dille konu\u015fmay\u0131n. Konu\u015fman\u0131n sonunda \u2018Peki, polisi aramak gerekir mi?\u2019 diye soruldu\u011funda ise telefondaki ki\u015fi \u201cYok, bu t\u00fcr \u015feyleri \u00e7\u00f6zersiniz in\u015fallah. Allah\u2019a emanet olun\u2026\u201d diyor.<\/p>\n<p>-Adalet Bakanl\u0131\u011f\u0131\u2019n\u0131n ikinci yarg\u0131 paketi \u00e7al\u0131\u015fmas\u0131na g\u00f6re, aile uyu\u015fmazl\u0131klar\u0131nada zorunlu arabuluculuk getirilmesi hedefleniyor. Bo\u015fanmalarda \u015fiddet varsa arabuluculuk olmamas\u0131 gerekti\u011fi halde, \u2018\u2019mahkemelerin i\u015f y\u00fck\u00fcn\u00fcn hafifletilmesi\u2019\u2019 gerek\u00e7e olarak sunuluyor.<\/p>\n<p>-T\u00dc\u0130K\u2019in bu ay a\u00e7\u0131klad\u0131\u011f\u0131 rapora g\u00f6re; son 1 sene i\u00e7inde evlilik oran\u0131 azal\u0131rken, bo\u015fanma oranlar\u0131 artt\u0131. Ge\u00e7en sene \u00f6ld\u00fcr\u00fclen 474 kad\u0131ndan 114\u2019\u00fc bo\u015fanmak veya ayr\u0131lmak gibi kendi hayatlar\u0131na dair karar almak isterken \u00f6ld\u00fcr\u00fcld\u00fc.<\/p>\n<p><strong>Mart ay\u0131nda;<\/strong><\/p>\n<p>-29 kad\u0131n cinayeti ve 9 \u015f\u00fcpheli kad\u0131n \u00f6l\u00fcm\u00fc ger\u00e7ekle\u015fti.<\/p>\n<p>-Covid-19 salg\u0131n\u0131 ile birlikte karantina \u00f6nlemleri ile ba\u015flayan eve kapanma uygulamalar\u0131, bir\u00e7ok sorunu beraberinde getirdi. Kad\u0131nlar\u0131n i\u015f y\u00fck\u00fc daha da artt\u0131.<\/p>\n<p>-Televizyonda yay\u0131nlanan bir programda konu\u015fan \u0130lahiyat\u00e7\u0131 Ali R\u0131za Demircan, korona vir\u00fcs\u00fcn nedeninin \u201cevlilik d\u0131\u015f\u0131 ili\u015fki ve e\u015fcinsellik\u201d oldu\u011funu iddia etti.<\/p>\n<p>-Korona vir\u00fcs salg\u0131n\u0131 nedeniyle ba\u015flayan uzaktan e\u011fitim program\u0131nda \u00e7ocuklara Adnan Menderes\u2019in idam sahnesi detayl\u0131 \u015fekilde izletildi, yay\u0131nlanan g\u00f6r\u00fcnt\u00fcler kamuoyu taraf\u0131ndan b\u00fcy\u00fck tepki \u00e7ekti.Tepkilerin ard\u0131ndan a\u00e7\u0131klama yapan Milli E\u011fitim Bakan\u0131 Ziya Sel\u00e7uk ise, g\u00f6r\u00fcnt\u00fclerin &#8216;denetleme ihtiyac\u0131 duymad\u0131\u011f\u0131&#8217; bir ekip taraf\u0131ndan haz\u0131rland\u0131\u011f\u0131n\u0131 ifade etti.<\/p>\n<p>-TRT EBA TV yay\u0131nlar\u0131ndaki kad\u0131n \u00f6\u011fretmenler, k\u0131yafetleri bahane edilerek, kad\u0131n d\u00fc\u015fman\u0131 tart\u0131\u015fmalar\u0131n\u0131n hedefi haline geldi. Yine EBA TV&#8217;de \u00f6\u011frencilere cinsiyet\u00e7i bir e\u011fitim verildi. Videoya g\u00f6re &#8220;masay\u0131 haz\u0131rlama&#8221; ve &#8220;\u00fct\u00fc yapma&#8221; gibi ev i\u015fleri, erkek seslendirmesiyle komut olarak veriliyor ve kad\u0131n oyuncu taraf\u0131ndan bu i\u015fler yerine getiriliyor.<\/p>\n<p>-D\u00fc\u015f\u00fcnce kurulu\u015fu Freedom House\u2019un haz\u0131rlad\u0131\u011f\u0131 \u201cD\u00fcnyada \u00d6zg\u00fcrl\u00fckler 2020\u201d raporuna g\u00f6re; T\u00fcrkiye son 10 y\u0131lda d\u00fcnya genelinde \u00f6zg\u00fcrl\u00fcklerin en \u00e7ok geriledi\u011fi ikinci \u00fclke oldu.<\/p>\n<p><strong>Nisan ay\u0131nda;<\/strong><\/p>\n<p>-20 kad\u0131n cinayeti ve 20 \u015f\u00fcpheli kad\u0131n \u00f6l\u00fcm\u00fc ger\u00e7ekle\u015fti.<\/p>\n<p>-Aile, \u00c7al\u0131\u015fma ve Sosyal Hizmetler Bakanl\u0131\u011f\u0131 \u0130stanbul \u0130l M\u00fcd\u00fcr Yard\u0131mc\u0131s\u0131 Nail No\u011fay, &#8220;\u00c7ocuklar\u0131m a\u00e7, nas\u0131l evde kalay\u0131m&#8221; diyen kad\u0131na d\u00fc\u015fmanca bir tutum sergileyerek &#8220;Geber&#8221; cevab\u0131n\u0131 verdi. Kamuoyunun tepkisi sonras\u0131nda g\u00f6revden al\u0131nd\u0131.<\/p>\n<p>-Diyanet \u0130\u015fleri Ba\u015fkan\u0131 Ali Erba\u015f, camide yapt\u0131\u011f\u0131 bir konu\u015fmas\u0131nda homofobik ve cinsiyet\u00e7i ifadeler kulland\u0131. Erba\u015f taraf\u0131ndan yay\u0131mlanan \u201cRamazan G\u00fcnl\u00fckleri\u201d isimli kitapta da \u00fcniversite gen\u00e7leri \u00f6zel hayatlar\u0131yla ilgili konularda hedef g\u00f6sterildi.<\/p>\n<p>-Diyanet\u2019in a\u00e7\u0131klamas\u0131n\u0131n ard\u0131ndan Almanya&#8217;da ya\u015fayan Metin \u00c7ak\u0131r isminde bir t\u0131p doktoru, e\u015fcinselli\u011fi hastal\u0131k olarak nitelendirdi. Tepkilerin ard\u0131ndan hastane, doktoru g\u00f6revden ald\u0131\u011f\u0131n\u0131 belirtti.<\/p>\n<p><strong>May\u0131s ay\u0131nda;<\/strong><\/p>\n<p>&#8211; 21 kad\u0131n cinayeti ve 18 \u015f\u00fcpheli kad\u0131n \u00f6l\u00fcm\u00fc ger\u00e7ekle\u015fti.<\/p>\n<p>&#8211; Gazi \u00dcniversitesi Dekan\u0131 Orhan Acar, \u00e7evrimi\u00e7i e\u011fitim s\u0131ras\u0131nda kamera ve mikrofonunun kapal\u0131 oldu\u011funu zannedip \u201c\u00e7akt\u0131rma k\u0131zlar\u0131n resimlerini de g\u00f6r\u00fcyoruz\u201d dedi. Gazi \u00dcniversitesi, dekan hakk\u0131nda soru\u015fturma ba\u015flat\u0131nca, Orhan Acar g\u00f6revinden istifa etti.<\/p>\n<p>-AKP\u2019li \u0130stanbul B\u00fcy\u00fck\u015fehir Belediyesi Meclis \u00dcyesi Hamdullah Arvas, Mu\u011fla&#8217;da katledilen Zeynep \u015eenp\u0131nar&#8217;\u0131n ard\u0131ndan kad\u0131n d\u00fc\u015fman\u0131 bir a\u00e7\u0131klamada bulundu. Kad\u0131n cinayetlerini me\u015frula\u015ft\u0131rmaya \u00e7al\u0131\u015farak &#8220;Hikaye ayn\u0131, \u00f6zg\u00fcrl\u00fck d\u00fc\u015fk\u00fcn\u00fc bir kad\u0131n ve gayrime\u015fru ya\u015fant\u0131s\u0131 i\u00e7inde ge\u00e7en bir \u00f6l\u00fcm hikayesi&#8221; dedi. Ayn\u0131 ak\u015fam binlerce kad\u0131n sosyal medyada ona gereken cevap verdi.<\/p>\n<p>-Diyanet \u0130\u015fleri Ba\u015fkanl\u0131\u011f\u0131 \u00e7evrimi\u00e7i olarak yay\u0131mlad\u0131\u011f\u0131 &#8220;Aile Hayat\u0131m\u0131z&#8221; isimli bir dok\u00fcmanda, kad\u0131nlarla erkeklerin birlikte dans etmemelerini, el ele halay \u00e7ekmemelerini, horona durmamalar\u0131n\u0131 \u00f6\u011f\u00fctledi ve bunlar\u0131n \u0130slam&#8217;a ayk\u0131r\u0131 oldu\u011funu iddia etti.<\/p>\n<p><strong>Haziran ay\u0131nda;<\/strong><\/p>\n<p>-27 kad\u0131n cinayeti ve 23 \u015f\u00fcpheli kad\u0131n \u00f6l\u00fcm\u00fc ger\u00e7ekle\u015fti.<\/p>\n<p>-Bir kad\u0131n, evli oldu\u011fu erke\u011fin \u015fiddetinden ka\u00e7arak ba\u015fvurdu\u011fu karakolun y\u00f6nlendirdi\u011fi s\u0131\u011f\u0131nma evine yerle\u015fti. Ayn\u0131 karakolda g\u00f6revli olan ve evli oldu\u011fu erke\u011fin arkada\u015f\u0131 olan polis memuru, \u015fiddet uygulay\u0131c\u0131s\u0131 erke\u011fe s\u0131\u011f\u0131nma evinin adresini verdi.<\/p>\n<p>-Cumhurba\u015fkan\u0131 Erdo\u011fan Onur Ay\u0131 hakk\u0131nda yapt\u0131\u011f\u0131 bir a\u00e7\u0131klamada, toplumsal cinsiyet e\u015fitli\u011fi i\u00e7in m\u00fccadele eden ki\u015filere ithafen \u201cBu t\u00fcr marjinal ak\u0131mlar\u0131 destekleyenler bizim g\u00f6z\u00fcm\u00fczde ayn\u0131 sapk\u0131nl\u0131\u011f\u0131n ortaklar\u0131d\u0131r\u201d dedi.<\/p>\n<p><strong>Temmuz ay\u0131nda;<\/strong><\/p>\n<p>-36 kad\u0131n cinayeti ve 11 \u015f\u00fcpheli kad\u0131n \u00f6l\u00fcm\u00fc ger\u00e7ekle\u015fti.<\/p>\n<p>-Kad\u0131nlar\u0131n can simidi olan \u0130stanbul S\u00f6zle\u015fmesi aleyhine bir\u00e7ok a\u00e7\u0131klama yap\u0131ld\u0131.<\/p>\n<p>AKP Genel Ba\u015fkanvekili Numan Kurtulmu\u015f, &#8220;Nas\u0131l usul\u00fcn\u00fc yerine getirerek imzalanm\u0131\u015fsa, usul\u00fcn\u00fc yerine getirerek s\u00f6zle\u015fmeden \u00e7\u0131k\u0131l\u0131r&#8221; dedi.<\/p>\n<p>AKP Milletvekili Ahmet Hamdi \u00c7aml\u0131, &#8220;Kad\u0131n erkek e\u015fitli\u011fi koca bir tantanad\u0131r. \u0130stanbul S\u00f6zle\u015fmesi, ba\u015fka toplumsal s\u0131k\u0131nt\u0131lar\u0131n kap\u0131s\u0131n\u0131 aralad\u0131&#8221; dedi.<\/p>\n<p>Eski AKP milletvekili Yasin Aktay, \u2018\u2019Bu s\u00f6zle\u015fmenin etkinli\u011fi artt\u0131k\u00e7a, kad\u0131na y\u00f6nelik \u015fiddette de bir art\u0131\u015f oldu\u011funu g\u00f6rebiliyoruz\u201d dedi.<\/p>\n<p><strong>A\u011fustos ay\u0131nda;<\/strong><\/p>\n<p>-27 kad\u0131n cinayeti i\u015flendi ve 23 kad\u0131n \u015f\u00fcpheli \u015fekilde \u00f6ld\u00fc.<\/p>\n<p>-Spiker Melih \u015eendil, &#8220;Futbol o kadar ataerkil bir oyun ki, mesela kad\u0131nlara voleybol oynamak \u00e7ok yak\u0131\u015f\u0131yor ama \u015fahsen benim d\u00fc\u015f\u00fcncem kad\u0131nlar futbolda olmamal\u0131. Basketbol da bence erkek oyunu&#8221; ifadelerini kulland\u0131. Tepkiler sonras\u0131 \u00f6z\u00fcr diledi.<\/p>\n<p>-Aile, \u00c7al\u0131\u015fma ve Sosyal Hizmetler Bakanl\u0131\u011f\u0131\u2019n\u0131n Aile E\u011fitim Program\u0131 i\u00e7in haz\u0131rlad\u0131\u011f\u0131 &#8220;Aile ve Evlilik Hayat\u0131&#8221; belgesinde, \u201cG\u00fcn\u00fcm\u00fczde \u00e7iftler a\u015fk duygusunu \u00e7abucak t\u00fcketmekte ve a\u015fk\u0131n bitmesini bo\u015fanma sebebi olarak g\u00f6rmektedirler&#8221; ifadeleri kullan\u0131ld\u0131.<\/p>\n<p><strong>Eyl\u00fcl ay\u0131nda;<\/strong><\/p>\n<p>-16 kad\u0131n cinayeti ve 20 \u015f\u00fcpheli kad\u0131n \u00f6l\u00fcm\u00fc ger\u00e7ekle\u015fti.<\/p>\n<p>-Sakarya\u2019n\u0131n Akyaz\u0131 il\u00e7esi\u2019nde bulunan derg\u00e2hta \u00e7ocuk istismar\u0131 olay\u0131 ortaya \u00e7\u0131kt\u0131. Tutuklanan U\u015f\u015faki tarikat\u0131 lideri Fatih Nurullah\u2019\u0131n, her \u015feyi itiraf etti\u011fi ses kayd\u0131 bulundu. Nurallah, olay\u0131n b\u00fcy\u00fct\u00fclmemesi i\u00e7in\u00e7ocu\u011fun babas\u0131na 70 bin lira vermeyi teklif etti. Baba \u015fik\u00e2yetten vazge\u00e7meyince, m\u00fcritler taraf\u0131ndan sert bir \u015fekilde darp edildi.<\/p>\n<p><strong>Ekim ay\u0131nda;<\/strong><\/p>\n<p>-21 kad\u0131n cinayeti ve 8 \u015f\u00fcpheli kad\u0131n \u00f6l\u00fcm\u00fc ger\u00e7ekle\u015fti.<\/p>\n<p>-GATA\u2019n\u0131n Ba\u015fhekim Yard\u0131mc\u0131s\u0131 Ali Edizer, Medeni Kanun\u2019u hedef alarak erkeklere \u201cikinci e\u015f almay\u0131\u201d \u00f6nerdi. Gelen tepkiler \u00fczerine, Edizer g\u00f6revinden al\u0131nd\u0131.<\/p>\n<p>-Resmi Gazete&#8217;de yay\u0131mlanan 2021 Cumhurba\u015fkanl\u0131\u011f\u0131 Y\u0131ll\u0131k Program\u0131&#8217;nda sadece kad\u0131nlara y\u00f6nelik a\u00e7\u0131lmas\u0131 planlanan bir &#8220;kad\u0131n \u00fcniversitesi&#8221; projesi yer ald\u0131.<\/p>\n<p><strong>Kas\u0131m ay\u0131nda;<\/strong><\/p>\n<p>-29 kad\u0131n cinayeti ve 10 \u015f\u00fcpheli kad\u0131n \u00f6l\u00fcm\u00fc ger\u00e7ekle\u015fti.<\/p>\n<p>-B\u00fct\u00e7e tart\u0131\u015fmalar\u0131 g\u00fcndemi kaplarken b\u00fct\u00e7enin genelinin halka ait olmad\u0131\u011f\u0131, kad\u0131n ve \u00e7ocuklar a\u00e7\u0131s\u0131ndan ise hi\u00e7bir \u00f6nlem al\u0131nmad\u0131\u011f\u0131 g\u00f6r\u00fcld\u00fc. B\u00fct\u00e7e g\u00f6r\u00fc\u015fmelerinde Aile, \u00c7al\u0131\u015fma ve Sosyal Hizmetler Bakanl\u0131\u011f\u0131\u2019n\u0131n katipli\u011fini, ad\u0131 NadiraKadirova\u2019n\u0131n \u015f\u00fcpheli \u00f6l\u00fcm\u00fcyle an\u0131lan \u015eirin \u00dcnal yapt\u0131. Kad\u0131n dernekleri buna b\u00fcy\u00fck tepki g\u00f6sterdi.<\/p>\n<p>-SMA hastas\u0131 \u00e7ocuklar\u0131n aileleri, Sa\u011fl\u0131k Bakanl\u0131\u011f\u0131 yetkilileriyle g\u00f6r\u00fc\u015fmek i\u00e7in Ankara&#8217;ya geldiler. Aileler bakanl\u0131\u011fa dahi yakla\u015ft\u0131r\u0131lmad\u0131. G\u00fcvenlik g\u00fc\u00e7leri; \u201cDemagoji yapmay\u0131n. Burada konu\u015fmakla bir \u015fey olmaz\u201d dedi.<\/p>\n<p>-T\u00fcrkiye \u0130zmir depremini konu\u015furken, AKP Genel Ba\u015fkan\u0131 Erdo\u011fan \u20183 \u00e7ocuk temennisinde\u2019 bulundu; \u201cHer f\u0131rsatta s\u00f6yledi\u011fim 3 \u00e7ocuk temennisi hayati \u00f6neme sahiptir\u201d dedi.<\/p>\n<p><strong>Aral\u0131k ay\u0131nda;<\/strong><\/p>\n<p>-15 kad\u0131n cinayeti ve 1 \u015f\u00fcpheli kad\u0131n \u00f6l\u00fcm\u00fc ger\u00e7ekle\u015fti.<\/p>\n<p>-Pandemi nedeniyle zorunlu olarak k\u0131sa \u00e7al\u0131\u015fma \u00f6dene\u011finden faydalanan hamile i\u015f\u00e7iler, e\u011fer yasada de\u011fi\u015fiklik yap\u0131lmazsa, 90 prim g\u00fcn\u00fcn\u00fc dolduramad\u0131klar\u0131 i\u00e7in anal\u0131k \u00f6dene\u011finden yararlanamayacaklar.<\/p>\n<p>-Devrimci \u0130\u015f\u00e7i Sendikalar\u0131 Konfederasyonu Ara\u015ft\u0131rma Merkezi (D\u0130SK-AR) 2020 Asgari \u00dccret Raporu\u2019nu a\u00e7\u0131klad\u0131. Rapora g\u00f6re kad\u0131nlar\u0131n yar\u0131s\u0131 asgari \u00fccret ya da bu \u00fccretin alt\u0131nda \u00e7al\u0131\u015f\u0131yor. \u00d6zel sekt\u00f6rde ise her d\u00f6rt kad\u0131ndan \u00fc\u00e7\u00fc asgari \u00fccret civar\u0131nda ve alt\u0131nda \u00fccret al\u0131yor.<\/p>\n<p>-U\u015fak\u2019ta kad\u0131nlara yap\u0131lan \u00e7\u0131plak arama, T\u00fcrkiye B\u00fcy\u00fck Millet Meclisi\u2019nin g\u00fcndemindeydi. AKP Grup Ba\u015fkanvekili \u00d6zlem Zengin, T\u00fcrkiye\u2019de \u00e7\u0131plak aramalar\u0131n olmad\u0131\u011f\u0131n\u0131 ve Meclis\u2019in ter\u00f6rize edildi\u011fini s\u00f6yledi. Buna kar\u015f\u0131n bir\u00e7ok kad\u0131n g\u00f6r\u00fcnt\u00fcl\u00fc ve s\u00f6zl\u00fc beyanda bulunarak \u00e7\u0131plak aramaya maruz kald\u0131\u011f\u0131n\u0131 belirtti.<\/p>\n<p>-Sakarya \u00dcniversitesi \u00d6\u011fretim \u00dcyesi Ebubekir Sofuo\u011flu, \u201c\u00fcniversiteler fuhu\u015f yuvas\u0131\u201d dedi. Kad\u0131nlar\u0131n ve kamuoyunun b\u00fcy\u00fck tepkisine yol a\u00e7an bu a\u00e7\u0131klama sonras\u0131nda, Savc\u0131l\u0131k Sofuo\u011flu hakk\u0131nda resen soru\u015fturma ba\u015flatt\u0131.<\/p>\n<p>-\u201cKitle \u0130mha Silahlar\u0131n\u0131n Yay\u0131lmas\u0131n\u0131n Finansman\u0131n\u0131n \u00d6nlenmesine \u0130li\u015fkin Kanun Teklifi\u201d de\u011fi\u015fikli\u011fi yasala\u015ft\u0131. Kanun\u2019a g\u00f6re;ter\u00f6rle m\u00fccadele kapsam\u0131nda soru\u015fturma a\u00e7\u0131lan dernek y\u00f6neticileri, \u0130\u00e7i\u015fleri Bakanl\u0131\u011f\u0131nca g\u00f6revden al\u0131nabilir, dernek faaliyetleri durdurulabilir ve uzakla\u015ft\u0131r\u0131lan ki\u015filer yerine kayyum atanabilir. D\u00fczenleme, yard\u0131m toplama \u015fartlar\u0131na ayk\u0131r\u0131 faaliyetler i\u00e7in olduk\u00e7a y\u00fckl\u00fc miktarda idari para cezalar\u0131 \u00f6ng\u00f6r\u00fcyor.<\/p>\n<p>-Ve d\u00fcn bir g\u00fcnde \u00fc\u00e7 kad\u0131n katledildi. Rakamlardan de\u011fil, insan hayat\u0131ndan bahsediyoruz.<\/p>\n<p>De\u011ferli bas\u0131n mensuplar\u0131,<\/p>\n<p>Pandemiyle m\u00fccadele edilen 2020 y\u0131l\u0131, kad\u0131nlar a\u00e7\u0131s\u0131ndan \u00e7ok daha zor bir y\u0131l oldu. En az 297 kad\u0131n katledildi, 161 kad\u0131n da \u015f\u00fcpheli \u015fekilde \u00f6ld\u00fc. Ald\u0131klar\u0131 g\u00f6stermelik cezalarla adeta s\u0131rtlar\u0131 s\u0131vazlanan katiller, can almaya devam etti. Kad\u0131nlar, en \u00e7ok ate\u015fli silahlarla, evlerinde ve sokak ortas\u0131nda \u00f6ld\u00fcr\u00fcld\u00fc. \u00d6l\u00fcm, kad\u0131nlara hep en yak\u0131nlar\u0131ndan geldi. Kad\u0131n\u0131 her defas\u0131nda eve hapseden, itaat etmeye zorlayan zihniyet, katillerini de \u00fcretti.<\/p>\n<p>Kad\u0131nlar\u0131n ve \u00e7ocuklar\u0131n hayatlar\u0131n\u0131 tek tiple\u015ftirmeye \u00e7al\u0131\u015fan bu zihniyetle, ilk \u00f6nce biz kad\u0131nlar hesapla\u015faca\u011f\u0131z, \u00e7\u00fcnk\u00fc asla \u00f6d\u00fcn vermeyece\u011fimiz haklar\u0131m\u0131z var! Her g\u00fcn ya\u015fam \u00e7\u0131\u011fl\u0131\u011f\u0131n\u0131 b\u00fcy\u00fcten ve \u00f6rg\u00fctl\u00fc g\u00fcc\u00fcyle yeniden aya\u011fa kalkan kad\u0131n m\u00fccadelesi var! Tercihimiz e\u015fit, \u00f6zg\u00fcr, demokratik, adil bir ya\u015famdan yana\u2026<\/p>\n<p>Cumhuriyet Halk Partisi Kad\u0131n Kollar\u0131 olarak; T\u00fcrkiye\u2019nin her bir k\u00f6\u015fesinde \u00f6rg\u00fctleniyoruz. H\u0131zla artan kad\u0131n \u00fcyelerimizle, her ge\u00e7en g\u00fcn sesimizi \u00e7o\u011falt\u0131yoruz. \u015eiddet g\u00f6ren, yaln\u0131zla\u015ft\u0131r\u0131lan kad\u0131n ve \u00e7ocuklara Ya\u015famHak destek hatt\u0131m\u0131zla ula\u015f\u0131yoruz. Onlara \u201cYaln\u0131z de\u011filsin biz var\u0131z\u201d diyoruz. Kad\u0131n dernekleriyle kenetlenerek, \u00f6rg\u00fctl\u00fc m\u00fccadelemizi b\u00fcy\u00fct\u00fcyoruz. 2021 y\u0131l\u0131nda, dipten gelen bir dalgayla kad\u0131nlar\u0131n, \u00fclkemizin kaderini de\u011fi\u015ftirece\u011fine inan\u0131yor, hepinizi en i\u00e7ten dileklerimizle selaml\u0131yoruz.<\/p>\n\r\n                <style type=\"text\/css\">\r\n                    \r\n                    #tdi_1  .td-doubleSlider-2 .td-item1 {\r\n                        background: url(https:\/\/chpantalya.com\/wp-content\/uploads\/2020\/12\/kad\u0131n-kollar\u0131-a\u00e7\u0131klama-1-160x120.jpg) 0 0 no-repeat;\r\n                    }\r\n                    #tdi_1  .td-doubleSlider-2 .td-item2 {\r\n                        background: url(https:\/\/chpantalya.com\/wp-content\/uploads\/2020\/12\/kad\u0131n-kollar\u0131-a\u00e7\u0131klama-2-160x120.jpg) 0 0 no-repeat;\r\n                    }\r\n                    #tdi_1  .td-doubleSlider-2 .td-item3 {\r\n                        background: url(https:\/\/chpantalya.com\/wp-content\/uploads\/2020\/12\/kad\u0131n-kollar\u0131-a\u00e7\u0131klama-3-160x120.jpg) 0 0 no-repeat;\r\n                    }\r\n                    #tdi_1  .td-doubleSlider-2 .td-item4 {\r\n                        background: url(https:\/\/chpantalya.com\/wp-content\/uploads\/2020\/12\/kad\u0131n-kollar\u0131-a\u00e7\u0131klama-4-160x120.jpg) 0 0 no-repeat;\r\n                    }\r\n                    #tdi_1  .td-doubleSlider-2 .td-item5 {\r\n                        background: url(https:\/\/chpantalya.com\/wp-content\/uploads\/2020\/12\/kad\u0131n-kollar\u0131-a\u00e7\u0131klama-5-160x120.jpg) 0 0 no-repeat;\r\n                    }\r\n                <\/style>\r\n\r\n                <div id=\"tdi_1\" class=\"td-gallery td-slide-on-2-columns\">\r\n                    <div class=\"post_td_gallery\">\r\n                        <div class=\"td-gallery-slide-top\">\r\n                           <div class=\"td-gallery-title\"><\/div>\r\n\r\n                            <div class=\"td-gallery-controls-wrapper\">\r\n                                <div class=\"td-gallery-slide-count\"><span class=\"td-gallery-slide-item-focus\">1<\/span> - 5<\/div>\r\n                                <div class=\"td-gallery-slide-prev-next-but\">\r\n                                    <i class = \"td-icon-left doubleSliderPrevButton\"><\/i>\r\n                                    <i class = \"td-icon-right doubleSliderNextButton\"><\/i>\r\n                                <\/div>\r\n                            <\/div>\r\n                        <\/div>\r\n\r\n                        <div class = \"td-doubleSlider-1 \">\r\n                            <div class = \"td-slider\">\r\n                                \r\n                    <div class = \"td-slide-item td-item1\">\r\n                        <figure class=\"td-slide-galery-figure td-slide-popup-gallery\">\r\n                            <a class=\"slide-gallery-image-link\" href=\"https:\/\/chpantalya.com\/wp-content\/uploads\/2020\/12\/kad\u0131n-kollar\u0131-a\u00e7\u0131klama-1.jpg\" title=\"kad\u0131n kollar\u0131 a\u00e7\u0131klama (1)\"  data-caption=\"\"  data-description=\"\">\r\n                                <img src=\"https:\/\/chpantalya.com\/wp-content\/uploads\/2020\/12\/kad\u0131n-kollar\u0131-a\u00e7\u0131klama-1-560x420.jpg\" srcset=\"https:\/\/chpantalya.com\/wp-content\/uploads\/2020\/12\/kad\u0131n-kollar\u0131-a\u00e7\u0131klama-1-560x420.jpg 420w, https:\/\/chpantalya.com\/wp-content\/uploads\/2020\/12\/kad\u0131n-kollar\u0131-a\u00e7\u0131klama-1.jpg 840w\" sizes=\"(-webkit-min-device-pixel-ratio: 2) 840px, (min-resolution: 192dpi) 840px, 420px\" alt=\"\">\r\n                            <\/a>\r\n                            \r\n                        <\/figure>\r\n                    <\/div>\r\n                    <div class = \"td-slide-item td-item2\">\r\n                        <figure class=\"td-slide-galery-figure td-slide-popup-gallery\">\r\n                            <a class=\"slide-gallery-image-link\" href=\"https:\/\/chpantalya.com\/wp-content\/uploads\/2020\/12\/kad\u0131n-kollar\u0131-a\u00e7\u0131klama-2.jpg\" title=\"kad\u0131n kollar\u0131 a\u00e7\u0131klama (2)\"  data-caption=\"\"  data-description=\"\">\r\n                                <img src=\"https:\/\/chpantalya.com\/wp-content\/uploads\/2020\/12\/kad\u0131n-kollar\u0131-a\u00e7\u0131klama-2-560x420.jpg\" srcset=\"https:\/\/chpantalya.com\/wp-content\/uploads\/2020\/12\/kad\u0131n-kollar\u0131-a\u00e7\u0131klama-2-560x420.jpg 420w, https:\/\/chpantalya.com\/wp-content\/uploads\/2020\/12\/kad\u0131n-kollar\u0131-a\u00e7\u0131klama-2.jpg 840w\" sizes=\"(-webkit-min-device-pixel-ratio: 2) 840px, (min-resolution: 192dpi) 840px, 420px\" alt=\"\">\r\n                            <\/a>\r\n                            \r\n                        <\/figure>\r\n                    <\/div>\r\n                    <div class = \"td-slide-item td-item3\">\r\n                        <figure class=\"td-slide-galery-figure td-slide-popup-gallery\">\r\n                            <a class=\"slide-gallery-image-link\" href=\"https:\/\/chpantalya.com\/wp-content\/uploads\/2020\/12\/kad\u0131n-kollar\u0131-a\u00e7\u0131klama-3.jpg\" title=\"kad\u0131n kollar\u0131 a\u00e7\u0131klama (3)\"  data-caption=\"\"  data-description=\"\">\r\n                                <img src=\"https:\/\/chpantalya.com\/wp-content\/uploads\/2020\/12\/kad\u0131n-kollar\u0131-a\u00e7\u0131klama-3-560x420.jpg\" srcset=\"https:\/\/chpantalya.com\/wp-content\/uploads\/2020\/12\/kad\u0131n-kollar\u0131-a\u00e7\u0131klama-3-560x420.jpg 420w, https:\/\/chpantalya.com\/wp-content\/uploads\/2020\/12\/kad\u0131n-kollar\u0131-a\u00e7\u0131klama-3.jpg 840w\" sizes=\"(-webkit-min-device-pixel-ratio: 2) 840px, (min-resolution: 192dpi) 840px, 420px\" alt=\"\">\r\n                            <\/a>\r\n                            \r\n                        <\/figure>\r\n                    <\/div>\r\n                    <div class = \"td-slide-item td-item4\">\r\n                        <figure class=\"td-slide-galery-figure td-slide-popup-gallery\">\r\n                            <a class=\"slide-gallery-image-link\" href=\"https:\/\/chpantalya.com\/wp-content\/uploads\/2020\/12\/kad\u0131n-kollar\u0131-a\u00e7\u0131klama-4.jpg\" title=\"kad\u0131n kollar\u0131 a\u00e7\u0131klama (4)\"  data-caption=\"\"  data-description=\"\">\r\n                                <img src=\"https:\/\/chpantalya.com\/wp-content\/uploads\/2020\/12\/kad\u0131n-kollar\u0131-a\u00e7\u0131klama-4-889x420.jpg\" srcset=\"https:\/\/chpantalya.com\/wp-content\/uploads\/2020\/12\/kad\u0131n-kollar\u0131-a\u00e7\u0131klama-4-889x420.jpg 420w, https:\/\/chpantalya.com\/wp-content\/uploads\/2020\/12\/kad\u0131n-kollar\u0131-a\u00e7\u0131klama-4.jpg 840w\" sizes=\"(-webkit-min-device-pixel-ratio: 2) 840px, (min-resolution: 192dpi) 840px, 420px\" alt=\"\">\r\n                            <\/a>\r\n                            \r\n                        <\/figure>\r\n                    <\/div>\r\n                    <div class = \"td-slide-item td-item5\">\r\n                        <figure class=\"td-slide-galery-figure td-slide-popup-gallery\">\r\n                            <a class=\"slide-gallery-image-link\" href=\"https:\/\/chpantalya.com\/wp-content\/uploads\/2020\/12\/kad\u0131n-kollar\u0131-a\u00e7\u0131klama-5.jpg\" title=\"kad\u0131n kollar\u0131 a\u00e7\u0131klama (5)\"  data-caption=\"\"  data-description=\"\">\r\n                                <img src=\"https:\/\/chpantalya.com\/wp-content\/uploads\/2020\/12\/kad\u0131n-kollar\u0131-a\u00e7\u0131klama-5-560x420.jpg\" srcset=\"https:\/\/chpantalya.com\/wp-content\/uploads\/2020\/12\/kad\u0131n-kollar\u0131-a\u00e7\u0131klama-5-560x420.jpg 420w, https:\/\/chpantalya.com\/wp-content\/uploads\/2020\/12\/kad\u0131n-kollar\u0131-a\u00e7\u0131klama-5.jpg 840w\" sizes=\"(-webkit-min-device-pixel-ratio: 2) 840px, (min-resolution: 192dpi) 840px, 420px\" alt=\"\">\r\n                            <\/a>\r\n                            \r\n                        <\/figure>\r\n                    <\/div>\r\n                            <\/div>\r\n                        <\/div>\r\n\r\n                        <div class = \"td-doubleSlider-2\">\r\n                            <div class = \"td-slider\">\r\n                                \r\n                    <div class = \"td-button td-item1\">\r\n                        <div class = \"td-border\"><\/div>\r\n                    <\/div>\r\n                    <div class = \"td-button td-item2\">\r\n                        <div class = \"td-border\"><\/div>\r\n                    <\/div>\r\n                    <div class = \"td-button td-item3\">\r\n                        <div class = \"td-border\"><\/div>\r\n                    <\/div>\r\n                    <div class = \"td-button td-item4\">\r\n                        <div class = \"td-border\"><\/div>\r\n                    <\/div>\r\n                    <div class = \"td-button td-item5\">\r\n                        <div class = \"td-border\"><\/div>\r\n                    <\/div>\r\n                            <\/div>\r\n                        <\/div>\r\n\r\n                    <\/div>\r\n\r\n                <\/div>\r\n                \n","protected":false},"excerpt":{"rendered":"<p>\u015eu anda Genel Merkezimizde, 81 ilimizde ve t\u00fcm il\u00e7elerimizde e\u015f zamanl\u0131 olarak ger\u00e7ekle\u015ftirdi\u011fimiz bu bas\u0131n a\u00e7\u0131klamas\u0131yla, kad\u0131n ve \u00e7ocuk haklar\u0131 a\u00e7\u0131s\u0131ndan 2020 y\u0131l\u0131n\u0131 de\u011ferlendirece\u011fiz. H\u00dcK\u00dcMET\u0130N \u2018\u20192020 C\u0130NS\u0130YET E\u015e\u0130TL\u0130\u011e\u0130\u2019\u2019 KARNES\u0130 Ocak ay\u0131nda; -27 kad\u0131n cinayeti ve 7 \u015f\u00fcpheli kad\u0131n \u00f6l\u00fcm\u00fc ger\u00e7ekle\u015fti. -Y\u0131ld\u0131z Teknik \u00dcniversitesi profes\u00f6r\u00fc Bedri Gender, Elaz\u0131\u011f depremin gerek\u00e7esinin \u00e7ocuk ya\u015fta evlendirmenin yasaklanmas\u0131 oldu\u011funu a\u00e7\u0131klad\u0131. [&hellip;]<\/p>\n","protected":false},"author":1,"featured_media":21782,"comment_status":"closed","ping_status":"open","sticky":false,"template":"","format":"standard","meta":[],"categories":[49],"tags":[],"amp_enabled":true,"_links":{"self":[{"href":"https:\/\/chpantalya.com\/index.php?rest_route=\/wp\/v2\/posts\/21777"}],"collection":[{"href":"https:\/\/chpantalya.com\/index.php?rest_route=\/wp\/v2\/posts"}],"about":[{"href":"https:\/\/chpantalya.com\/index.php?rest_route=\/wp\/v2\/types\/post"}],"author":[{"embeddable":true,"href":"https:\/\/chpantalya.com\/index.php?rest_route=\/wp\/v2\/users\/1"}],"replies":[{"embeddable":true,"href":"https:\/\/chpantalya.com\/index.php?rest_route=%2Fwp%2Fv2%2Fcomments&post=21777"}],"version-history":[{"count":0,"href":"https:\/\/chpantalya.com\/index.php?rest_route=\/wp\/v2\/posts\/21777\/revisions"}],"wp:featuredmedia":[{"embeddable":true,"href":"https:\/\/chpantalya.com\/index.php?rest_route=\/wp\/v2\/media\/21782"}],"wp:attachment":[{"href":"https:\/\/chpantalya.com\/index.php?rest_route=%2Fwp%2Fv2%2Fmedia&parent=21777"}],"wp:term":[{"taxonomy":"category","embeddable":true,"href":"https:\/\/chpantalya.com\/index.php?rest_route=%2Fwp%2Fv2%2Fcategories&post=21777"},{"taxonomy":"post_tag","embeddable":true,"href":"https:\/\/chpantalya.com\/index.php?rest_route=%2Fwp%2Fv2%2Ftags&post=21777"}],"curies":[{"name":"wp","href":"https:\/\/api.w.org\/{rel}","templated":true}]}}