{"id":21803,"date":"2021-01-06T12:45:42","date_gmt":"2021-01-06T09:45:42","guid":{"rendered":"http:\/\/chpantalya.com\/?p=21803"},"modified":"2021-01-06T12:45:42","modified_gmt":"2021-01-06T09:45:42","slug":"budak-seffaflik-olmadan-salgin-yonetilemez","status":"publish","type":"post","link":"https:\/\/chpantalya.com\/?p=21803","title":{"rendered":"BUDAK: \u201c\u015eEFFAFLIK OLMADAN SALGIN Y\u00d6NET\u0130LEMEZ\u201d"},"content":{"rendered":"<p>BA\u011eIMSIZ VER\u0130 ANAL\u0130Z KURULU\u015eU TOTALANAYLSIS \u201cCOVID-19 \u015eEFFAFLIK ENDEKS\u0130\u201dN\u0130 A\u00c7IKLADI<br \/>\nT\u00dcRK\u0130YE, 100 \u00dcLKE ARASINDA 97\u2019NC\u0130 OLDU<\/p>\n<p>Pandeminin ba\u015flang\u0131c\u0131ndan bu yana 200&#8217;den fazla \u00fclke ve 2 bin 200&#8217;den fazla b\u00f6lgede Covid-19 verileri toplayan \u0130ngiltere merkezli ba\u011f\u0131ms\u0131z analiz \u015firketi TotalAnalysis\u2019in haz\u0131rlad\u0131\u011f\u0131 &#8220;Covid Veri \u015eeffafl\u0131k Endeksi\u201dne g\u00f6re T\u00fcrkiye, 100 \u00fclke aras\u0131nda 97\u2019nci oldu. Endekse g\u00f6re T\u00fcrkiye veri \u015feffafl\u0131\u011f\u0131nda sadece S\u0131rbistan, T\u00fcrkmenistan ve Kuzey Kore\u2019yi ge\u00e7ebildi. CHP Antalya Milletvekili \u00c7etin Osman Budak, \u201cD\u00fcnya nezdinde \u015feffaf, dolay\u0131s\u0131yla g\u00fcvenilir olmadan salg\u0131n y\u00f6netmeye \u00e7al\u0131\u015fan bir iktidar var. Oysa \u015feffafl\u0131k olmadan salg\u0131n\u0131n y\u00f6netilemeyece\u011fini sadece biz de\u011fil sayg\u0131n bilim insanlar\u0131 da defalarca dile getirdi. Ama bildi\u011fini okuyan tek adam rejiminin salg\u0131n\u0131 y\u00f6netirken \u00fclkeyi getirdi\u011fi nokta, kapal\u0131 rejim olan Kuzey Kore\u2019nin iki t\u0131k \u00fcst\u00fc oldu\u201d dedi.<br \/>\nTek adam rejiminin hem pandemi y\u00f6netimi hem de a\u015f\u0131 tedariki konusunda s\u0131n\u0131fta kald\u0131\u011f\u0131n\u0131 vurgulayan Budak, \u015funlar\u0131 s\u00f6yledi:<br \/>\n\u201cMaalesef iktidar d\u00fcnya liderli\u011fine oynuyoruz propagandas\u0131 yapmaktan, pandemiyi y\u00f6netmeye f\u0131rsat bulamam\u0131\u015ft\u0131r. \u2018D\u00fcnya be\u015ften b\u00fcy\u00fckt\u00fcr\u2019 propagandas\u0131 ile kendisini d\u00fcnya lideri \u00fclkeler aras\u0131nda konumland\u0131rmaya \u00e7al\u0131\u015fanlar\u0131n, pandemi y\u00f6netiminde \u015feffafl\u0131k a\u00e7\u0131s\u0131ndan geldi\u011fi nokta ortadad\u0131r. \u00dclkemiz d\u00fcnyada sadece diktat\u00f6rl\u00fckle y\u00f6netilen Kuzey Kore\u2019yi ve \u00fclkesinde hi\u00e7 koronavir\u00fcs vakas\u0131 g\u00f6r\u00fclmedi\u011fini iddia eden T\u00fcrkmenistan\u2019\u0131 ve S\u0131rbistan\u2019\u0131 geride b\u0131rakabilmi\u015ftir. Hanedanl\u0131kla y\u00f6netilen pek \u00e7ok Ortado\u011fu \u00fclkesi bile T\u00fcrkiye\u2019nin \u00f6n\u00fcne ge\u00e7mi\u015f durumda.<br \/>\nG\u00dcVENS\u0130ZL\u0130K EN \u00c7OK TUR\u0130ZM\u0130 ETK\u0130LER<br \/>\nE\u011fer salg\u0131n y\u00f6netiminde tamamen \u015feffaf bir konuma ge\u00e7mezsek 2021 y\u0131l\u0131 turizm sezonunu da kaybederiz. Bunun provas\u0131n\u0131 ge\u00e7en yaz asemptomatik vakalar\u0131n resmi covid-19 rakamlar\u0131na dahil edilmedi\u011finin a\u00e7\u0131klanmas\u0131yla ya\u015fad\u0131k. O s\u0131rada T\u00fcrkiye\u2019de tatil yapan \u00f6zellikle \u0130ngiliz turistler, \u00fclkelerinde 14 g\u00fcn karantinaya girmemek i\u00e7in h\u0131zla geri d\u00f6nd\u00fcler.<br \/>\nZaten vakalar\u0131n il baz\u0131nda a\u00e7\u0131klanmamas\u0131ndan dolay\u0131 Avrupal\u0131 turist i\u00e7in g\u00fcvenli u\u00e7u\u015f yap\u0131labilecek \u00fclkeler listesine girememi\u015ftik. \u015eimdi yine benzer y\u00f6netim yanl\u0131\u015flar\u0131 nedeniyle 2021\u2019de toparlanma s\u00fcrecine girecek turizm sekt\u00f6r\u00fcn\u00fcn belini bir kez daha b\u00fckmeyelim. G\u00fcvenilir bir a\u015f\u0131lama program\u0131 ve \u015feffaf bir politika ile T\u00fcrkiye\u2019yi \u00f6zellikle Avrupal\u0131 turist i\u00e7in g\u00fcvenli \u00fclke konumuna getirmemiz gerekiyor.\u201d<\/p>\n","protected":false},"excerpt":{"rendered":"<p>BA\u011eIMSIZ VER\u0130 ANAL\u0130Z KURULU\u015eU TOTALANAYLSIS \u201cCOVID-19 \u015eEFFAFLIK ENDEKS\u0130\u201dN\u0130 A\u00c7IKLADI T\u00dcRK\u0130YE, 100 \u00dcLKE ARASINDA 97\u2019NC\u0130 OLDU Pandeminin ba\u015flang\u0131c\u0131ndan bu yana 200&#8217;den fazla \u00fclke ve 2 bin 200&#8217;den fazla b\u00f6lgede Covid-19 verileri toplayan \u0130ngiltere merkezli ba\u011f\u0131ms\u0131z analiz \u015firketi TotalAnalysis\u2019in haz\u0131rlad\u0131\u011f\u0131 &#8220;Covid Veri \u015eeffafl\u0131k Endeksi\u201dne g\u00f6re T\u00fcrkiye, 100 \u00fclke aras\u0131nda 97\u2019nci oldu. Endekse g\u00f6re T\u00fcrkiye veri \u015feffafl\u0131\u011f\u0131nda sadece [&hellip;]<\/p>\n","protected":false},"author":1,"featured_media":21182,"comment_status":"closed","ping_status":"open","sticky":false,"template":"","format":"standard","meta":[],"categories":[52,35],"tags":[],"amp_enabled":true,"_links":{"self":[{"href":"https:\/\/chpantalya.com\/index.php?rest_route=\/wp\/v2\/posts\/21803"}],"collection":[{"href":"https:\/\/chpantalya.com\/index.php?rest_route=\/wp\/v2\/posts"}],"about":[{"href":"https:\/\/chpantalya.com\/index.php?rest_route=\/wp\/v2\/types\/post"}],"author":[{"embeddable":true,"href":"https:\/\/chpantalya.com\/index.php?rest_route=\/wp\/v2\/users\/1"}],"replies":[{"embeddable":true,"href":"https:\/\/chpantalya.com\/index.php?rest_route=%2Fwp%2Fv2%2Fcomments&post=21803"}],"version-history":[{"count":0,"href":"https:\/\/chpantalya.com\/index.php?rest_route=\/wp\/v2\/posts\/21803\/revisions"}],"wp:featuredmedia":[{"embeddable":true,"href":"https:\/\/chpantalya.com\/index.php?rest_route=\/wp\/v2\/media\/21182"}],"wp:attachment":[{"href":"https:\/\/chpantalya.com\/index.php?rest_route=%2Fwp%2Fv2%2Fmedia&parent=21803"}],"wp:term":[{"taxonomy":"category","embeddable":true,"href":"https:\/\/chpantalya.com\/index.php?rest_route=%2Fwp%2Fv2%2Fcategories&post=21803"},{"taxonomy":"post_tag","embeddable":true,"href":"https:\/\/chpantalya.com\/index.php?rest_route=%2Fwp%2Fv2%2Ftags&post=21803"}],"curies":[{"name":"wp","href":"https:\/\/api.w.org\/{rel}","templated":true}]}}