{"id":21807,"date":"2021-01-11T11:40:00","date_gmt":"2021-01-11T08:40:00","guid":{"rendered":"http:\/\/chpantalya.com\/?p=21807"},"modified":"2021-01-11T11:40:00","modified_gmt":"2021-01-11T08:40:00","slug":"zeybek-diyaliz-teknikerleri-cozum-bekliyor","status":"publish","type":"post","link":"https:\/\/chpantalya.com\/?p=21807","title":{"rendered":"ZEYBEK: D\u0130YAL\u0130Z TEKN\u0130KERLER\u0130 \u00c7\u00d6Z\u00dcM BEKL\u0130YOR"},"content":{"rendered":"<p>CHP Antalya Milletvekili ve TBMM Adalet Komisyonu \u00dcyesi Rafet Zeybek, atamas\u0131 yap\u0131lmayan Diyaliz Teknikerlerinin sorunlar\u0131n\u0131 Sa\u011fl\u0131k Bakan\u0131 Fahrettin Koca\u2019n\u0131n yan\u0131tlamas\u0131 istemiyle verdi\u011fi soru \u00f6nergesi ile TBMM g\u00fcndemine ta\u015f\u0131d\u0131.<br \/>\nD\u0130YAL\u0130Z TEKN\u0130KERLER\u0130 \u00c7\u00d6Z\u00dcM BEKL\u0130YOR<br \/>\nCHP\u2019li Rafet Zeybek verdi\u011fi soru \u00f6nergesi sonras\u0131 yapt\u0131\u011f\u0131 a\u00e7\u0131klamada \u015fu ifadeleri kulland\u0131; \u201cSa\u011fl\u0131k Bakanl\u0131\u011f\u0131 taraf\u0131ndan ge\u00e7mi\u015f d\u00f6nemlerde diyaliz servislerinde ya\u015fanan personel s\u0131k\u0131nt\u0131s\u0131 nedeniyle, bu servislerde Diyaliz Sertifikas\u0131 sahibi hem\u015fireler g\u00f6rev yapm\u0131\u015f ve s\u00fcre\u00e7 i\u00e7inde aksakl\u0131klar giderilmeye \u00e7al\u0131\u015f\u0131lm\u0131\u015ft\u0131r. 1 Mart 2019\u2019da yap\u0131lan y\u00f6netmelik de\u011fi\u015fikli\u011fi ile hem\u015firelere verilen sertifikasyon uygulamas\u0131 durdurulmu\u015f, ancak bir y\u0131ll\u0131k s\u00fcre i\u00e7in sertifikas\u0131z personel \u00e7al\u0131\u015ft\u0131r\u0131labilir ibaresi eklenmi\u015ftir. 1 Mart 2020\u2019den sonra ise yeni y\u00f6netmelikle sadece sertifikal\u0131 personellerin \u00e7al\u0131\u015fmas\u0131 uygun g\u00f6r\u00fclm\u00fc\u015ft\u00fcr.<br \/>\nDiyaliz servislerinde g\u00f6rev almak i\u00e7in binlerce gencimiz Diyaliz Teknikeri olabilmek i\u00e7in e\u011fitimlerini alm\u0131\u015f, hali haz\u0131rda yirmi d\u00f6rt binden fazla mezunun oldu\u011fu belirtilmektedir.<br \/>\nDiyaliz Teknikerleri, Sa\u011fl\u0131k Bakan\u0131\u2019n\u0131n istihdam ve sertifikas\u0131z diyaliz servisi \u00e7al\u0131\u015fanlar\u0131 olmayacak s\u00f6z\u00fcne ra\u011fmen atanamam\u0131\u015flard\u0131r. Son olarak yirmi ki\u015finin atamas\u0131 yap\u0131lm\u0131\u015f, beklentileri kar\u015f\u0131lamam\u0131\u015ft\u0131r. Ayr\u0131ca diyaliz servislerinde sertifikas\u0131z \u00e7ok say\u0131da ki\u015finin \u00e7al\u0131\u015ft\u0131\u011f\u0131 bilgisi mevcutken, hala atamalar\u0131n yap\u0131lmam\u0131\u015f olmas\u0131 Diyaliz Teknikeri gen\u00e7lerimizin mesleklerini yapmalar\u0131n\u0131n \u00f6n\u00fcnde bir engel olarak durmaktad\u0131r.\u201d dedi.<br \/>\nCHP\u2019li Zeybek \u00f6nergesinde \u015fu sorulara yer verdi;<br \/>\n\u2022 Diyaliz Teknikerleri i\u00e7in \u00f6n\u00fcm\u00fczdeki s\u00fcre\u00e7te ek atama yap\u0131lacak m\u0131d\u0131r?<br \/>\n\u2022 Diyaliz servislerinde sertifikas\u0131z olarak \u00e7al\u0131\u015fmaya devam eden onlarca ki\u015finin oldu\u011fu iddias\u0131 do\u011fru mudur?<br \/>\n\u2022 Kamu ve \u00fcniversite hastanelerinde diyaliz servislerinde y\u00f6netmeli\u011fe uygun \u00e7al\u0131\u015fmayan sertifikas\u0131z ka\u00e7 ki\u015fi g\u00f6rev almaktad\u0131r? Bu ki\u015filer i\u00e7in denetim yap\u0131lm\u0131\u015f m\u0131d\u0131r ve diyaliz servislerinden sertifikas\u0131z \u00e7al\u0131\u015fanlar \u00e7ekilecek midir?<br \/>\n\u2022 Diyaliz servislerinde be\u015f cihaza bir \u00e7al\u0131\u015fan uygulamas\u0131n\u0131n, \u00fc\u00e7 cihaza bir \u00e7al\u0131\u015fan \u015fekilde de\u011fi\u015ftirilmesi planlanmakta m\u0131d\u0131r? Bu tarz bir d\u00fczenleme ile hizmet kalitesinin artmas\u0131 m\u00fcmk\u00fcn m\u00fcd\u00fcr?<br \/>\n\u2022 Diyaliz servislerinde, Diyaliz Teknikerlerinin g\u00f6rev almas\u0131 i\u00e7in tedavi g\u00f6ren vatanda\u015flardan da talep geldi\u011fi bilinmesine ra\u011fmen, h\u00e2lihaz\u0131rda neden Diyaliz Teknikerleri g\u00f6revlendirilmemektedir?<\/p>\n","protected":false},"excerpt":{"rendered":"<p>CHP Antalya Milletvekili ve TBMM Adalet Komisyonu \u00dcyesi Rafet Zeybek, atamas\u0131 yap\u0131lmayan Diyaliz Teknikerlerinin sorunlar\u0131n\u0131 Sa\u011fl\u0131k Bakan\u0131 Fahrettin Koca\u2019n\u0131n yan\u0131tlamas\u0131 istemiyle verdi\u011fi soru \u00f6nergesi ile TBMM g\u00fcndemine ta\u015f\u0131d\u0131. D\u0130YAL\u0130Z TEKN\u0130KERLER\u0130 \u00c7\u00d6Z\u00dcM BEKL\u0130YOR CHP\u2019li Rafet Zeybek verdi\u011fi soru \u00f6nergesi sonras\u0131 yapt\u0131\u011f\u0131 a\u00e7\u0131klamada \u015fu ifadeleri kulland\u0131; \u201cSa\u011fl\u0131k Bakanl\u0131\u011f\u0131 taraf\u0131ndan ge\u00e7mi\u015f d\u00f6nemlerde diyaliz servislerinde ya\u015fanan personel s\u0131k\u0131nt\u0131s\u0131 nedeniyle, [&hellip;]<\/p>\n","protected":false},"author":1,"featured_media":21808,"comment_status":"closed","ping_status":"open","sticky":false,"template":"","format":"standard","meta":[],"categories":[35,62],"tags":[],"amp_enabled":true,"_links":{"self":[{"href":"https:\/\/chpantalya.com\/index.php?rest_route=\/wp\/v2\/posts\/21807"}],"collection":[{"href":"https:\/\/chpantalya.com\/index.php?rest_route=\/wp\/v2\/posts"}],"about":[{"href":"https:\/\/chpantalya.com\/index.php?rest_route=\/wp\/v2\/types\/post"}],"author":[{"embeddable":true,"href":"https:\/\/chpantalya.com\/index.php?rest_route=\/wp\/v2\/users\/1"}],"replies":[{"embeddable":true,"href":"https:\/\/chpantalya.com\/index.php?rest_route=%2Fwp%2Fv2%2Fcomments&post=21807"}],"version-history":[{"count":0,"href":"https:\/\/chpantalya.com\/index.php?rest_route=\/wp\/v2\/posts\/21807\/revisions"}],"wp:featuredmedia":[{"embeddable":true,"href":"https:\/\/chpantalya.com\/index.php?rest_route=\/wp\/v2\/media\/21808"}],"wp:attachment":[{"href":"https:\/\/chpantalya.com\/index.php?rest_route=%2Fwp%2Fv2%2Fmedia&parent=21807"}],"wp:term":[{"taxonomy":"category","embeddable":true,"href":"https:\/\/chpantalya.com\/index.php?rest_route=%2Fwp%2Fv2%2Fcategories&post=21807"},{"taxonomy":"post_tag","embeddable":true,"href":"https:\/\/chpantalya.com\/index.php?rest_route=%2Fwp%2Fv2%2Ftags&post=21807"}],"curies":[{"name":"wp","href":"https:\/\/api.w.org\/{rel}","templated":true}]}}