{"id":21818,"date":"2021-01-12T16:35:49","date_gmt":"2021-01-12T13:35:49","guid":{"rendered":"http:\/\/chpantalya.com\/?p=21818"},"modified":"2021-01-12T16:40:45","modified_gmt":"2021-01-12T13:40:45","slug":"budak-yesil-mutabakat-turkiyeyi-de-etkileyecek","status":"publish","type":"post","link":"https:\/\/chpantalya.com\/?p=21818","title":{"rendered":"BUDAK: YE\u015e\u0130L MUTABAKAT T\u00dcRK\u0130YE\u2019Y\u0130 DE ETK\u0130LEYECEK"},"content":{"rendered":"<p>CHP, AB\u2019N\u0130N KABUL ETT\u0130\u011e\u0130 YE\u015e\u0130L MUTABAKAT \u0130\u00c7\u0130N MECL\u0130S ARA\u015eTIRMASI \u0130STED\u0130<\/p>\n<p>CHP Antalya Milletvekili ve Sanayi, Ticaret, Enerji, Tabii Kaynaklar Bilgi ve Teknoloji Komisyonu \u00dcyesi \u00c7etin Osman Budak, Avrupa Birli\u011fi (AB)\u2019nin yeni b\u00fcy\u00fcme stratejisi olarak kabul etti\u011fi ve iklim de\u011fi\u015fikli\u011fiyle m\u00fccadelede ekonomik b\u00fcy\u00fcme perspektifini ortaya koyan Ye\u015fil Mutabakat\u2019\u0131n T\u00fcrkiye\u2019yi de etkileyece\u011fini s\u00f6yledi. Konuya ili\u015fkin CHP Grubu\u2019nun Meclis Ara\u015ft\u0131rmas\u0131 istedi\u011fini dile getiren Budak, \u201cT\u00fcrkiye ihracat\u0131n\u0131n y\u00fczde 50\u2019si bug\u00fcn AB \u00fclkeleriyle yap\u0131l\u0131rken, Birlik 2050 y\u0131l\u0131na kadar karbon sal\u0131n\u0131mlar\u0131n\u0131 s\u0131f\u0131ra indirecek bir vizyonu ortaya koyuyor. Bu yeni durum k\u0131sa s\u00fcrede AB\u2019yle olan yat\u0131r\u0131mdan finansmana ticari ili\u015fkilerimizden siyasi ili\u015fkilerimize kadar etkisini g\u00f6sterecektir. T\u00fcrkiye\u2019nin hem siyasi hem de ticari gelece\u011fini yak\u0131ndan ilgilendiren bu konuyu, ilgili bakanl\u0131klar\u0131n yan\u0131 s\u0131ra Meclis\u2019in de kapsaml\u0131 bir \u015fekilde ara\u015ft\u0131rmas\u0131 gerekmektedir\u201d dedi.<\/p>\n<p>Budak ve 21 CHP milletvekilinin imzalad\u0131\u011f\u0131 ara\u015ft\u0131rma \u00f6nergesinin gerek\u00e7esinde \u015fu ifadelere yer verildi:<\/p>\n<p>\u201cT\u00fcm d\u00fcnyay\u0131 etkisi alt\u0131na alan Covid-19 salg\u0131n\u0131,\u00a0 Avrupa Komisyonunun 11 Aral\u0131k 2019\u2019da ortaya koydu\u011fu Avrupa Ye\u015fil Mutabakat (European Green Deal) hedeflerinin ne kadar kritik ve acil oldu\u011funu AB \u00fclkeleri i\u00e7in belirginle\u015ftirmi\u015ftir. AB\u2019nin yeni b\u00fcy\u00fcme stratejisini ve yol haritas\u0131n\u0131 olu\u015fturan ve Avrupa\u2019y\u0131 2050&#8217;ye kadar karbon sal\u0131n\u0131mlar\u0131n\u0131 s\u0131f\u0131ra indirerek iklime zarar vermeyen bir k\u0131taya d\u00f6n\u00fc\u015ft\u00fcrmeyi hedefleyen Ye\u015fil Mutabakat,\u00a0 AB\u2019nin yeni b\u00fcy\u00fcme stratejisi niteli\u011findedir.<\/p>\n<p>Mutabakat temel olarak, emisyonlar\u0131 azalt\u0131rken i\u015f imkanlar\u0131 yaratma ve ya\u015fam kalitesini y\u00fckseltme amac\u0131n\u0131 ta\u015f\u0131maktad\u0131r. Tan\u0131mlanan hedefler kapsam\u0131nda bu b\u00fcy\u00fcme stratejisi; temiz enerji, s\u00fcrd\u00fcr\u00fclebilir sanayi, in\u015faat ve renovasyon, tar\u0131m, kirlili\u011fin ortadan kald\u0131r\u0131lmas\u0131, s\u00fcrd\u00fcr\u00fclebilir hareketlilik ve biyo\u00e7e\u015fitlilik olmak \u00fczere 7 politika alan\u0131 alt\u0131nda kurgulanm\u0131\u015ft\u0131r.<\/p>\n<p>AB, Covid-19 krizinin h\u0131zland\u0131rd\u0131\u011f\u0131 bir de\u011fi\u015fim ve d\u00f6n\u00fc\u015f\u00fcm s\u00fcrecine uyum sa\u011flamay\u0131 hedeflerken, Ye\u015fil Mutabakat, AB\u2019nin iklim de\u011fi\u015fikli\u011fi ile m\u00fccadele ve ekonomik b\u00fcy\u00fcme perspektifiyle 2050 y\u0131l\u0131na y\u00f6nelik stratejik vizyonunu ortaya koymaktad\u0131r.<\/p>\n<p>Yak\u0131n bir s\u00fcre\u00e7te bu de\u011fi\u015fim dalgas\u0131n\u0131n t\u00fcm d\u00fcnyaya yay\u0131laca\u011f\u0131n\u0131n sinyallerini; farkl\u0131 co\u011frafyalardan pek \u00e7ok kamu kurulu\u015funun, \u00f6zel \u015firketin ve sivil toplum \u00f6rg\u00fct\u00fcn\u00fcn, i\u015f d\u00fcnyas\u0131 birli\u011finin ve uluslararas\u0131 kurumun hali haz\u0131rda Mutabakat\u2019a uyum sa\u011flama yollar\u0131n\u0131 tart\u0131\u015fmas\u0131ndan g\u00f6rmek m\u00fcmk\u00fcnd\u00fcr.<\/p>\n<p>\u00d6te yandan Ye\u015fil Mutabakat, AB\u2019nin yak\u0131n bir d\u00f6nemde ticari ili\u015fkilerinde yeni kural ve yapt\u0131r\u0131m mekanizmalar\u0131 getirece\u011fine i\u015faret etmektedir. Birli\u011fin d\u0131\u015f ticaret, uluslararas\u0131 yat\u0131r\u0131m ve finansman politikalar\u0131nda b\u00fcy\u00fck de\u011fi\u015fiklikler \u00f6ng\u00f6ren eylem plan\u0131 hayata ge\u00e7ti\u011finde, \u00f6zellikle AB ile d\u0131\u015f ticareti y\u00fcksek olan T\u00fcrkiye gibi \u00fclkeler a\u00e7\u0131s\u0131ndan \u00f6nemli sonu\u00e7lar do\u011facakt\u0131r.<\/p>\n<p>T\u00fcrkiye\u2019nin de AB ile i\u015f birli\u011fine devam edebilmesi i\u00e7in Mutabakat kapsam\u0131nda en fazla de\u011fi\u015fim ve d\u00f6n\u00fc\u015f\u00fcm ge\u00e7irmesi beklenen tar\u0131m, elektronik, ambalaj, plastik, tekstil ve in\u015faat (ve in\u015faata girdi sa\u011flayan imalat kollar\u0131) gibi sekt\u00f6rlerde olu\u015fturulacak standartlara uyum i\u00e7in nas\u0131l bir yol haritas\u0131 izleyece\u011finin belirlenmesi gerekmektedir. Bu ama\u00e7la, AB\u2019nin kabul etti\u011fi Ye\u015fil Mutabakat\u2019\u0131n T\u00fcrkiye\u00a0 &#8211; AB aras\u0131ndaki ticari ili\u015fkilere etkilerini ara\u015ft\u0131rmak ve T\u00fcrkiye\u2019nin AB ile uyumlu ye\u015fil d\u00f6n\u00fc\u015f\u00fcm stratejisini belirlemek amac\u0131yla Anayasan\u0131n 98\u2019inci ve \u0130\u00e7t\u00fcz\u00fc\u011f\u00fcn 104\u2019\u00fcnc\u00fc ve 105\u2019inci maddeleri gere\u011fince Meclis Ara\u015ft\u0131rmas\u0131 a\u00e7\u0131lmas\u0131 konusunda gere\u011fini arz ve teklif ederiz.\u201d<\/p>\n","protected":false},"excerpt":{"rendered":"<p>CHP, AB\u2019N\u0130N KABUL ETT\u0130\u011e\u0130 YE\u015e\u0130L MUTABAKAT \u0130\u00c7\u0130N MECL\u0130S ARA\u015eTIRMASI \u0130STED\u0130 CHP Antalya Milletvekili ve Sanayi, Ticaret, Enerji, Tabii Kaynaklar Bilgi ve Teknoloji Komisyonu \u00dcyesi \u00c7etin Osman Budak, Avrupa Birli\u011fi (AB)\u2019nin yeni b\u00fcy\u00fcme stratejisi olarak kabul etti\u011fi ve iklim de\u011fi\u015fikli\u011fiyle m\u00fccadelede ekonomik b\u00fcy\u00fcme perspektifini ortaya koyan Ye\u015fil Mutabakat\u2019\u0131n T\u00fcrkiye\u2019yi de etkileyece\u011fini s\u00f6yledi. Konuya ili\u015fkin CHP Grubu\u2019nun [&hellip;]<\/p>\n","protected":false},"author":1,"featured_media":21819,"comment_status":"closed","ping_status":"open","sticky":false,"template":"","format":"standard","meta":[],"categories":[52,35],"tags":[],"amp_enabled":true,"_links":{"self":[{"href":"https:\/\/chpantalya.com\/index.php?rest_route=\/wp\/v2\/posts\/21818"}],"collection":[{"href":"https:\/\/chpantalya.com\/index.php?rest_route=\/wp\/v2\/posts"}],"about":[{"href":"https:\/\/chpantalya.com\/index.php?rest_route=\/wp\/v2\/types\/post"}],"author":[{"embeddable":true,"href":"https:\/\/chpantalya.com\/index.php?rest_route=\/wp\/v2\/users\/1"}],"replies":[{"embeddable":true,"href":"https:\/\/chpantalya.com\/index.php?rest_route=%2Fwp%2Fv2%2Fcomments&post=21818"}],"version-history":[{"count":0,"href":"https:\/\/chpantalya.com\/index.php?rest_route=\/wp\/v2\/posts\/21818\/revisions"}],"wp:featuredmedia":[{"embeddable":true,"href":"https:\/\/chpantalya.com\/index.php?rest_route=\/wp\/v2\/media\/21819"}],"wp:attachment":[{"href":"https:\/\/chpantalya.com\/index.php?rest_route=%2Fwp%2Fv2%2Fmedia&parent=21818"}],"wp:term":[{"taxonomy":"category","embeddable":true,"href":"https:\/\/chpantalya.com\/index.php?rest_route=%2Fwp%2Fv2%2Fcategories&post=21818"},{"taxonomy":"post_tag","embeddable":true,"href":"https:\/\/chpantalya.com\/index.php?rest_route=%2Fwp%2Fv2%2Ftags&post=21818"}],"curies":[{"name":"wp","href":"https:\/\/api.w.org\/{rel}","templated":true}]}}