{"id":21826,"date":"2021-01-13T15:52:25","date_gmt":"2021-01-13T12:52:25","guid":{"rendered":"http:\/\/chpantalya.com\/?p=21826"},"modified":"2021-01-13T15:52:25","modified_gmt":"2021-01-13T12:52:25","slug":"budak-esnafin-katlanan-sorunlarini-tbmm-gundemine-tasidi","status":"publish","type":"post","link":"https:\/\/chpantalya.com\/?p=21826","title":{"rendered":"BUDAK, ESNAFIN KATLANAN SORUNLARINI TBMM G\u00dcNDEM\u0130NE TA\u015eIDI"},"content":{"rendered":"<p><strong>\u201cESNAFI V\u0130R\u00dcS DE\u011e\u0130L EKONOM\u0130K \u015eARTLAR \u00d6LD\u00dcRECEK\u201d<\/strong><\/p>\n<p><strong>\u201cHES KODU \u015eARTIYLA CAFE VE RESTORANLARI A\u00c7IN\u201d<\/strong><\/p>\n<p><strong>CHP Antalya Milletvekili \u00c7etin Osman Budak, pandemi ko\u015fullar\u0131n\u0131n yaratt\u0131\u011f\u0131 ekonomik krizin daha \u00f6nce benzeri g\u00f6r\u00fclmemi\u015f bir esnaf i\u015fsizli\u011fine do\u011fru t\u0131rmand\u0131\u011f\u0131n\u0131 belirterek, \u201cPandemi k\u0131s\u0131tlamalar\u0131na zaten ekonomik bir buhran ortam\u0131nda yakalanan esnaf, art\u0131k tamamen bitme noktas\u0131na gelmi\u015f durumda. Verilece\u011fi a\u00e7\u0131klanan destekler ise trajikomik. \u015eu anda esnaf\u0131n y\u00fczde 90\u2019\u0131 ald\u0131\u011f\u0131 krediyi bile \u00f6deyemiyor. B\u00f6yle devam ederse esnaf\u0131 vir\u00fcs de\u011fil ekonomik \u015fartlar \u00f6ld\u00fcrecek\u201d dedi. Budak, HES kodu \u015fart\u0131yla cafe, restoran ve lokantalar\u0131n yeniden faaliyete ge\u00e7mesi gerekti\u011fini de dile getirdi.<\/strong><\/p>\n<p>Konuya ili\u015fkin Ticaret Bakan\u0131 Ruhsar Pekcan\u2019\u0131n yan\u0131tlamas\u0131 istemiyle TBMM Ba\u015fkanl\u0131\u011f\u0131na bir soru \u00f6nergesi veren Budak, \u015funlar\u0131 kaydetti:<\/p>\n<p>\u201cKoronavir\u00fcs salg\u0131n\u0131 nedeniyle getirilen k\u0131s\u0131tlamalar, \u00f6zellikle cafe, restoran, lokanta gibi yeme i\u00e7me sekt\u00f6r\u00fc ile m\u00fczikli i\u015fletmelerin yer ald\u0131\u011f\u0131 e\u011flence sekt\u00f6r\u00fcn\u00fc tamamen bitme noktas\u0131na getirmi\u015ftir. Meslek \u00f6rg\u00fctlerinin verilerine g\u00f6re y\u0131ll\u0131k 140 milyar TL\u2019lik cirosu bulunan ve iki milyona yak\u0131n \u00e7al\u0131\u015fan\u0131n istihdam edildi\u011fi bu i\u015fletmeler, dayanma s\u0131n\u0131r\u0131n\u0131 \u00e7oktan a\u015fm\u0131\u015f durumda.<\/p>\n<p>Esnaf, sadece paket servisi ile zorunlu giderlerini bile \u00f6deyemezken, sulu yemek veren lokantalar onu bile yapam\u0131yor. Esnafa destek diye verile verile kredi veriliyor. Ama esnaf\u0131n zaten y\u00fczde 90\u2019\u0131 daha \u00f6nce ald\u0131\u011f\u0131 krediyi bile \u00f6deyemez halde. \u0130\u015f yerleri kapal\u0131 ama kira \u00f6demeye devam ediyorlar. H\u00fck\u00fcmetin verdi\u011fi kira deste\u011fi 750 TL am en d\u00fc\u015f\u00fck kira bedeli 10 bin TL&#8217;den ba\u015fl\u0131yor.<\/p>\n<p>Ruhsatlar\u0131 bar stat\u00fcs\u00fcnde oldu\u011fu i\u00e7in 16 Mart\u2019tan bu yana a\u00e7\u0131lmayan i\u015fletmelerden h\u00e2l\u00e2 kira stopaj\u0131, muhasebe stopaj\u0131, damga vergisi, kurumlar vergisi, i\u015fgaliye vergisi, tabela-reklam vergisi ve benzeri vergiler tahsil edilmeye devam ediliyor. Bu i\u015fyerlerinde \u00e7al\u0131\u015fan 314 bin 443 i\u015f\u00e7i ise hayatta kalma m\u00fccadelesi vermektedir.<\/p>\n<p>Y\u00fcksek kiralar \u00f6demek zorunda kalan, zorunlu giderleri bulunan esnaf\u0131n b\u00f6yle devam etmesi halinde iflas etmesi, dolay\u0131s\u0131yla icra ve tahliye davalar\u0131n\u0131n artmas\u0131 ka\u00e7\u0131n\u0131lmazd\u0131r.<\/p>\n<p><strong>AVRUPA KAPANDI AMA ESNAFI DA KORUDU<\/strong><\/p>\n<p>Benzer kapatma tedbirlerini alan d\u00fcnya \u00fclkelerinin uygulamalar\u0131na bak\u0131ld\u0131\u011f\u0131nda, Almanya; 1-4 \u00e7al\u0131\u015fan\u0131 olan k\u00fc\u00e7\u00fck esnaf i\u00e7in 9 bin Euro,\u00a0 5-9 \u00e7al\u0131\u015fan\u0131 olan esnaf i\u00e7in 15 bin Euro kar\u015f\u0131l\u0131ks\u0131z ve geri \u00f6demesiz nakdi yard\u0131m program\u0131na d\u00e2hil etmi\u015f, \u0130spanya h\u00fck\u00fcmeti esnafa y\u0131ll\u0131k 3 milyar Euro tutar\u0131nda temel gelir paketi ay\u0131rm\u0131\u015ft\u0131r.<\/p>\n<p><strong>YEME \u0130\u00c7ME SEKT\u00d6R\u00dcN\u00dc A\u015eILAYIN, FAAL\u0130YETE A\u00c7IN<\/strong><\/p>\n<p>Tefecilere 489 milyar dolar para \u00f6deyen devlet, esnaf\u0131m\u0131z\u0131 da ayl\u0131k nakdi destekle maa\u015f koruma program\u0131na almal\u0131d\u0131r. \u00d6zellikle yeme i\u00e7me sekt\u00f6r\u00fcnde \u00e7al\u0131\u015fan garson, a\u015f\u00e7\u0131, komi gibi \u00e7al\u0131\u015falar bir an \u00f6nce a\u015f\u0131 program\u0131 kapsam\u0131na al\u0131nmal\u0131 ve HES kodu sorgusuyla restoran, cafe ve lokantalar faaliyete ge\u00e7melidir.\u201d<\/p>\n<p>Budak, \u00f6nergede \u015fu sorulara yan\u0131t arad\u0131:<\/p>\n<p>\u201cYeme i\u00e7me sekt\u00f6r\u00fcnde g\u00f6steren esnaf\u0131n ayakta kalabilmesi i\u00e7in cafe, restoran ve lokantalar\u0131n HES kodu ile m\u00fc\u015fteri kabul\u00fc yapabilecek \u015fekilde a\u00e7\u0131lmas\u0131 i\u00e7in bir \u00e7al\u0131\u015fma yap\u0131lmakta m\u0131d\u0131r? K\u0131s\u0131tlamalar ne zaman kald\u0131r\u0131lacakt\u0131r? 16 Mart 2020\u2019den bu yana ka\u00e7 esnaf kepenk kapatm\u0131\u015ft\u0131r? 16 Mart 2020\u2019den bu yana kapal\u0131 kalan m\u00fczikli e\u011flence yerlerinin ya\u015fad\u0131klar\u0131 zarar\u0131 kar\u015f\u0131layabilmek i\u00e7in hangi \u00f6nlemler al\u0131nm\u0131\u015ft\u0131r? Hemen hemen b\u00fct\u00fcn i\u015f kollar\u0131n\u0131n faaliyet g\u00f6sterdi\u011fi bir ortamda pandeminin en b\u00fcy\u00fck faturas\u0131n\u0131 yeme-i\u00e7me sekt\u00f6r\u00fcnde faaliyet g\u00f6steren esnaf\u0131n \u00f6dedi\u011fi ortadad\u0131r. Esnaf\u0131n i\u00e7inde bulundu\u011fu y\u0131k\u0131m\u0131 \u00f6nlemek i\u00e7in hangi ek tedbirler al\u0131nacakt\u0131r? Yeme i\u00e7me sekt\u00f6r\u00fcn\u00fcn bir an \u00f6nce faaliyete ge\u00e7ebilmesi i\u00e7in garson, komi, a\u015f\u00e7\u0131 gibi aktif \u00e7al\u0131\u015fan personelin \u201criskli meslek gruplar\u0131\u201d i\u00e7erisine al\u0131nmas\u0131 ve bu kapsamda erken a\u015f\u0131lama plan\u0131na dahil edilmesi planlanmakta m\u0131d\u0131r? Bakanl\u0131\u011f\u0131n\u0131z b\u00fcnyesinde esnafa ili\u015fkin kamu alacaklar\u0131nda faizsiz erteleme sa\u011flanmas\u0131, i\u015fletme cirolar\u0131na g\u00f6re vergilerin en az 6 ay \u00f6telenmesi, icra i\u015flemlerinin durdurulmas\u0131, sicil aff\u0131 gibi konular\u0131 i\u00e7eren yeni bir destek paketi haz\u0131rl\u0131\u011f\u0131 var m\u0131d\u0131r?\u201d<\/p>\n","protected":false},"excerpt":{"rendered":"<p>\u201cESNAFI V\u0130R\u00dcS DE\u011e\u0130L EKONOM\u0130K \u015eARTLAR \u00d6LD\u00dcRECEK\u201d \u201cHES KODU \u015eARTIYLA CAFE VE RESTORANLARI A\u00c7IN\u201d CHP Antalya Milletvekili \u00c7etin Osman Budak, pandemi ko\u015fullar\u0131n\u0131n yaratt\u0131\u011f\u0131 ekonomik krizin daha \u00f6nce benzeri g\u00f6r\u00fclmemi\u015f bir esnaf i\u015fsizli\u011fine do\u011fru t\u0131rmand\u0131\u011f\u0131n\u0131 belirterek, \u201cPandemi k\u0131s\u0131tlamalar\u0131na zaten ekonomik bir buhran ortam\u0131nda yakalanan esnaf, art\u0131k tamamen bitme noktas\u0131na gelmi\u015f durumda. Verilece\u011fi a\u00e7\u0131klanan destekler ise trajikomik. \u015eu [&hellip;]<\/p>\n","protected":false},"author":1,"featured_media":20614,"comment_status":"closed","ping_status":"open","sticky":false,"template":"","format":"standard","meta":[],"categories":[52,35],"tags":[],"amp_enabled":true,"_links":{"self":[{"href":"https:\/\/chpantalya.com\/index.php?rest_route=\/wp\/v2\/posts\/21826"}],"collection":[{"href":"https:\/\/chpantalya.com\/index.php?rest_route=\/wp\/v2\/posts"}],"about":[{"href":"https:\/\/chpantalya.com\/index.php?rest_route=\/wp\/v2\/types\/post"}],"author":[{"embeddable":true,"href":"https:\/\/chpantalya.com\/index.php?rest_route=\/wp\/v2\/users\/1"}],"replies":[{"embeddable":true,"href":"https:\/\/chpantalya.com\/index.php?rest_route=%2Fwp%2Fv2%2Fcomments&post=21826"}],"version-history":[{"count":0,"href":"https:\/\/chpantalya.com\/index.php?rest_route=\/wp\/v2\/posts\/21826\/revisions"}],"wp:featuredmedia":[{"embeddable":true,"href":"https:\/\/chpantalya.com\/index.php?rest_route=\/wp\/v2\/media\/20614"}],"wp:attachment":[{"href":"https:\/\/chpantalya.com\/index.php?rest_route=%2Fwp%2Fv2%2Fmedia&parent=21826"}],"wp:term":[{"taxonomy":"category","embeddable":true,"href":"https:\/\/chpantalya.com\/index.php?rest_route=%2Fwp%2Fv2%2Fcategories&post=21826"},{"taxonomy":"post_tag","embeddable":true,"href":"https:\/\/chpantalya.com\/index.php?rest_route=%2Fwp%2Fv2%2Ftags&post=21826"}],"curies":[{"name":"wp","href":"https:\/\/api.w.org\/{rel}","templated":true}]}}