{"id":21830,"date":"2021-01-14T14:35:50","date_gmt":"2021-01-14T11:35:50","guid":{"rendered":"http:\/\/chpantalya.com\/?p=21830"},"modified":"2021-01-14T14:35:50","modified_gmt":"2021-01-14T11:35:50","slug":"zubeyde-hanimi-vefatinin-98-yildonumunde-anildi","status":"publish","type":"post","link":"https:\/\/chpantalya.com\/?p=21830","title":{"rendered":"Z\u00dcBEYDE HANIM\u2019I VEFATININ 98. YILD\u00d6N\u00dcM\u00dcNDE ANILDI"},"content":{"rendered":"<p><strong>CHP Antalya \u0130l Kad\u0131n Kollar\u0131 Ulu \u00d6nderimiz Gazi Mustafa Kemal Atat\u00fcrk&#8217;\u00fcn annesi Z\u00fcbeyde Han\u0131m&#8217;\u0131n vefat\u0131n\u0131n 98. y\u0131ld\u00f6n\u00fcm\u00fcnde Z\u00fcbeyde Han\u0131m An\u0131t\u0131 \u00f6n\u00fcnde Anma t\u00f6reni ger\u00e7ekle\u015ftirdi.<\/strong><\/p>\n<p>Z\u00fcbeyde Han\u0131m An\u0131t\u0131 \u00f6n\u00fcnde konu\u015fma yapan \u0130l Kad\u0131n Kollar\u0131 Ba\u015fkan\u0131 Nulifer Deveci \u015funlar\u0131 s\u00f6yledi;<\/p>\n<p>\u201cZ\u00fcbeyde Han\u0131m, Gazi Mustafa Kemal Atat\u00fcrk\u2019\u00fcn ba\u011f\u0131ms\u0131zl\u0131k m\u00fccadelesinin en de\u011ferli fig\u00fcrlerindendir. \u00a0Ulu \u00d6nder, \u0130stiklal ate\u015fini tutu\u015fturmak i\u00e7in Anadolu\u2019ya ge\u00e7ti\u011finde, \u2018asi subay\u0131n\u2019 annesi olarak hem d\u00f6nemin Padi\u015fah\u0131 ve \u0130stanbul h\u00fck\u00fcmetinin hem de i\u015fgal kuvvetlerinin t\u00fcm bask\u0131, a\u015fa\u011f\u0131lama ve eziyetlerine g\u00f6\u011f\u00fcs germi\u015ftir.<\/p>\n<p>&nbsp;<\/p>\n<p>\u0130\u015fgal y\u0131llar\u0131nda evi \u00e7e\u015fitli bahanelerle defalarca bas\u0131lm\u0131\u015ft\u0131r. \u2018Asi subay\u2019 Mustafa Kemal hakk\u0131nda Padi\u015fah taraf\u0131ndan idam karar\u0131 verilmi\u015f, Z\u00fcbeyde Han\u0131m karar\u0131n infaz edildi\u011fini zannetti\u011finde, anne y\u00fcre\u011fi ac\u0131ya dayanamam\u0131\u015f ve fel\u00e7 ge\u00e7irmi\u015ftir. Ancak, Cumhuriyetin kurucusunun annesine yara\u015f\u0131r bir onurla dik durmu\u015ftur. Cumhuriyeti d\u00fcnyaya getiren bu cesur T\u00fcrk kad\u0131n\u0131n\u0131n hat\u0131ras\u0131 kar\u015f\u0131s\u0131nda sayg\u0131yla e\u011filiyoruz.<\/p>\n<p>Biz kad\u0131nlar karanl\u0131ktan ayd\u0131nl\u0131\u011fa do\u011fru y\u00fcr\u00fcrken, ard\u0131m\u0131zda \u00e7ocuklar\u0131m\u0131z i\u00e7in daha g\u00fczel bir \u00fclke b\u0131rakman\u0131n umudunu ye\u015fertiyoruz i\u00e7imizde.<\/p>\n<p>&nbsp;<\/p>\n<p>Kad\u0131nlar\u0131m\u0131z, as\u0131l sahibi oldu\u011fu vatan\u0131n \u00fczerine bula\u015fm\u0131\u015f kad\u0131n\u0131 a\u015fa\u011f\u0131layan ve etkisizle\u015ftirmeye \u00e7al\u0131\u015fan zihniyeti temizlemeyi ba\u015faracakt\u0131r. Kad\u0131nlar\u0131m\u0131z art\u0131k kendi g\u00fc\u00e7lerinin fark\u0131na vard\u0131lar. Artan kad\u0131na \u015fiddet vakalar\u0131 ve kad\u0131n cinayetleri, toplumsal cinsiyet ayr\u0131mc\u0131l\u0131\u011f\u0131na kar\u015f\u0131 kad\u0131nlar\u0131m\u0131z omuz omuza m\u00fccadele ediyor. Bizlerde Cumhuriyet Halk Partisi Kad\u0131n Kollar\u0131 olarak bu m\u00fccadelede \u00f6n saflarda yer al\u0131yoruz.<\/p>\n<p>&nbsp;<\/p>\n<p>Kad\u0131nlar olarak hayatta kalma ve kazan\u0131lm\u0131\u015f haklar\u0131m\u0131z\u0131 kaybetmeme m\u00fccadelesi verirken;<\/p>\n<p>2019 da hayat\u0131m\u0131za giren covid-19 pandemisi dolay\u0131s\u0131yla; yine kad\u0131nlar\u0131m\u0131z artan zorluklarla m\u00fccadele etmeye ba\u015flad\u0131. Evde, i\u015fyerinde, toplumda bir d\u00f6ng\u00fc halini alan s\u0131k\u0131nt\u0131l\u0131 s\u00fcre\u00e7lere kar\u015f\u0131 kad\u0131nlar\u0131m\u0131z g\u00fc\u00e7l\u00fc bir diren\u00e7 g\u00f6steriyor.<\/p>\n<p>&nbsp;<\/p>\n<p>\u0130nan\u0131yorum ki; Evin idaresi ve ailesinin sa\u011fl\u0131\u011f\u0131 i\u00e7in pervane olan sevgili annelerimizle, kad\u0131nlar\u0131m\u0131zla;<\/p>\n<p>bu g\u00fcnleri hep birlikte atlataca\u011f\u0131z. Kad\u0131nlar\u0131m\u0131z her ko\u015fulda cumhuriyet kazan\u0131mlar\u0131ndan ayr\u0131lmayacak, bilimin ve akl\u0131n \u0131\u015f\u0131\u011f\u0131ndan ayr\u0131lmadan Atat\u00fcrk\u2019\u00fcm\u00fcz\u00fcn miras\u0131na sahip \u00e7\u0131karak; bizleri umut dolu \u00f6zg\u00fcr yar\u0131nlara ula\u015ft\u0131racak nesilleri yeti\u015ftirmeye azim ve kararl\u0131l\u0131kla devam edecek ve bu karanl\u0131k g\u00fcnlerden hep birlikte \u00e7\u0131kaca\u011f\u0131z.\u201d<\/p>\n\r\n                <style type=\"text\/css\">\r\n                    \r\n                    #tdi_1  .td-doubleSlider-2 .td-item1 {\r\n                        background: url(https:\/\/chpantalya.com\/wp-content\/uploads\/2021\/01\/chp-kad\u0131n-kl-1-160x120.jpeg) 0 0 no-repeat;\r\n                    }\r\n                    #tdi_1  .td-doubleSlider-2 .td-item2 {\r\n                        background: url(https:\/\/chpantalya.com\/wp-content\/uploads\/2021\/01\/chp-kad\u0131n-kl-3-160x120.jpeg) 0 0 no-repeat;\r\n                    }\r\n                    #tdi_1  .td-doubleSlider-2 .td-item3 {\r\n                        background: url(https:\/\/chpantalya.com\/wp-content\/uploads\/2021\/01\/chp-kad\u0131n-kl-4-160x120.jpeg) 0 0 no-repeat;\r\n                    }\r\n                <\/style>\r\n\r\n                <div id=\"tdi_1\" class=\"td-gallery td-slide-on-2-columns\">\r\n                    <div class=\"post_td_gallery\">\r\n                        <div class=\"td-gallery-slide-top\">\r\n                           <div class=\"td-gallery-title\"><\/div>\r\n\r\n                            <div class=\"td-gallery-controls-wrapper\">\r\n                                <div class=\"td-gallery-slide-count\"><span class=\"td-gallery-slide-item-focus\">1<\/span> - 3<\/div>\r\n                                <div class=\"td-gallery-slide-prev-next-but\">\r\n                                    <i class = \"td-icon-left doubleSliderPrevButton\"><\/i>\r\n                                    <i class = \"td-icon-right doubleSliderNextButton\"><\/i>\r\n                                <\/div>\r\n                            <\/div>\r\n                        <\/div>\r\n\r\n                        <div class = \"td-doubleSlider-1 \">\r\n                            <div class = \"td-slider\">\r\n                                \r\n                    <div class = \"td-slide-item td-item1\">\r\n                        <figure class=\"td-slide-galery-figure td-slide-popup-gallery\">\r\n                            <a class=\"slide-gallery-image-link\" href=\"https:\/\/chpantalya.com\/wp-content\/uploads\/2021\/01\/chp-kad\u0131n-kl-1.jpeg\" title=\"chp kad\u0131n kl (1)\"  data-caption=\"\"  data-description=\"\">\r\n                                <img src=\"https:\/\/chpantalya.com\/wp-content\/uploads\/2021\/01\/chp-kad\u0131n-kl-1-560x420.jpeg\" srcset=\"https:\/\/chpantalya.com\/wp-content\/uploads\/2021\/01\/chp-kad\u0131n-kl-1-560x420.jpeg 420w, https:\/\/chpantalya.com\/wp-content\/uploads\/2021\/01\/chp-kad\u0131n-kl-1-1120x840.jpeg 840w\" sizes=\"(-webkit-min-device-pixel-ratio: 2) 840px, (min-resolution: 192dpi) 840px, 420px\" alt=\"\">\r\n                            <\/a>\r\n                            \r\n                        <\/figure>\r\n                    <\/div>\r\n                    <div class = \"td-slide-item td-item2\">\r\n                        <figure class=\"td-slide-galery-figure td-slide-popup-gallery\">\r\n                            <a class=\"slide-gallery-image-link\" href=\"https:\/\/chpantalya.com\/wp-content\/uploads\/2021\/01\/chp-kad\u0131n-kl-3.jpeg\" title=\"chp kad\u0131n kl (3)\"  data-caption=\"\"  data-description=\"\">\r\n                                <img src=\"https:\/\/chpantalya.com\/wp-content\/uploads\/2021\/01\/chp-kad\u0131n-kl-3-560x420.jpeg\" srcset=\"https:\/\/chpantalya.com\/wp-content\/uploads\/2021\/01\/chp-kad\u0131n-kl-3-560x420.jpeg 420w, https:\/\/chpantalya.com\/wp-content\/uploads\/2021\/01\/chp-kad\u0131n-kl-3-1120x840.jpeg 840w\" sizes=\"(-webkit-min-device-pixel-ratio: 2) 840px, (min-resolution: 192dpi) 840px, 420px\" alt=\"\">\r\n                            <\/a>\r\n                            \r\n                        <\/figure>\r\n                    <\/div>\r\n                    <div class = \"td-slide-item td-item3\">\r\n                        <figure class=\"td-slide-galery-figure td-slide-popup-gallery\">\r\n                            <a class=\"slide-gallery-image-link\" href=\"https:\/\/chpantalya.com\/wp-content\/uploads\/2021\/01\/chp-kad\u0131n-kl-4.jpeg\" title=\"chp kad\u0131n kl (4)\"  data-caption=\"\"  data-description=\"\">\r\n                                <img src=\"https:\/\/chpantalya.com\/wp-content\/uploads\/2021\/01\/chp-kad\u0131n-kl-4-560x420.jpeg\" srcset=\"https:\/\/chpantalya.com\/wp-content\/uploads\/2021\/01\/chp-kad\u0131n-kl-4-560x420.jpeg 420w, https:\/\/chpantalya.com\/wp-content\/uploads\/2021\/01\/chp-kad\u0131n-kl-4-1120x840.jpeg 840w\" sizes=\"(-webkit-min-device-pixel-ratio: 2) 840px, (min-resolution: 192dpi) 840px, 420px\" alt=\"\">\r\n                            <\/a>\r\n                            \r\n                        <\/figure>\r\n                    <\/div>\r\n                            <\/div>\r\n                        <\/div>\r\n\r\n                        <div class = \"td-doubleSlider-2\">\r\n                            <div class = \"td-slider\">\r\n                                \r\n                    <div class = \"td-button td-item1\">\r\n                        <div class = \"td-border\"><\/div>\r\n                    <\/div>\r\n                    <div class = \"td-button td-item2\">\r\n                        <div class = \"td-border\"><\/div>\r\n                    <\/div>\r\n                    <div class = \"td-button td-item3\">\r\n                        <div class = \"td-border\"><\/div>\r\n                    <\/div>\r\n                            <\/div>\r\n                        <\/div>\r\n\r\n                    <\/div>\r\n\r\n                <\/div>\r\n                \n","protected":false},"excerpt":{"rendered":"<p>CHP Antalya \u0130l Kad\u0131n Kollar\u0131 Ulu \u00d6nderimiz Gazi Mustafa Kemal Atat\u00fcrk&#8217;\u00fcn annesi Z\u00fcbeyde Han\u0131m&#8217;\u0131n vefat\u0131n\u0131n 98. y\u0131ld\u00f6n\u00fcm\u00fcnde Z\u00fcbeyde Han\u0131m An\u0131t\u0131 \u00f6n\u00fcnde Anma t\u00f6reni ger\u00e7ekle\u015ftirdi. Z\u00fcbeyde Han\u0131m An\u0131t\u0131 \u00f6n\u00fcnde konu\u015fma yapan \u0130l Kad\u0131n Kollar\u0131 Ba\u015fkan\u0131 Nulifer Deveci \u015funlar\u0131 s\u00f6yledi; \u201cZ\u00fcbeyde Han\u0131m, Gazi Mustafa Kemal Atat\u00fcrk\u2019\u00fcn ba\u011f\u0131ms\u0131zl\u0131k m\u00fccadelesinin en de\u011ferli fig\u00fcrlerindendir. \u00a0Ulu \u00d6nder, \u0130stiklal ate\u015fini tutu\u015fturmak i\u00e7in [&hellip;]<\/p>\n","protected":false},"author":1,"featured_media":21833,"comment_status":"closed","ping_status":"open","sticky":false,"template":"","format":"standard","meta":[],"categories":[49],"tags":[],"amp_enabled":true,"_links":{"self":[{"href":"https:\/\/chpantalya.com\/index.php?rest_route=\/wp\/v2\/posts\/21830"}],"collection":[{"href":"https:\/\/chpantalya.com\/index.php?rest_route=\/wp\/v2\/posts"}],"about":[{"href":"https:\/\/chpantalya.com\/index.php?rest_route=\/wp\/v2\/types\/post"}],"author":[{"embeddable":true,"href":"https:\/\/chpantalya.com\/index.php?rest_route=\/wp\/v2\/users\/1"}],"replies":[{"embeddable":true,"href":"https:\/\/chpantalya.com\/index.php?rest_route=%2Fwp%2Fv2%2Fcomments&post=21830"}],"version-history":[{"count":0,"href":"https:\/\/chpantalya.com\/index.php?rest_route=\/wp\/v2\/posts\/21830\/revisions"}],"wp:featuredmedia":[{"embeddable":true,"href":"https:\/\/chpantalya.com\/index.php?rest_route=\/wp\/v2\/media\/21833"}],"wp:attachment":[{"href":"https:\/\/chpantalya.com\/index.php?rest_route=%2Fwp%2Fv2%2Fmedia&parent=21830"}],"wp:term":[{"taxonomy":"category","embeddable":true,"href":"https:\/\/chpantalya.com\/index.php?rest_route=%2Fwp%2Fv2%2Fcategories&post=21830"},{"taxonomy":"post_tag","embeddable":true,"href":"https:\/\/chpantalya.com\/index.php?rest_route=%2Fwp%2Fv2%2Ftags&post=21830"}],"curies":[{"name":"wp","href":"https:\/\/api.w.org\/{rel}","templated":true}]}}