{"id":21836,"date":"2021-01-15T18:23:05","date_gmt":"2021-01-15T15:23:05","guid":{"rendered":"http:\/\/chpantalya.com\/?p=21836"},"modified":"2021-01-18T10:24:00","modified_gmt":"2021-01-18T07:24:00","slug":"budak-turizm-bakani-hayal-satiyor","status":"publish","type":"post","link":"https:\/\/chpantalya.com\/?p=21836","title":{"rendered":"BUDAK : \u201cTUR\u0130ZM BAKANI HAYAL SATIYOR\u201d"},"content":{"rendered":"<p><strong>\u201cBAKAN DEVLET KOLTU\u011eUNDAN KEND\u0130 \u015e\u0130RKET\u0130N\u0130N PAZARLAMASINI YAPIYOR\u201d<\/strong><\/p>\n<p><strong>\u201cETK\u0130N A\u015eILAMA OLMADAN TUR\u0130ZM HEDEFLER\u0130 HAYAL\u201d<\/strong><\/p>\n<p>&nbsp;<\/p>\n<p><strong>\u00a0CHP Antalya Milletvekili \u00c7etin Osman Budak, K\u00fclt\u00fcr ve Turizm Bakan\u0131 Mehmet Nuri Ersoy\u2019un 2021 turizm sezonunun nisan ay\u0131nda ba\u015flayaca\u011f\u0131n\u0131 a\u00e7\u0131klamas\u0131n\u0131n ger\u00e7ek\u00e7i olmad\u0131\u011f\u0131n\u0131 s\u00f6yledi. Pandeminin ba\u015flang\u0131c\u0131ndan bu yana K\u00fclt\u00fcr ve Turizm Bakan\u0131 Ersoy\u2019un hi\u00e7bir \u00f6ng\u00f6r\u00fcs\u00fcn\u00fcn tutmad\u0131\u011f\u0131n\u0131 dile getiren Budak, \u201cSay\u0131n Bakan, <\/strong><strong>\u2018Mart ay\u0131nda vaka say\u0131s\u0131nda 2 binli rakamlara ineriz. Nisan ay\u0131 itibar\u0131yla sezonun a\u00e7\u0131laca\u011f\u0131n\u0131 d\u00fc\u015f\u00fcn\u00fcyoruz\u2019 diyor. Hem Covid-19 \u015eeffafl\u0131k Endeksi\u2019nde son s\u0131ralarday\u0131z hem de halen etkin bir a\u015f\u0131lama ba\u015flam\u0131\u015f de\u011fil. \u015eeffafl\u0131k sa\u011flanmadan ve etkin a\u015f\u0131lama program\u0131 olmadan Bakan\u0131n turizm hedefleri hayaldir\u201d dedi. <\/strong><\/p>\n<p>TBMM Ba\u015fkanl\u0131\u011f\u0131na K\u00fclt\u00fcr ve Turizm Bakan\u0131 Mehmet Nuri Ersoy\u2019un yan\u0131tlamas\u0131 istemiyle bir soru \u00f6nergesi veren Budak, pandemiyle birlikte turizm sekt\u00f6r\u00fcn\u00fcn bankalara olan bor\u00e7lar\u0131n\u0131n 138 milyar liraya \u00e7\u0131kt\u0131\u011f\u0131n\u0131, nakit s\u0131k\u0131nt\u0131s\u0131 nedeniyle turizm yat\u0131r\u0131mc\u0131lar\u0131n\u0131n otellerini satmaya ba\u015flad\u0131\u011f\u0131n\u0131 s\u00f6yledi. Budak, \u015fu ifadelere yer verdi:<\/p>\n<p>&nbsp;<\/p>\n<p>\u201cEn \u00f6nemli turizm pazarlar\u0131m\u0131zdan Almanya ve \u0130ngiltere\u2019de vakalar \u00e7ok h\u0131zl\u0131 y\u00fckseliyor. Hem \u00f6l\u00fcm hem de vaka say\u0131lar\u0131nda rekorlar k\u0131r\u0131l\u0131yor. D\u00fcnya Sa\u011fl\u0131k \u00d6rg\u00fct\u00fc, 2021 y\u0131l\u0131nda kitle ba\u011f\u0131\u015f\u0131kl\u0131\u011f\u0131 ya da toplumda b\u00fcy\u00fck \u00e7apl\u0131 bir ba\u011f\u0131\u015f\u0131kl\u0131k beklemedi\u011fini a\u00e7\u0131kl\u0131yor. \u00a0Ayr\u0131ca 21 Ocak tarihli AB Zirvesinde Uluslararas\u0131 A\u015f\u0131 Sertifikas\u0131 tart\u0131\u015f\u0131lacak. AB&#8217;nin uygulad\u0131\u011f\u0131 a\u015f\u0131lar d\u0131\u015f\u0131ndaki a\u015f\u0131lar\u0131n kabul g\u00f6rmemesi g\u00fcndemde. Bizim elimizde sadece \u00c7in\u2019den gelen 3 milyon doz a\u015f\u0131 d\u0131\u015f\u0131nda, AB \u00fclkelerinde uygulanan herhangi bir a\u015f\u0131 yok. E\u011fer a\u015f\u0131 standartlar\u0131na uymayan \u00fclkelere gidilmemesi y\u00f6n\u00fcnde bir karar \u00e7\u0131karsa, 2021\u2019de Avrupal\u0131 turisti mumla arar hale geliriz. Sa\u011fl\u0131k Bakan\u0131 ve Turizm Bakan\u0131 el ele turizm sekt\u00f6r\u00fcn\u00fcn tabutuna son \u00e7iviyi \u00e7ak\u0131yorlar.<\/p>\n<p>&nbsp;<\/p>\n<p><strong>\u015e\u0130RKET\u0130N\u0130N \u00c7IKARLARI \u0130\u00c7\u0130N M\u0130?<\/strong><\/p>\n<p>&nbsp;<\/p>\n<p>Turizm Bakan\u0131, kendi ticari i\u015fletmeleriyle ilgilenmekten bor\u00e7 bata\u011f\u0131nda k\u0131vranan sekt\u00f6r\u00fcn dertlerine \u00e7are aramaya zaman bulam\u0131yor. Krizde otel sat\u0131n al\u0131yor. Kendi tur \u015firketi piyasadaki hakim konumunu kullanarak \u201c\u015eimdi Al, Baharda \u00d6de\u201d kampanyas\u0131 ba\u015flat\u0131yor. Say\u0131n Bakan\u2019a sormak istiyorum; nisan ay\u0131nda sezonun a\u00e7\u0131laca\u011f\u0131 a\u00e7\u0131klamas\u0131n\u0131 sorumlu bir Bakan olarak m\u0131, yoksa \u015firketinin rezervasyonlar\u0131 art\u0131rmak isteyen firma sahibi olarak m\u0131 yap\u0131yor? Bakan devlet koltu\u011fundan kendi \u015firketinin pazarlamas\u0131n\u0131 yap\u0131yor.<\/p>\n<p>&nbsp;<\/p>\n<p>Bakan Ersoy ayr\u0131ca d\u00fcnyada turist say\u0131s\u0131n\u0131n y\u00fczde 80, T\u00fcrkiye\u2019de ise y\u00fczde 70 darald\u0131\u011f\u0131n\u0131 s\u00f6yleyerek yapay bir ba\u015far\u0131 tablosu sunuyor. Oysa Birle\u015fmi\u015f Milletler D\u00fcnya Turizm \u00d6rg\u00fct\u00fc (UNWTO) verilerine g\u00f6re 2020 y\u0131l\u0131nda hem d\u00fcnya hem \u00fclkemiz y\u00fczde 72 turist kayb\u0131 ya\u015fad\u0131. Rakamlar\u0131 \u00e7arp\u0131tarak y\u00f6netiminizi ba\u015far\u0131l\u0131 \u00e7\u0131karamazs\u0131n\u0131z. Ortada bir ba\u015far\u0131 tablosu yok.\u201d<\/p>\n<p>&nbsp;<\/p>\n<p>&nbsp;<\/p>\n<p>Budak, \u00f6nergede \u015fu sorulara yer verdi:<\/p>\n<p>&nbsp;<\/p>\n<p>\u201cMart ay\u0131nda vaka say\u0131s\u0131n\u0131n iki binli rakamlara d\u00fc\u015fece\u011fi, nisan ay\u0131nda ise sezonun ba\u015flayaca\u011f\u0131na dair \u00f6ng\u00f6r\u00fcn\u00fcz\u00fcn temelleri nelerdir? Turizm sezonunun a\u00e7\u0131l\u0131\u015f\u0131 ile ilgili a\u00e7\u0131klamalar\u0131n\u0131z \u00f6ncesinde Sa\u011fl\u0131k Bakanl\u0131\u011f\u0131 ve beraberinde Bilim Kurulu ile pandemi s\u00fcreci ve \u00f6zellikle a\u015f\u0131lama takvimi ile ilgili de\u011ferlendirmelerde bulundunuz mu? Bakanl\u0131\u011f\u0131n ve Bilim Kurulu\u2019nun bu konudaki g\u00f6r\u00fc\u015fleri nelerdir? Sahibi oldu\u011funuz seyahat acentenizin erken rezervasyonla sat\u0131\u015fa \u00e7\u0131kmas\u0131n\u0131n sezon a\u00e7\u0131l\u0131\u015f\u0131 a\u00e7\u0131klaman\u0131z \u00fczerinde etkisi var m\u0131d\u0131r? Covid-19 \u015eeffafl\u0131k Endeksine g\u00f6re 100 \u00fclke aras\u0131nda 97\u2019nci s\u0131rada bulunan T\u00fcrkiye\u2019nin turizm alan\u0131nda g\u00fcvenilir \u00fclke konumuna gelebilmesi i\u00e7in hangi \u00f6nlemler hayata ge\u00e7irilecektir?\u201d<\/p>\n","protected":false},"excerpt":{"rendered":"<p>\u201cBAKAN DEVLET KOLTU\u011eUNDAN KEND\u0130 \u015e\u0130RKET\u0130N\u0130N PAZARLAMASINI YAPIYOR\u201d \u201cETK\u0130N A\u015eILAMA OLMADAN TUR\u0130ZM HEDEFLER\u0130 HAYAL\u201d &nbsp; \u00a0CHP Antalya Milletvekili \u00c7etin Osman Budak, K\u00fclt\u00fcr ve Turizm Bakan\u0131 Mehmet Nuri Ersoy\u2019un 2021 turizm sezonunun nisan ay\u0131nda ba\u015flayaca\u011f\u0131n\u0131 a\u00e7\u0131klamas\u0131n\u0131n ger\u00e7ek\u00e7i olmad\u0131\u011f\u0131n\u0131 s\u00f6yledi. Pandeminin ba\u015flang\u0131c\u0131ndan bu yana K\u00fclt\u00fcr ve Turizm Bakan\u0131 Ersoy\u2019un hi\u00e7bir \u00f6ng\u00f6r\u00fcs\u00fcn\u00fcn tutmad\u0131\u011f\u0131n\u0131 dile getiren Budak, \u201cSay\u0131n Bakan, \u2018Mart [&hellip;]<\/p>\n","protected":false},"author":1,"featured_media":21837,"comment_status":"closed","ping_status":"open","sticky":false,"template":"","format":"standard","meta":[],"categories":[52,35],"tags":[],"amp_enabled":true,"_links":{"self":[{"href":"https:\/\/chpantalya.com\/index.php?rest_route=\/wp\/v2\/posts\/21836"}],"collection":[{"href":"https:\/\/chpantalya.com\/index.php?rest_route=\/wp\/v2\/posts"}],"about":[{"href":"https:\/\/chpantalya.com\/index.php?rest_route=\/wp\/v2\/types\/post"}],"author":[{"embeddable":true,"href":"https:\/\/chpantalya.com\/index.php?rest_route=\/wp\/v2\/users\/1"}],"replies":[{"embeddable":true,"href":"https:\/\/chpantalya.com\/index.php?rest_route=%2Fwp%2Fv2%2Fcomments&post=21836"}],"version-history":[{"count":0,"href":"https:\/\/chpantalya.com\/index.php?rest_route=\/wp\/v2\/posts\/21836\/revisions"}],"wp:featuredmedia":[{"embeddable":true,"href":"https:\/\/chpantalya.com\/index.php?rest_route=\/wp\/v2\/media\/21837"}],"wp:attachment":[{"href":"https:\/\/chpantalya.com\/index.php?rest_route=%2Fwp%2Fv2%2Fmedia&parent=21836"}],"wp:term":[{"taxonomy":"category","embeddable":true,"href":"https:\/\/chpantalya.com\/index.php?rest_route=%2Fwp%2Fv2%2Fcategories&post=21836"},{"taxonomy":"post_tag","embeddable":true,"href":"https:\/\/chpantalya.com\/index.php?rest_route=%2Fwp%2Fv2%2Ftags&post=21836"}],"curies":[{"name":"wp","href":"https:\/\/api.w.org\/{rel}","templated":true}]}}