{"id":21840,"date":"2021-01-18T10:31:05","date_gmt":"2021-01-18T07:31:05","guid":{"rendered":"http:\/\/chpantalya.com\/?p=21840"},"modified":"2021-01-18T10:31:05","modified_gmt":"2021-01-18T07:31:05","slug":"antalya-tarimina-yapilan-bu-yanlistan-vazgecilmeli","status":"publish","type":"post","link":"https:\/\/chpantalya.com\/?p=21840","title":{"rendered":"\u201cANTALYA TARIMINA YAPILAN BU YANLI\u015eTAN VAZGE\u00c7\u0130LMEL\u0130\u201d"},"content":{"rendered":"<p>TBMM Plan ve B\u00fct\u00e7e Komisyonu \u00fcyesi CHP Antalya Milletvekili Av. Cavit Ar\u0131, zirai m\u00fccadele ara\u015ft\u0131rmas\u0131nda Antalya\u2019n\u0131n Adana Biyolojik M\u00fccadele Ara\u015ft\u0131rma Enstit\u00fcs\u00fc\u2019ne ba\u011fl\u0131 olmas\u0131n\u0131n do\u011fru olmad\u0131\u011f\u0131n\u0131, art\u0131k g\u00fcn\u00fcm\u00fcz ko\u015fular\u0131 ve Antalya tar\u0131m\u0131ndaki b\u00fcy\u00fcme dikkate al\u0131narak bu yanl\u0131\u015f uygulamadan vazge\u00e7ilmesi gerekti\u011fini s\u00f6yledi.<\/p>\n<p>Antalya\u2019da 1934 y\u0131l\u0131ndan beri tar\u0131msal ara\u015ft\u0131rmalar yapan Bat\u0131 Akdeniz Tar\u0131msal Ara\u015ft\u0131rma Enstit\u00fcs\u00fc M\u00fcd\u00fcrl\u00fc\u011f\u00fc (BATEM)\u2019n\u00fcn bulundu\u011funu ve b\u00fcnyesinde Adana Zirai M\u00fccadele Ara\u015ft\u0131rma Enstit\u00fcs\u00fc M\u00fcd\u00fcrl\u00fc\u011f\u00fcnde var olan t\u00fcm laboratuvarlar ve yeti\u015fmi\u015f teknik eleman\u0131n oldu\u011funa dikkat \u00e7eken Ar\u0131, \u201cKendi b\u00f6lgesinde \u00e7\u0131kan bir sorunun \u00e7\u00f6z\u00fcm\u00fcn\u00fc Adana\u2019dan beklenmesinin s\u00fcrecin uzamas\u0131na neden olmaktad\u0131r. Altyap\u0131s\u0131, laboratuvar\u0131 ve yeterli teknik elemanlar\u0131 olan kurumlara Tar\u0131m ve Orman Bakanl\u0131\u011f\u0131 taraf\u0131ndan yetkilendirme yap\u0131larak yerinden \u00e7\u00f6z\u00fcme gidilmelidir.\u201d dedi.<\/p>\n<p>&nbsp;<\/p>\n<p>&nbsp;<\/p>\n<p><strong>\u201cBATEM, T\u00dcRK\u0130YE\u2019N\u0130N EN \u00d6NEML\u0130 ARA\u015eTIRMA KURUMLARINDAN B\u0130R\u0130D\u0130R\u201d<\/strong><\/p>\n<p>CHP Antalya Milletvekili Cavit Ar\u0131, \u201cBATEM, Antalya\u2019da bitkisel \u00fcretimin farkl\u0131 konular\u0131nda g\u00f6rev yapan 5 ara\u015ft\u0131rma kurulu\u015funun (Akdeniz Tar\u0131msal Ara\u015ft\u0131rma Enstit\u00fcs\u00fc, Biyolojik M\u00fccadele Ara\u015ft\u0131rma Enstit\u00fcs\u00fc, Narenciye Ara\u015ft\u0131rma Enstit\u00fcs\u00fc, Serac\u0131l\u0131k Ara\u015ft\u0131rma Enstit\u00fcs\u00fc ve B\u00f6lge Pamuk Ara\u015ft\u0131rma Enstit\u00fcs\u00fc) de\u011fi\u015fik zamanlarda birle\u015fmesinden olu\u015fmu\u015ftur. Tar\u0131m ve Orman Bakanl\u0131\u011f\u0131 Tar\u0131msal Ara\u015ft\u0131rmalar ve Politikalar Genel M\u00fcd\u00fcrl\u00fc\u011f\u00fcne ba\u011fl\u0131 T\u00fcrkiye\u2019nin \u00f6nemli ara\u015ft\u0131rma kurumlar\u0131ndan biridir. M\u00fcd\u00fcrl\u00fc\u011f\u00fc olu\u015fturan kurulu\u015flar\u0131n baz\u0131lar\u0131n\u0131n tarihi T\u00fcrkiye Cumhuriyeti\u2019nin ilk y\u0131llar\u0131na kadar uzanmaktad\u0131r.\u201d dedi.<\/p>\n<p>&nbsp;<\/p>\n<p><strong>\u201cTELAF\u0130S\u0130 G\u00dc\u00c7 ZARARLAR OLU\u015eMAKTADIR\u201d<\/strong><\/p>\n<p>Zaman\u0131nda ara\u015ft\u0131rma enstit\u00fclerine g\u00f6re b\u00f6lgeler belirlenirken Antalya, Adana Biyolojik M\u00fccadele Ara\u015ft\u0131rma Enstit\u00fcs\u00fc\u2019ne ba\u011flanm\u0131\u015ft\u0131r diyen Ar\u0131, \u201cZamanla tar\u0131m potansiyeli ve \u00fcr\u00fcn \u00e7e\u015fitlili\u011fi artm\u0131\u015f, \u00f6zellikle Antalya b\u00f6lgesindeki tropikal meyve yeti\u015ftiricili\u011fine paralel olarak biyolojik m\u00fccadele de bir zorunluluk haline gelmi\u015ftir. Meyve-sebzede ortaya \u00e7\u0131kan hastal\u0131k ve zararl\u0131lar\u0131n te\u015fhisi ve zarars\u0131z hale getirilmesine y\u00f6nelik devreye al\u0131nacak m\u00fccadele y\u00f6ntemi, kullan\u0131lacak ila\u00e7lara ili\u015fkin yaz\u0131\u015fmalar \u00f6nce Adana\u2019ya bildirim, Adana\u2019dan gelecek tavsiyenin Antalya\u2019dan bakanl\u0131\u011fa bildirimi, bakanl\u0131ktan gelecek cevaba g\u00f6re \u00e7ift\u00e7iye bilgi verilmesi gibi haftalar, aylar alan bir d\u00f6ng\u00fc ya\u015fanmaktad\u0131r. Bu arada, \u00e7ift\u00e7inin ekili-dikili arazide kullanaca\u011f\u0131 ila\u00e7 i\u00e7in tavsiye yaz\u0131s\u0131 gecikti\u011fi i\u00e7in telafisi g\u00fc\u00e7 zararlar olu\u015fmaktad\u0131r, \u00fcr\u00fcn pazara sunulamayacak hale gelmektedir.\u201d diye a\u00e7\u0131klama yapt\u0131.<\/p>\n<p>&nbsp;<\/p>\n<p><strong>\u00a0<\/strong><\/p>\n<p><strong>\u201cBAKANLIK, ARA\u015eTIRMA ENST\u0130T\u00dcLER\u0130N\u0130 B\u00d6LGELER\u0130N \u0130HT\u0130YACINA G\u00d6RE YETK\u0130LEND\u0130RMEL\u0130\u201d<\/strong><\/p>\n<p>Antalya\u2019da bulunan Bat\u0131 Akdeniz Tar\u0131msal Ara\u015ft\u0131rma Enstit\u00fcs\u00fc (BATEM) dururken, Adana\u2019dan \u00e7\u00f6z\u00fcm beklemenin mant\u0131\u011f\u0131 nedir? diye soran Ar\u0131, \u201cHastal\u0131k ve zararl\u0131lar ile m\u00fccadelede halihaz\u0131rda \u00fcr\u00fcne g\u00f6re ruhsatl\u0131 ila\u00e7 temininde aksamalar ya\u015fan\u0131rken, bir de \u00fcst\u00fcne ge\u00e7ici tavsiye ile kullan\u0131labilecek ila\u00e7lara izin verme s\u00fcre\u00e7lerinde gecikme ya\u015fanmakta, tar\u0131m \u00fcreticisi ma\u011fdur olmaktad\u0131r. Tar\u0131m Bakanl\u0131\u011f\u0131\u2019n\u0131n, ara\u015ft\u0131rma enstit\u00fclerini, b\u00f6lgelerin ihtiyac\u0131na g\u00f6re yetkilendirmesi, donatmas\u0131, eksikse teknik elaman ve uzmanlarla desteklemesi i\u00e7in daha ne beklenmektedir? Madem, tar\u0131m bizim gelece\u011fimiz, b\u00f6lgelerin ihtiya\u00e7lar\u0131na g\u00f6re, pratik, ak\u0131ll\u0131 \u00e7\u00f6z\u00fcmleri devreye alman\u0131n zaman\u0131 gelmedi mi? Sebzede meyvede zararl\u0131 sinek, b\u00f6cek g\u00f6r\u00fcl\u00fcyor, bu nedir diye o zararl\u0131 numunesi \u00f6zel t\u00fcplerde Adana\u2019ya g\u00f6nderiliyor orada bak\u0131yorlar bu \u015fu b\u00f6cektir diye Antalya\u2019ya bildiriliyor.\u201d dedi.<\/p>\n<p>&nbsp;<\/p>\n<p><strong>\u201cYER\u0130NDEN \u00c7\u00d6Z\u00dcME G\u0130D\u0130LMEL\u0130D\u0130R\u201d<\/strong><\/p>\n<p>Ankara\u2019da Zirai M\u00fccadele Merkez Ara\u015ft\u0131rma Enstit\u00fcs\u00fc M\u00fcd\u00fcrl\u00fc\u011f\u00fc, Diyarbak\u0131r, \u0130zmir ve Adana\u2019da Zirai Ara\u015ft\u0131rma Enstit\u00fcs\u00fc M\u00fcd\u00fcrl\u00fckleri var. Adana Zirai M\u00fccadele Ara\u015ft\u0131rma Enstit\u00fcs\u00fc 1926 y\u0131l\u0131nda Mersin\u2019de kurulmu\u015f 1931 y\u0131l\u0131nda ilgili laboratuvarlar Adana\u2019ya ta\u015f\u0131nm\u0131\u015ft\u0131r. Adana Zirai M\u00fccadele Ara\u015ft\u0131rma Enstit\u00fcs\u00fc M\u00fcd\u00fcrl\u00fc\u011f\u00fcn\u00fcn sorumlu oldu\u011fu iller; Adana, Antalya, Gaziantep, Hatay, \u0130\u00e7el, Kahramanmara\u015f, Kilis ve Osmaniye illeri ile Bakanl\u0131\u011f\u0131n uygun g\u00f6rece\u011fi illerdeki t\u00fcm zirai m\u00fccadele sorunlar\u0131n\u0131 \u00e7\u00f6z\u00fcmlemekle g\u00f6revlendirilmi\u015ftir a\u00e7\u0131klamas\u0131 yapan Ar\u0131, \u201cAntalya\u2019da Bat\u0131 Akdeniz Tar\u0131msal Ara\u015ft\u0131rma Enstit\u00fcs\u00fc M\u00fcd\u00fcrl\u00fc\u011f\u00fc (BATEM) ilimizin k\u00f6kl\u00fc enstit\u00fcs\u00fcd\u00fcr. 1934 y\u0131l\u0131ndan beri tar\u0131msal ara\u015ft\u0131rmalar yapmaktad\u0131r. B\u00fcnyesinde Adana Zirai M\u00fccadele Ara\u015ft\u0131rma Enstit\u00fcs\u00fc M\u00fcd\u00fcrl\u00fc\u011f\u00fcnde var olan t\u00fcm laboratuvarlar ve yeti\u015fmi\u015f teknik elemanlar vard\u0131r. Ancak Bakanl\u0131k gerekli yetkilendirmeyi yapmad\u0131\u011f\u0131ndan b\u00f6lgede \u00e7\u0131kan bir sorunun \u00e7\u00f6z\u00fcm\u00fc Adana\u2019dan beklenmektedir. G\u00fcn\u00fcm\u00fczde yerinden \u00e7\u00f6z\u00fcm olana\u011f\u0131 olan bir konuda s\u0131rf yetkilendirme yap\u0131lmad\u0131\u011f\u0131 i\u00e7in \u00e7\u00f6z\u00fcm s\u00fcrecinin uzad\u0131\u011f\u0131na \u015fahit olunmaktad\u0131r. Altyap\u0131s\u0131, laboratuvar\u0131 ve yeterli teknik elemanlar\u0131 olan kurumlara Bakanl\u0131k taraf\u0131ndan yetkilendirme yap\u0131larak yerinden \u00e7\u00f6z\u00fcme gidilmelidir.\u201d dedi.<\/p>\n\r\n                <style type=\"text\/css\">\r\n                    \r\n                    #tdi_1  .td-doubleSlider-2 .td-item1 {\r\n                        background: url(https:\/\/chpantalya.com\/wp-content\/uploads\/2021\/01\/WhatsApp-Image-2021-01-17-at-12.10.06-160x120.jpg) 0 0 no-repeat;\r\n                    }\r\n                <\/style>\r\n\r\n                <div id=\"tdi_1\" class=\"td-gallery td-slide-on-2-columns\">\r\n                    <div class=\"post_td_gallery\">\r\n                        <div class=\"td-gallery-slide-top\">\r\n                           <div class=\"td-gallery-title\"><\/div>\r\n\r\n                            <div class=\"td-gallery-controls-wrapper\">\r\n                                <div class=\"td-gallery-slide-count\"><span class=\"td-gallery-slide-item-focus\">1<\/span> - 1<\/div>\r\n                                <div class=\"td-gallery-slide-prev-next-but\">\r\n                                    <i class = \"td-icon-left doubleSliderPrevButton\"><\/i>\r\n                                    <i class = \"td-icon-right doubleSliderNextButton\"><\/i>\r\n                                <\/div>\r\n                            <\/div>\r\n                        <\/div>\r\n\r\n                        <div class = \"td-doubleSlider-1 \">\r\n                            <div class = \"td-slider\">\r\n                                \r\n                    <div class = \"td-slide-item td-item1\">\r\n                        <figure class=\"td-slide-galery-figure td-slide-popup-gallery\">\r\n                            <a class=\"slide-gallery-image-link\" href=\"https:\/\/chpantalya.com\/wp-content\/uploads\/2021\/01\/WhatsApp-Image-2021-01-17-at-12.10.06.jpg\" title=\"WhatsApp Image 2021-01-17 at 12.10.06\"  data-caption=\"\"  data-description=\"\">\r\n                                <img src=\"https:\/\/chpantalya.com\/wp-content\/uploads\/2021\/01\/WhatsApp-Image-2021-01-17-at-12.10.06-315x420.jpg\" srcset=\"https:\/\/chpantalya.com\/wp-content\/uploads\/2021\/01\/WhatsApp-Image-2021-01-17-at-12.10.06-315x420.jpg 420w, https:\/\/chpantalya.com\/wp-content\/uploads\/2021\/01\/WhatsApp-Image-2021-01-17-at-12.10.06.jpg 840w\" sizes=\"(-webkit-min-device-pixel-ratio: 2) 840px, (min-resolution: 192dpi) 840px, 420px\" alt=\"\">\r\n                            <\/a>\r\n                            \r\n                        <\/figure>\r\n                    <\/div>\r\n                            <\/div>\r\n                        <\/div>\r\n\r\n                        <div class = \"td-doubleSlider-2\">\r\n                            <div class = \"td-slider\">\r\n                                \r\n                    <div class = \"td-button td-item1\">\r\n                        <div class = \"td-border\"><\/div>\r\n                    <\/div>\r\n                            <\/div>\r\n                        <\/div>\r\n\r\n                    <\/div>\r\n\r\n                <\/div>\r\n                \n","protected":false},"excerpt":{"rendered":"<p>TBMM Plan ve B\u00fct\u00e7e Komisyonu \u00fcyesi CHP Antalya Milletvekili Av. Cavit Ar\u0131, zirai m\u00fccadele ara\u015ft\u0131rmas\u0131nda Antalya\u2019n\u0131n Adana Biyolojik M\u00fccadele Ara\u015ft\u0131rma Enstit\u00fcs\u00fc\u2019ne ba\u011fl\u0131 olmas\u0131n\u0131n do\u011fru olmad\u0131\u011f\u0131n\u0131, art\u0131k g\u00fcn\u00fcm\u00fcz ko\u015fular\u0131 ve Antalya tar\u0131m\u0131ndaki b\u00fcy\u00fcme dikkate al\u0131narak bu yanl\u0131\u015f uygulamadan vazge\u00e7ilmesi gerekti\u011fini s\u00f6yledi. Antalya\u2019da 1934 y\u0131l\u0131ndan beri tar\u0131msal ara\u015ft\u0131rmalar yapan Bat\u0131 Akdeniz Tar\u0131msal Ara\u015ft\u0131rma Enstit\u00fcs\u00fc M\u00fcd\u00fcrl\u00fc\u011f\u00fc (BATEM)\u2019n\u00fcn bulundu\u011funu [&hellip;]<\/p>\n","protected":false},"author":1,"featured_media":21555,"comment_status":"closed","ping_status":"open","sticky":false,"template":"","format":"standard","meta":[],"categories":[63,35],"tags":[],"amp_enabled":true,"_links":{"self":[{"href":"https:\/\/chpantalya.com\/index.php?rest_route=\/wp\/v2\/posts\/21840"}],"collection":[{"href":"https:\/\/chpantalya.com\/index.php?rest_route=\/wp\/v2\/posts"}],"about":[{"href":"https:\/\/chpantalya.com\/index.php?rest_route=\/wp\/v2\/types\/post"}],"author":[{"embeddable":true,"href":"https:\/\/chpantalya.com\/index.php?rest_route=\/wp\/v2\/users\/1"}],"replies":[{"embeddable":true,"href":"https:\/\/chpantalya.com\/index.php?rest_route=%2Fwp%2Fv2%2Fcomments&post=21840"}],"version-history":[{"count":0,"href":"https:\/\/chpantalya.com\/index.php?rest_route=\/wp\/v2\/posts\/21840\/revisions"}],"wp:featuredmedia":[{"embeddable":true,"href":"https:\/\/chpantalya.com\/index.php?rest_route=\/wp\/v2\/media\/21555"}],"wp:attachment":[{"href":"https:\/\/chpantalya.com\/index.php?rest_route=%2Fwp%2Fv2%2Fmedia&parent=21840"}],"wp:term":[{"taxonomy":"category","embeddable":true,"href":"https:\/\/chpantalya.com\/index.php?rest_route=%2Fwp%2Fv2%2Fcategories&post=21840"},{"taxonomy":"post_tag","embeddable":true,"href":"https:\/\/chpantalya.com\/index.php?rest_route=%2Fwp%2Fv2%2Ftags&post=21840"}],"curies":[{"name":"wp","href":"https:\/\/api.w.org\/{rel}","templated":true}]}}