{"id":21939,"date":"2021-01-26T10:51:24","date_gmt":"2021-01-26T07:51:24","guid":{"rendered":"http:\/\/chpantalya.com\/?p=21939"},"modified":"2021-01-26T10:51:24","modified_gmt":"2021-01-26T07:51:24","slug":"manavgat-hak-ettigi-500-yatakli-a-sinifi-hastane-istiyor","status":"publish","type":"post","link":"https:\/\/chpantalya.com\/?p=21939","title":{"rendered":"\u201cManavgat, Hak Etti\u011fi 500 Yatakl\u0131 A S\u0131n\u0131f\u0131 Hastane \u0130stiyor\u201d"},"content":{"rendered":"<p>&nbsp;<\/p>\n<p>CHP Antalya Milletvekili Av.Cavit ARI, Manavgat il\u00e7esinde yapt\u0131\u011f\u0131 bir dizi ziyarette daha \u00f6ncede meclis g\u00fcndemine ta\u015f\u0131d\u0131\u011f\u0131 Manavgat Devlet Hastanesi\u2019ne de bir ziyarette bulundu.<\/p>\n<p>&nbsp;<\/p>\n<p>Pejm\u00fcrde g\u00f6r\u00fcnt\u00fcs\u00fcyle Manavgat\u2019a yak\u0131\u015fmayan hastanenin son durumunu bir de yerinde g\u00f6rmek ve yeni bir devlet hastanesi ihtiyac\u0131n\u0131 g\u00f6r\u00fc\u015fmek amac\u0131yla CHP Manavgat \u0130l\u00e7e Ba\u015fkan\u0131 Aliye \u00c7o\u015far\u2019la birlikte Ba\u015fhekimi ziyaret eden Milletvekili Cavit ARI daha sonra \u0130l\u00e7e Ba\u015fkanl\u0131\u011f\u0131nda bir bas\u0131n toplant\u0131s\u0131 d\u00fczenledi.<\/p>\n<p>&nbsp;<\/p>\n<p>CHP Antalya Milletvekili Cavit Ar\u0131 bas\u0131n toplant\u0131s\u0131nda yapt\u0131\u011f\u0131 konu\u015fmada, \u201cManavgat il\u00e7emiz, yaz\u0131n be\u015f y\u00fcz binlere kadar yakla\u015fan n\u00fcfusuyla sadece Antalya&#8217;n\u0131n de\u011fil T\u00fcrkiye&#8217;nin en b\u00fcy\u00fck, ayr\u0131ca tar\u0131m ve turizme olan katk\u0131s\u0131yla da \u00e7ok \u00f6nemli il\u00e7elerimizden bir tanesidir. \u0130l\u00e7ede ya\u015fayan\u0131yla beraber gerek \u00e7al\u0131\u015fmaya gerekse turistik ama\u00e7la gelen \u00e7ok say\u0131da yerli ve yabanc\u0131n\u0131n bulunmas\u0131 nedeniyle yo\u011fun n\u00fcfus sirk\u00fclasyonunun ya\u015fand\u0131\u011f\u0131 bu kadar de\u011ferli ve \u00f6nemli il\u00e7eye bu hastanenin yak\u0131\u015fmad\u0131\u011f\u0131n\u0131 s\u00f6ylemek istiyorum.<\/p>\n<p>&nbsp;<\/p>\n<p>Ge\u00e7ti\u011fimiz haftalarda Sa\u011fl\u0131k Bakan\u0131&#8217;na bir soru \u00f6nergesi vermi\u015ftim. Manavgat&#8217;ta bir hastane ihtiyac\u0131 oldu\u011funu bu konuda acilen, en az\u0131nda daha \u00f6nceki d\u00f6nemlerde \u00f6zellikle iktidara mensup siyaset\u00e7ilerin her se\u00e7im d\u00f6neminde gelip burada se\u00e7menin oyuna tesir edebilme ad\u0131na verdikleri o vaatler i\u00e7erisinde ge\u00e7en 500 yatakl\u0131 devlet hastanesinin sadece lafta kald\u0131\u011f\u0131n\u0131, sadece se\u00e7imden se\u00e7ime hat\u0131rland\u0131\u011f\u0131n\u0131 ancak ger\u00e7ekte de b\u00f6yle bir ihtiya\u00e7 oldu\u011funu bir an evvel Manavgat\u2019a bir hastane kazand\u0131r\u0131lmas\u0131 gerekti\u011finin ifade etmi\u015ftim. Bunla ilgili \u00e7al\u0131\u015fmalar yap\u0131laca\u011f\u0131na dair klasik c\u00fcmlelerle bir cevap verildi. Daha sonra hastanenin ger\u00e7ek durumunu ortaya koyacak, vatanda\u015f\u0131n bana g\u00f6nderdi\u011fi i\u015fte Manavgat\u2019a yak\u0131\u015ft\u0131r\u0131lmaya \u00e7al\u0131\u015f\u0131lan hastane bu denilen, her taraf\u0131 d\u00f6k\u00fclen, efendim kap\u0131s\u0131 penceresi neredeyse k\u0131r\u0131lm\u0131\u015f, d\u00f6k\u00fclm\u00fc\u015f, pejm\u00fcrde bir g\u00f6r\u00fcnt\u00fcyle bana ula\u015fan bu resimleri bir kez daha haber yapt\u0131m. Bir kez daha gerek sosyal medya \u00fczerinden gerekse bas\u0131n \u00fczerinden bir kez daha payla\u015ft\u0131k ki yetkilileri bu noktada bir kez daha d\u00fc\u015f\u00fcnmeye sevk edelim istedik.<\/p>\n<p>&nbsp;<\/p>\n<p>Manavgat\u2019\u0131n bu ihtiyac\u0131n\u0131 bir kez daha yerinde gelerek g\u00f6rerek dile getirmek ad\u0131na bug\u00fcn hastaneyi ziyaret ettik ve \u00f6nceden ba\u015fhekimi makam\u0131nda ziyaret ederek bu noktadaki ihtiya\u00e7 durumunda de\u011ferlendirdik. Evet g\u00f6rd\u00fck ki hastane ortam\u0131n\u0131n Manavgat\u2019\u0131n ihtiya\u00e7lar\u0131n\u0131 kar\u015f\u0131lamayan, burada acil ihtiya\u00e7 olan birtak\u0131m tedavilerin yap\u0131lmas\u0131n\u0131n m\u00fcmk\u00fcn olmad\u0131\u011f\u0131 bir hastane bulunmakta. Manavgat halk\u0131, en k\u0131sa zamanda en modern \u015fekilde yap\u0131lm\u0131\u015f bir hastaneyi hak eden bir halkt\u0131r. O nedenledir ki buradan bir kez daha seslenmek istiyorum. O se\u00e7im meydanlar\u0131nda se\u00e7im g\u00fcnlerinde gelip de burada s\u00f6z verenler sadece verdikleri s\u00f6zl\u00fc se\u00e7im zamanlar\u0131nda de\u011fil, sonraki s\u00fcre\u00e7lerde de takip\u00e7i olsunlar ve Manavgat\u2019a 500 yatakl\u0131 A s\u0131n\u0131f\u0131 bir hastaneyi hep beraber kazand\u0131ral\u0131m.<\/p>\n<p>&nbsp;<\/p>\n<p>Say\u0131n Bakana da yine buradan Manavgatl\u0131 hem\u015ferilerim ad\u0131na seslenmek istiyorum, Say\u0131n Bakan Manavgat&#8217;\u0131n b\u00f6yle bir hastaneye ihtiyac\u0131 vard\u0131r, sizlerden biz Manavgat halk\u0131n\u0131n ihtiyac\u0131n\u0131 g\u00f6recek A s\u0131n\u0131f\u0131 bir hastanenin burada biran evvel yap\u0131lmas\u0131n\u0131 bekliyoruz. Bu g\u00f6r\u00fcnt\u00fcden Manavgat hastanesini kurtarmak ve her t\u00fcrl\u00fc tedavinin yap\u0131ld\u0131\u011f\u0131 bir hastaneyi Manavgat\u2019a kazand\u0131r\u0131lmas\u0131 hepimizin beklentisidir. Dolay\u0131s\u0131yla bu konuya bir kez daha dikkat \u00e7ekmek ve bu konuyu bir kez daha hat\u0131rlatmak ad\u0131na bug\u00fcn Manavgat&#8217;tay\u0131z ve iktidardan acil beklentimiz Manavgat hastanesini istiyoruz. Manavgat\u2019a hak etti\u011fi o 500 yatakl\u0131 hastaneyi istiyoruz. Buradan bir kez daha y\u00fcksek sesle Manavgat halk\u0131 ad\u0131na ifade ediyoruz.<\/p>\n<p>Bu hastane yap\u0131l\u0131ncaya kadar da \u015funu da s\u00f6yleyeyim dile getirmeye de devam edece\u011fiz, bunu unutmayaca\u011f\u0131z, takip\u00e7isi olaca\u011f\u0131z. 2021 y\u0131l\u0131nda hastanenin Manavgat\u2019a hastanenin yap\u0131lmas\u0131 konusunun takip\u00e7isi olaca\u011f\u0131z. Buradan da ifade etmek istiyorum.\u201d dedi.<\/p>\n<p>&nbsp;<\/p>\n<p>Milletvekili Ar\u0131, 22.01.02021 tarihli yeni bir yaz\u0131l\u0131 soru \u00f6nergesiyle daha \u00f6nce Sa\u011fl\u0131k Bakan\u0131 Fahrettin Koca\u2019ya verdi\u011fi yaz\u0131l\u0131 soru \u00f6nergesini yeniledi ve Her se\u00e7im d\u00f6neminde dile getirilen ancak yerine getirilemeyip adeta halk\u0131 cezaland\u0131r\u0131lan Manavgat\u2019a yeni bir hastane yat\u0131r\u0131m\u0131 projeleriniz aras\u0131nda bulunmakta m\u0131d\u0131r? Yoksa neden yoktur? Varsa, Manavgat halk\u0131n\u0131n ma\u011fduriyetine son vermek amac\u0131yla 500 yatakl\u0131 \u201cA\u201d s\u0131n\u0131f\u0131 yeni bir hastane yat\u0131r\u0131m\u0131na ne zaman ba\u015flanacakt\u0131r? sorular\u0131n\u0131 y\u00f6nelterek konuyu tekrar meclis g\u00fcndemine ta\u015f\u0131d\u0131.<\/p>\n","protected":false},"excerpt":{"rendered":"<p>&nbsp; CHP Antalya Milletvekili Av.Cavit ARI, Manavgat il\u00e7esinde yapt\u0131\u011f\u0131 bir dizi ziyarette daha \u00f6ncede meclis g\u00fcndemine ta\u015f\u0131d\u0131\u011f\u0131 Manavgat Devlet Hastanesi\u2019ne de bir ziyarette bulundu. &nbsp; Pejm\u00fcrde g\u00f6r\u00fcnt\u00fcs\u00fcyle Manavgat\u2019a yak\u0131\u015fmayan hastanenin son durumunu bir de yerinde g\u00f6rmek ve yeni bir devlet hastanesi ihtiyac\u0131n\u0131 g\u00f6r\u00fc\u015fmek amac\u0131yla CHP Manavgat \u0130l\u00e7e Ba\u015fkan\u0131 Aliye \u00c7o\u015far\u2019la birlikte Ba\u015fhekimi ziyaret eden Milletvekili [&hellip;]<\/p>\n","protected":false},"author":1,"featured_media":21576,"comment_status":"closed","ping_status":"open","sticky":false,"template":"","format":"standard","meta":[],"categories":[63,35],"tags":[],"amp_enabled":true,"_links":{"self":[{"href":"https:\/\/chpantalya.com\/index.php?rest_route=\/wp\/v2\/posts\/21939"}],"collection":[{"href":"https:\/\/chpantalya.com\/index.php?rest_route=\/wp\/v2\/posts"}],"about":[{"href":"https:\/\/chpantalya.com\/index.php?rest_route=\/wp\/v2\/types\/post"}],"author":[{"embeddable":true,"href":"https:\/\/chpantalya.com\/index.php?rest_route=\/wp\/v2\/users\/1"}],"replies":[{"embeddable":true,"href":"https:\/\/chpantalya.com\/index.php?rest_route=%2Fwp%2Fv2%2Fcomments&post=21939"}],"version-history":[{"count":0,"href":"https:\/\/chpantalya.com\/index.php?rest_route=\/wp\/v2\/posts\/21939\/revisions"}],"wp:featuredmedia":[{"embeddable":true,"href":"https:\/\/chpantalya.com\/index.php?rest_route=\/wp\/v2\/media\/21576"}],"wp:attachment":[{"href":"https:\/\/chpantalya.com\/index.php?rest_route=%2Fwp%2Fv2%2Fmedia&parent=21939"}],"wp:term":[{"taxonomy":"category","embeddable":true,"href":"https:\/\/chpantalya.com\/index.php?rest_route=%2Fwp%2Fv2%2Fcategories&post=21939"},{"taxonomy":"post_tag","embeddable":true,"href":"https:\/\/chpantalya.com\/index.php?rest_route=%2Fwp%2Fv2%2Ftags&post=21939"}],"curies":[{"name":"wp","href":"https:\/\/api.w.org\/{rel}","templated":true}]}}