{"id":21976,"date":"2021-01-29T14:11:10","date_gmt":"2021-01-29T11:11:10","guid":{"rendered":"http:\/\/chpantalya.com\/?p=21976"},"modified":"2021-01-29T14:11:10","modified_gmt":"2021-01-29T11:11:10","slug":"ptt-kamp-yeri-satis-listesinden-cikarilmali","status":"publish","type":"post","link":"https:\/\/chpantalya.com\/?p=21976","title":{"rendered":"\u201cPTT Kamp Yeri Sat\u0131\u015f Listesinden \u00c7\u0131kar\u0131lmal\u0131\u201d"},"content":{"rendered":"<p>TBMM Plan ve B\u00fct\u00e7e Komisyonu \u00fcyesi CHP Antalya Milletvekili Av.Cavit ARI, T\u00fcrkiye Varl\u0131k Fonu\u2019nun 2019 y\u0131l\u0131na ait denetim raporunun g\u00f6r\u00fc\u015f\u00fcld\u00fc\u011f\u00fc Plan ve B\u00fct\u00e7e Komisyon toplant\u0131s\u0131nda \u201cVarl\u0131k Fonunun b\u00fcnyesinde olan PTT\u2019nin Antalya Lara k\u0131y\u0131 band\u0131nda bulunan kamp\u0131 niye sat\u0131l\u0131yor, b\u00f6yle bir de\u011ferin sat\u0131\u015f\u0131na neden m\u00fcsaade ediyorsunuz, PTT kamp yeri sat\u0131\u015f listesinden \u00e7\u0131kar\u0131lmal\u0131.\u201d diyerek tepkisini dile getirdi.<\/p>\n<p>Antalya\u2019n\u0131n g\u00f6zde sahillerinden olan 2 kilometre uzunlu\u011fundaki Lara K\u0131y\u0131 Band\u0131, kumsal\u0131n\u0131n geni\u015fli\u011fi ve sahip oldu\u011fu ince \u201calt\u0131n\u201d kumuyla pek \u00e7ok yerli ve yabanc\u0131 turistin u\u011frak yeridir. Bir\u00e7ok kamu kamp\u0131na da ev sahipli\u011fi yapan sahil band\u0131nda 2017 y\u0131l\u0131 ba\u015f\u0131nda Varl\u0131k Fonuna devredilen PTT\u2019nin de dinlenme tesisi vard\u0131r diyen CHP Antalya Milletvekili Cavit Ar\u0131, \u201cPTT Kamp\u0131\u201d diye ge\u00e7en yerin daha ay\u0131n 20\u2019sinde sat\u0131\u015fa \u00e7\u0131kar\u0131ld\u0131\u011f\u0131n\u0131 ancak iptal edildi\u011fini biliyor musunuz veya bu niye sat\u0131\u015fa \u00e7\u0131kar\u0131ld\u0131? Yani zaman\u0131nda, 1950\u2019li y\u0131llarda o b\u00f6lgedeki kamu kurumu mensuplar\u0131n\u0131n yararlanmas\u0131 ad\u0131na o d\u00f6nemin Valilik ve Mill\u00ee Emlak M\u00fcd\u00fcrl\u00fc\u011f\u00fc taraf\u0131ndan PTT mensuplar\u0131na tahsis edilmi\u015f bu yerin \u015fimdi sat\u0131lmak \u00fczere oldu\u011fundan haberiniz var m\u0131 veya niye sat\u0131l\u0131yor? Yani b\u00f6yle bir de\u011ferin, Antalya\u2019n\u0131n bir de\u011ferinin sat\u0131lmas\u0131na niye m\u00fcsaade etti\u011finizi ben \u00f6\u011frenmek istiyorum.\u201d diyerek tepkisini dile getirdi.<\/p>\n<p>CHP Antalya Milletvekili Cavit Ar\u0131, \u201cBak\u0131n, Antalya\u2019da PTT\u2019ye ait Lara\u2019daki kamp\u0131 sat\u0131lmak \u00fczere. Oras\u0131 d\u00fcnyan\u0131n en g\u00fczel plaj\u0131 ve alan oray\u0131 yap\u0131la\u015fmaya a\u00e7acakt\u0131r, halk\u0131n kullan\u0131m\u0131 engellenmi\u015f olacakt\u0131r. Bu sat\u0131\u015f ayn\u0131 sahil band\u0131nda olan di\u011fer kamu tesislerinin de sat\u0131\u015f\u0131n\u0131n \u00f6n\u00fcn\u00fc a\u00e7abilecek k\u00f6t\u00fc bir \u00f6rnek olacakt\u0131r. Bu yanl\u0131\u015f karardan d\u00f6n\u00fclmesi ad\u0131na PTT kamp yeri biran evvel sat\u0131\u015f listesinden \u00e7\u0131kar\u0131lmal\u0131d\u0131r. Bir yere verilecekse de B\u00fcy\u00fck\u015fehir Belediyesine verilmeli ki korunsun.\u201d diyerek tamamlad\u0131.<\/p>\n","protected":false},"excerpt":{"rendered":"<p>TBMM Plan ve B\u00fct\u00e7e Komisyonu \u00fcyesi CHP Antalya Milletvekili Av.Cavit ARI, T\u00fcrkiye Varl\u0131k Fonu\u2019nun 2019 y\u0131l\u0131na ait denetim raporunun g\u00f6r\u00fc\u015f\u00fcld\u00fc\u011f\u00fc Plan ve B\u00fct\u00e7e Komisyon toplant\u0131s\u0131nda \u201cVarl\u0131k Fonunun b\u00fcnyesinde olan PTT\u2019nin Antalya Lara k\u0131y\u0131 band\u0131nda bulunan kamp\u0131 niye sat\u0131l\u0131yor, b\u00f6yle bir de\u011ferin sat\u0131\u015f\u0131na neden m\u00fcsaade ediyorsunuz, PTT kamp yeri sat\u0131\u015f listesinden \u00e7\u0131kar\u0131lmal\u0131.\u201d diyerek tepkisini dile getirdi. [&hellip;]<\/p>\n","protected":false},"author":1,"featured_media":18324,"comment_status":"closed","ping_status":"open","sticky":false,"template":"","format":"standard","meta":[],"categories":[63,35],"tags":[],"amp_enabled":true,"_links":{"self":[{"href":"https:\/\/chpantalya.com\/index.php?rest_route=\/wp\/v2\/posts\/21976"}],"collection":[{"href":"https:\/\/chpantalya.com\/index.php?rest_route=\/wp\/v2\/posts"}],"about":[{"href":"https:\/\/chpantalya.com\/index.php?rest_route=\/wp\/v2\/types\/post"}],"author":[{"embeddable":true,"href":"https:\/\/chpantalya.com\/index.php?rest_route=\/wp\/v2\/users\/1"}],"replies":[{"embeddable":true,"href":"https:\/\/chpantalya.com\/index.php?rest_route=%2Fwp%2Fv2%2Fcomments&post=21976"}],"version-history":[{"count":0,"href":"https:\/\/chpantalya.com\/index.php?rest_route=\/wp\/v2\/posts\/21976\/revisions"}],"wp:featuredmedia":[{"embeddable":true,"href":"https:\/\/chpantalya.com\/index.php?rest_route=\/wp\/v2\/media\/18324"}],"wp:attachment":[{"href":"https:\/\/chpantalya.com\/index.php?rest_route=%2Fwp%2Fv2%2Fmedia&parent=21976"}],"wp:term":[{"taxonomy":"category","embeddable":true,"href":"https:\/\/chpantalya.com\/index.php?rest_route=%2Fwp%2Fv2%2Fcategories&post=21976"},{"taxonomy":"post_tag","embeddable":true,"href":"https:\/\/chpantalya.com\/index.php?rest_route=%2Fwp%2Fv2%2Ftags&post=21976"}],"curies":[{"name":"wp","href":"https:\/\/api.w.org\/{rel}","templated":true}]}}