{"id":21984,"date":"2021-01-31T19:50:23","date_gmt":"2021-01-31T16:50:23","guid":{"rendered":"http:\/\/chpantalya.com\/?p=21984"},"modified":"2021-02-01T09:52:04","modified_gmt":"2021-02-01T06:52:04","slug":"mevsimlik-turizm-calisanina-odenek-de-yok-destek-de","status":"publish","type":"post","link":"https:\/\/chpantalya.com\/?p=21984","title":{"rendered":"\u201cMEVS\u0130ML\u0130K TUR\u0130ZM \u00c7ALI\u015eANINA \u00d6DENEK DE YOK DESTEK DE\u201d"},"content":{"rendered":"<p>TBMM Plan ve B\u00fct\u00e7e Komisyonu \u00fcyesi CHP Antalya Milletvekili Av.Cavit ARI, salg\u0131nla beraber y\u00fckselen i\u015fsizli\u011fin olumsuz ekonomik etkilerini azaltmaya y\u00f6nelik verilmeye ba\u015flanan k\u0131sa \u00e7al\u0131\u015fma \u00f6dene\u011fi ve nakdi \u00fccret deste\u011finden turizm sekt\u00f6r\u00fcn\u00fcn mevsimlik \u00e7al\u0131\u015fanlar\u0131n\u0131n yararlanmas\u0131 ask\u0131da turizm i\u015f\u00e7isi olmalar\u0131 nedeniyle m\u00fcmk\u00fcn olmam\u0131\u015ft\u0131r. Y\u00fczbinlerce ask\u0131 ma\u011fduru turizm i\u015f\u00e7isi \u201cAdalet nerede, l\u00fctfen birileri bizleri g\u00f6rs\u00fcn art\u0131k\u201d diyor dedi.<\/p>\n<p>Salg\u0131n ba\u015flamadan \u00f6nce ask\u0131da olan \u00e7al\u0131\u015fanlar sezonda i\u015flerine geri d\u00f6nd\u00fc ve k\u0131\u015ftan kalan bor\u00e7lar\u0131n\u0131 \u00f6demeye tam ba\u015flayacaklard\u0131. Ancak maalesef Pandemi y\u00fcz\u00fcnden yine ask\u0131ya al\u0131nd\u0131lar. May\u0131s ay\u0131nda k\u0131sa \u00e7al\u0131\u015fma \u00f6dene\u011fi \u015fartlar\u0131n\u0131 tamaml\u0131yorlar diye 3 ay \u00f6denek alanlar oldu. Temmuz\u2019da i\u015fene d\u00f6nebilenler Ekim\u2019de yeniden ask\u0131ya g\u00f6nderildiler \u201cmerak etmeyin yine \u00f6denek devam edecek\u201d dendi. Ayn\u0131 mesai arkada\u015flar\u0131 s\u0131rf kadrolu olarak s\u0131n\u0131fland\u0131r\u0131ld\u0131klar\u0131 i\u00e7in \u00f6denekleri 10 ay devam etti. \u2018Peki biz ne olaca\u011f\u0131z\u2019 dediklerinde ask\u0131 personeli i\u00e7in ba\u015fvuram\u0131yoruz dendi. 1177 lira tutar\u0131ndaki nakdi \u00fccret deste\u011fine ba\u015fvurdular ama onu da i\u015ften \u00e7\u0131kar\u0131lmad\u0131klar\u0131 i\u00e7in alamad\u0131lar. Evine ekmek alamayan, \u00e7ocu\u011funa s\u00fct alamayan, kiras\u0131n\u0131 \u00f6deyemeyen y\u00fczbinlerce i\u015f\u00e7i \u015fu an ma\u011fdur, diyen CHP Antalya Milletvekili Av.Cavit Ar\u0131 \u201cTurizm sekt\u00f6r\u00fcn\u00fcn \u00fcvey evlat muamelesi g\u00f6ren ask\u0131daki mevsimlik \u00e7al\u0131\u015fanlar\u0131n\u0131n bu ma\u011fduriyetinin giderilmesi, Turizm Bakan\u0131n\u0131n mevsimlik \u00e7al\u0131\u015fanlar\u0131 i\u015fe geri al\u0131n \u00e7a\u011fr\u0131s\u0131yla sadece i\u015fverenlerin inisiyatifine b\u0131rak\u0131lmayacak kadar \u00f6nemli olup Aile, \u00c7al\u0131\u015fma ve Sosyal Hizmetler Bakanl\u0131\u011f\u0131 ile beraber K\u00fclt\u00fcr ve Turizm Bakanl\u0131\u011f\u0131 taraf\u0131ndan en k\u0131sa zamanda gerekli d\u00fczenlemenin yap\u0131lmas\u0131 beklenmektedir.\u201d a\u00e7\u0131klamas\u0131nda bulundu.<\/p>\n<p>&nbsp;<\/p>\n<p>Milletvekili Ar\u0131 Aile, hem \u00c7al\u0131\u015fma ve Sosyal Hizmetler Bakan\u0131 hem de K\u00fclt\u00fcr ve Turizm Bakan\u0131na hitaben verdi\u011fi yaz\u0131l\u0131 soru \u00f6nergesinde y\u00f6neltti\u011fi; K\u0131sa \u00e7al\u0131\u015fma \u00f6dene\u011fi ve nakdi \u00fccret deste\u011finden yararlanamayan ask\u0131daki mevsimlik turizm \u00e7al\u0131\u015fanlar\u0131n\u0131n bu ma\u011fduriyetlerinin \u00e7\u00f6z\u00fcm\u00fcne y\u00f6nelik bir \u00e7al\u0131\u015fma yapmay\u0131 planl\u0131yor musunuz? 2019 y\u0131l\u0131nda turizm sekt\u00f6r\u00fcnde \u00e7al\u0131\u015fan mevsimlik i\u015f\u00e7i say\u0131s\u0131 ka\u00e7t\u0131r? Pandemi d\u00f6neminde k\u0131sa \u00e7al\u0131\u015fma \u00f6dene\u011fi ve nakdi \u00fccret deste\u011finden faydalanan ask\u0131daki mevsimlik \u00e7al\u0131\u015fan say\u0131s\u0131 ka\u00e7t\u0131r? sorular\u0131yla da konuyu meclis g\u00fcndemine ta\u015f\u0131d\u0131.<\/p>\n<p>&nbsp;<\/p>\n<p>&nbsp;<\/p>\n","protected":false},"excerpt":{"rendered":"<p>TBMM Plan ve B\u00fct\u00e7e Komisyonu \u00fcyesi CHP Antalya Milletvekili Av.Cavit ARI, salg\u0131nla beraber y\u00fckselen i\u015fsizli\u011fin olumsuz ekonomik etkilerini azaltmaya y\u00f6nelik verilmeye ba\u015flanan k\u0131sa \u00e7al\u0131\u015fma \u00f6dene\u011fi ve nakdi \u00fccret deste\u011finden turizm sekt\u00f6r\u00fcn\u00fcn mevsimlik \u00e7al\u0131\u015fanlar\u0131n\u0131n yararlanmas\u0131 ask\u0131da turizm i\u015f\u00e7isi olmalar\u0131 nedeniyle m\u00fcmk\u00fcn olmam\u0131\u015ft\u0131r. Y\u00fczbinlerce ask\u0131 ma\u011fduru turizm i\u015f\u00e7isi \u201cAdalet nerede, l\u00fctfen birileri bizleri g\u00f6rs\u00fcn art\u0131k\u201d diyor dedi. [&hellip;]<\/p>\n","protected":false},"author":1,"featured_media":21576,"comment_status":"closed","ping_status":"open","sticky":false,"template":"","format":"standard","meta":[],"categories":[63,35],"tags":[],"amp_enabled":true,"_links":{"self":[{"href":"https:\/\/chpantalya.com\/index.php?rest_route=\/wp\/v2\/posts\/21984"}],"collection":[{"href":"https:\/\/chpantalya.com\/index.php?rest_route=\/wp\/v2\/posts"}],"about":[{"href":"https:\/\/chpantalya.com\/index.php?rest_route=\/wp\/v2\/types\/post"}],"author":[{"embeddable":true,"href":"https:\/\/chpantalya.com\/index.php?rest_route=\/wp\/v2\/users\/1"}],"replies":[{"embeddable":true,"href":"https:\/\/chpantalya.com\/index.php?rest_route=%2Fwp%2Fv2%2Fcomments&post=21984"}],"version-history":[{"count":0,"href":"https:\/\/chpantalya.com\/index.php?rest_route=\/wp\/v2\/posts\/21984\/revisions"}],"wp:featuredmedia":[{"embeddable":true,"href":"https:\/\/chpantalya.com\/index.php?rest_route=\/wp\/v2\/media\/21576"}],"wp:attachment":[{"href":"https:\/\/chpantalya.com\/index.php?rest_route=%2Fwp%2Fv2%2Fmedia&parent=21984"}],"wp:term":[{"taxonomy":"category","embeddable":true,"href":"https:\/\/chpantalya.com\/index.php?rest_route=%2Fwp%2Fv2%2Fcategories&post=21984"},{"taxonomy":"post_tag","embeddable":true,"href":"https:\/\/chpantalya.com\/index.php?rest_route=%2Fwp%2Fv2%2Ftags&post=21984"}],"curies":[{"name":"wp","href":"https:\/\/api.w.org\/{rel}","templated":true}]}}