{"id":21986,"date":"2021-02-02T16:15:15","date_gmt":"2021-02-02T13:15:15","guid":{"rendered":"http:\/\/chpantalya.com\/?p=21986"},"modified":"2021-02-02T16:15:15","modified_gmt":"2021-02-02T13:15:15","slug":"tasimali-egitime-kademeli-olarak-son-verilmeli","status":"publish","type":"post","link":"https:\/\/chpantalya.com\/?p=21986","title":{"rendered":"\u201cTA\u015eIMALI E\u011e\u0130T\u0130ME KADEMEL\u0130 OLARAK SON VER\u0130LMEL\u0130\u201d"},"content":{"rendered":"<p>TBMM Plan ve B\u00fct\u00e7e Komisyonu \u00fcyesi CHP Antalya Milletvekili Av.Cavit Ar\u0131, \u201cTa\u015f\u0131mal\u0131 e\u011fitim sistemi ba\u015fta \u00f6\u011frenciler olmak \u00fczere t\u00fcm taraflar\u0131n ihtiya\u00e7lar\u0131n\u0131 kar\u015f\u0131lamayan ve bu anlamda hedeflenen faydan\u0131n sa\u011flanmad\u0131\u011f\u0131 bir e\u011fitim uygulamas\u0131 olup her y\u0131l e\u011fitim yat\u0131r\u0131mlar\u0131na ayr\u0131lan \u00f6denek kadar bir paran\u0131n ta\u015f\u0131mal\u0131 e\u011fitim sistemine harcand\u0131\u011f\u0131 dikkate al\u0131nd\u0131\u011f\u0131nda ta\u015f\u0131mal\u0131 e\u011fitime kademeli olarak son verilmesi gereklili\u011fi ortadad\u0131r.\u201d dedi.<\/p>\n<p>Ta\u015f\u0131mal\u0131 e\u011fitim sistemiyle ilgili olarak \u201cN\u00fcfusu az ve da\u011f\u0131n\u0131k olan k\u00f6ylerde, ilk\u00f6\u011fretim \u00f6\u011frencilerinin il ve il\u00e7e gibi daha b\u00fcy\u00fck yerle\u015fim yerlerine g\u00fcn\u00fcbirlik ula\u015ft\u0131r\u0131lmas\u0131yla 1989-1990 \u00f6\u011fretim y\u0131l\u0131nda ilk\u00f6\u011fretim \u00f6\u011frencilerinin ta\u015f\u0131nmas\u0131yla ba\u015flayan ta\u015f\u0131mal\u0131 e\u011fitim sistemi, 2012-2013&#8217;te 12 y\u0131ll\u0131k zorunlu e\u011fitim sisteminin gelmesiyle lise \u00f6\u011frencilerini de i\u00e7ine alarak uygulanmaya devam ediyor.<\/p>\n<p>Uygulaman\u0131n neden oldu\u011fu y\u00fcksek maddi y\u00fck\u00fcn\u00fcn yan\u0131nda bir\u00e7ok sorunu da beraberinde getirdi\u011fi hem bas\u0131na yans\u0131yan haberlerden hem de bu konuda a\u00e7\u0131klama yapan mesleki \u00f6rg\u00fctlerin yetkililerinden bilinmektedir. Ta\u015f\u0131mal\u0131 e\u011fitim \u00e7ocuklar\u0131n zaman\u0131n\u0131 \u00e7alan, \u00f6\u011frenciyi yoran, maliyeti art\u0131ran, \u00f6\u011fretmen ve idareciyi zora sokan bir uygulama.<\/p>\n<p>2021 y\u0131l\u0131 i\u00e7in Milli E\u011fitim Bakanl\u0131\u011f\u0131n\u0131n kendi b\u00fct\u00e7esinden ta\u015f\u0131mal\u0131 e\u011fitime ay\u0131rd\u0131\u011f\u0131 b\u00fct\u00e7e 5,5 milyar TL olarak \u00f6ng\u00f6r\u00fclm\u00fc\u015f olup bu tutar nerdeyse 2020 y\u0131l\u0131nda e\u011fitim yat\u0131r\u0131mlar\u0131na ayr\u0131lan 5,8 milyar TL kadard\u0131r. Benzer durum 2021 y\u0131l\u0131nda da kar\u015f\u0131m\u0131za \u00e7\u0131kmaktad\u0131r. Milli E\u011fitim Bakanl\u0131\u011f\u0131n\u0131n 2021 y\u0131l\u0131 yat\u0131r\u0131m b\u00fct\u00e7esi 11,3 milyar TL\u2019ye art\u0131r\u0131lmas\u0131yla birlikte 5,5 milyar TL\u2019lik ta\u015f\u0131mal\u0131 e\u011fitim \u00f6dene\u011fine ayr\u0131ca Sosyal Yard\u0131mla\u015fma Fonu\u2019ndan gelecek 2 milyar 950 milyon ve pansiyonlardaki \u00f6\u011frencilere \u00f6denecek 1,3 milyar TL\u2019yi de ekledi\u011fimizde ta\u015f\u0131mal\u0131 e\u011fitime harcanacak para yakla\u015f\u0131k 10 milyar TL ile yine nerdeyse e\u011fitim yat\u0131r\u0131mlar\u0131na ayr\u0131lan para kadard\u0131r.<\/p>\n<p>Ayr\u0131ca basit bir hesaplamayla 25 milyar TL\u2019lik b\u00fct\u00e7eyle ta\u015f\u0131mal\u0131 e\u011fitimden vazge\u00e7me ihtimali vard\u0131r diyen Ar\u0131, \u201cTa\u015f\u0131mal\u0131 e\u011fitim alan 1 milyon 256 bin \u00f6\u011frenciden yakla\u015f\u0131k 200 \u00f6\u011frenciye 8 derslik 1 okul isabet etti\u011fini d\u00fc\u015f\u00fcrsek ortalama bir hesapla yakla\u015f\u0131k 6 bin okula ihtiya\u00e7 vard\u0131r. Sekiz derslik bir okulun da yakla\u015f\u0131k yat\u0131r\u0131m maliyetinin 4 milyon TL oldu\u011fu hesab\u0131yla neredeyse 25 milyarl\u0131k bir b\u00fct\u00e7eye, ta\u015f\u0131mal\u0131 e\u011fitimden vazge\u00e7me noktas\u0131na gelebilme ihtimali vard\u0131r. B\u00f6ylelikle, ayr\u0131ca, yakla\u015f\u0131k 250 bin \u00f6\u011fretmenin de yine bu okullarda i\u015f bulabilme ihtimali s\u00f6z konusudur. Dolay\u0131s\u0131yla, sadece bu y\u00f6n\u00fcyle bakt\u0131\u011f\u0131m\u0131zda 250 bin civar\u0131nda \u00f6\u011fretmene de bir i\u015f imk\u00e2n\u0131 do\u011facak ve yine \u00e7ocuklar\u0131m\u0131z uzak mesafelerden ba\u015fka yerlere ta\u015f\u0131narak zorlu bir e\u011fitimden kurtulmu\u015f olacakt\u0131r. Ayr\u0131ca AKP iktidar\u0131nda kapat\u0131lan 17 bin k\u00f6y okulu vard\u0131r ki, bu okullar\u0131n bir k\u0131sm\u0131 da \u00e7ok daha ucuz bir maliyete boyanarak, eksikleri tamamlanarak rahatl\u0131kla kademeli olarak yeniden a\u00e7\u0131labilir. Ta\u015f\u0131mal\u0131 e\u011fitim ile verilen yetersiz ve kalitesiz \u00f6\u011fretim bir yana, bu rakamlarda yerinde e\u011fitim tercihinin yeniden d\u00fc\u015f\u00fcn\u00fclmesi gerekti\u011fini ortaya koymaktad\u0131r.\u201d diyen Milletvekili Cavit Ar\u0131,<\/p>\n<p>Genel Ba\u015fkan\u0131m\u0131z Say\u0131n Kemal K\u0131l\u0131\u00e7daro\u011flu\u2019nun daha \u00f6nce derslik ihtiyac\u0131na istinaden yeni okul yap\u0131m\u0131na ili\u015fkin, b\u00fct\u00fcn iyi niyetiyle iktidara bir \u00e7a\u011fr\u0131s\u0131 olmu\u015ftu ve \u00e7a\u011fr\u0131s\u0131nda \u201cYeni dersliklere ihtiya\u00e7 var. Bize sadece Milli Emlak\u2019tan arsa g\u00f6sterin, biz de Milli E\u011fitim Bakanl\u0131\u011f\u0131na okul yapaca\u011f\u0131z ve teslim edece\u011fiz.\u201d demi\u015f ama iktidar taraf\u0131ndan maalesef ret edilmi\u015fti.<\/p>\n<p>Ta\u015f\u0131mal\u0131 sistemden kimse memnun de\u011fil, ne ta\u015f\u0131yanlar memnun, paralar\u0131n\u0131 do\u011fru d\u00fcr\u00fcst alam\u0131yorlar ne ta\u015f\u0131nanlar memnun. Ya\u015fad\u0131\u011f\u0131m\u0131z bu Pandemi s\u00fcrecinde ge\u00e7ilen uzaktan e\u011fitim nedeniyle y\u0131lda 185 g\u00fcn \u00e7al\u0131\u015fan servis\u00e7iler ancak 80 g\u00fcn \u00e7al\u0131\u015fabilmi\u015ftir. Sistemde s\u0131k\u0131nt\u0131lar oldu\u011fu, 2019 Y\u0131l\u0131 Say\u0131\u015ftay Denetim Raporlar\u0131na kadar da yans\u0131m\u0131\u015f durumda. Say\u0131\u015ftay\u2019\u0131n vermi\u015f oldu\u011fu raporda, ta\u015f\u0131mal\u0131 e\u011fitimde planlama konusunda \u00f6zellikle ciddi bir s\u0131k\u0131nt\u0131 oldu\u011fu yaz\u0131l\u0131d\u0131r.\u201d dedi.<\/p>\n","protected":false},"excerpt":{"rendered":"<p>TBMM Plan ve B\u00fct\u00e7e Komisyonu \u00fcyesi CHP Antalya Milletvekili Av.Cavit Ar\u0131, \u201cTa\u015f\u0131mal\u0131 e\u011fitim sistemi ba\u015fta \u00f6\u011frenciler olmak \u00fczere t\u00fcm taraflar\u0131n ihtiya\u00e7lar\u0131n\u0131 kar\u015f\u0131lamayan ve bu anlamda hedeflenen faydan\u0131n sa\u011flanmad\u0131\u011f\u0131 bir e\u011fitim uygulamas\u0131 olup her y\u0131l e\u011fitim yat\u0131r\u0131mlar\u0131na ayr\u0131lan \u00f6denek kadar bir paran\u0131n ta\u015f\u0131mal\u0131 e\u011fitim sistemine harcand\u0131\u011f\u0131 dikkate al\u0131nd\u0131\u011f\u0131nda ta\u015f\u0131mal\u0131 e\u011fitime kademeli olarak son verilmesi gereklili\u011fi ortadad\u0131r.\u201d [&hellip;]<\/p>\n","protected":false},"author":1,"featured_media":21987,"comment_status":"closed","ping_status":"open","sticky":false,"template":"","format":"standard","meta":[],"categories":[63,35],"tags":[],"amp_enabled":true,"_links":{"self":[{"href":"https:\/\/chpantalya.com\/index.php?rest_route=\/wp\/v2\/posts\/21986"}],"collection":[{"href":"https:\/\/chpantalya.com\/index.php?rest_route=\/wp\/v2\/posts"}],"about":[{"href":"https:\/\/chpantalya.com\/index.php?rest_route=\/wp\/v2\/types\/post"}],"author":[{"embeddable":true,"href":"https:\/\/chpantalya.com\/index.php?rest_route=\/wp\/v2\/users\/1"}],"replies":[{"embeddable":true,"href":"https:\/\/chpantalya.com\/index.php?rest_route=%2Fwp%2Fv2%2Fcomments&post=21986"}],"version-history":[{"count":0,"href":"https:\/\/chpantalya.com\/index.php?rest_route=\/wp\/v2\/posts\/21986\/revisions"}],"wp:featuredmedia":[{"embeddable":true,"href":"https:\/\/chpantalya.com\/index.php?rest_route=\/wp\/v2\/media\/21987"}],"wp:attachment":[{"href":"https:\/\/chpantalya.com\/index.php?rest_route=%2Fwp%2Fv2%2Fmedia&parent=21986"}],"wp:term":[{"taxonomy":"category","embeddable":true,"href":"https:\/\/chpantalya.com\/index.php?rest_route=%2Fwp%2Fv2%2Fcategories&post=21986"},{"taxonomy":"post_tag","embeddable":true,"href":"https:\/\/chpantalya.com\/index.php?rest_route=%2Fwp%2Fv2%2Ftags&post=21986"}],"curies":[{"name":"wp","href":"https:\/\/api.w.org\/{rel}","templated":true}]}}