{"id":21989,"date":"2021-02-02T16:16:46","date_gmt":"2021-02-02T13:16:46","guid":{"rendered":"http:\/\/chpantalya.com\/?p=21989"},"modified":"2021-02-02T16:17:19","modified_gmt":"2021-02-02T13:17:19","slug":"yeni-anayasa-degisikligi-yargi-bagimsizligini-saglamaya-yonelik-olmalidir","status":"publish","type":"post","link":"https:\/\/chpantalya.com\/?p=21989","title":{"rendered":"YEN\u0130 ANAYASA DE\u011e\u0130\u015e\u0130KL\u0130\u011e\u0130, YARGI BA\u011eIMSIZLI\u011eINI SA\u011eLAMAYA Y\u00d6NEL\u0130K OLMALIDIR"},"content":{"rendered":"<p>CHP Antalya Milletvekili ve TBMM Adalet Komisyonu \u00dcyesi Rafet Zeybek, Cumhurba\u015fkan\u0131 Recep Tayyip Erdo\u011fan\u2019\u0131n \u201cYeni Anayasa de\u011fi\u015fikli\u011fi tart\u0131\u015fmalar\u0131 yap\u0131lmal\u0131d\u0131r.\u201d s\u00f6ylemi ve Yarg\u0131 Reformuna dair a\u00e7\u0131klamalarda bulundu. CHP Antalya Milletvekili Zeybek, Yeni Anayasa de\u011fi\u015fikli\u011finin yarg\u0131 ba\u011f\u0131ms\u0131zl\u0131\u011f\u0131n\u0131, hak ve \u00f6zg\u00fcrl\u00fckleri ger\u00e7ek manada g\u00fcvence alt\u0131na almak i\u00e7in yap\u0131lmas\u0131 gerekti\u011fini vurgulad\u0131.<\/p>\n<p><strong>YEN\u0130 ANAYASA DE\u011e\u0130\u015e\u0130KL\u0130\u011e\u0130, YARGI BA\u011eIMSIZLI\u011eINI SA\u011eLAMAYA Y\u00d6NEL\u0130K OLMALIDIR<\/strong><\/p>\n<p>CHP Antalya Milletvekili ve TBMM Adalet Komisyonu \u00dcyesi Zeybek, anayasa de\u011fi\u015fikli\u011fi konusunda AKP iktidar\u0131n\u0131n samimiyet testinden ge\u00e7ece\u011fini belirtti. CHP\u2019li Zeybek a\u00e7\u0131klamas\u0131nda \u015fu ifadeleri kulland\u0131; \u201c18 y\u0131ll\u0131k AKP iktidar\u0131n\u0131n Anayasa De\u011fi\u015fiklikleri ile T\u00fcrkiye\u2019nin yak\u0131n tarihinde neler ya\u015fad\u0131\u011f\u0131 hala haf\u0131zalardad\u0131r. Partili Cumhurba\u015fkan\u0131 Erdo\u011fan\u2019\u0131n yeni anayasa de\u011fi\u015fikli\u011fini tart\u0131\u015fmaya a\u00e7mas\u0131 zamanlama olarak d\u00fc\u015f\u00fcnd\u00fcr\u00fcc\u00fcd\u00fcr. AKP iktidar\u0131 siyasi, ekonomik, sosyal alanlarda art\u0131k y\u00f6netim ve politika \u00fcretemedi\u011fini kabul etmi\u015f oluyor. Ancak 2010 Anayasaya De\u011fi\u015fikli\u011fi Referandumu ile yarg\u0131n\u0131n FET\u00d6\u2019ye teslim edildi\u011fi d\u00fczenlemeleri, 2017 Anayasa De\u011fi\u015fikli\u011fi Referandumu ile de yarg\u0131n\u0131n Y\u00fcr\u00fctme erkinin kontrol\u00fcne girdi\u011fini unutmad\u0131k, bu d\u00fczenlemelere \u201cevet\u201d diyen AKP iktidar\u0131yd\u0131.\u00a0 Etkileri g\u00fcn\u00fcm\u00fczde de devam eden bu de\u011fi\u015fikliklerin sorumlusu AKP\u2019dir. Yeni Anayasa\u2019da demokrasi mutlaka g\u00fc\u00e7lendirilmelidir. Kuvvetler ayr\u0131l\u0131\u011f\u0131 demokrasinin, yarg\u0131 ba\u011f\u0131ms\u0131zl\u0131\u011f\u0131 da adaletin olmazsa olmaz\u0131d\u0131r.\u201d<\/p>\n<p><strong>ANAYASA DE\u011e\u0130\u015e\u0130KL\u0130\u011e\u0130 TARTI\u015eMALARINA, TOPLUMUN T\u00dcM KES\u0130MLER\u0130 D\u00c2H\u0130L ED\u0130LMEL\u0130<\/strong><\/p>\n<p>CHP\u2019li Zeybek, yarg\u0131ya g\u00fcvenin AKP d\u00f6neminde %70\u2019lerden, %20\u2019lere d\u00fc\u015ft\u00fc\u011f\u00fcn\u00fc, yarg\u0131 ba\u011f\u0131ms\u0131zl\u0131\u011f\u0131 ve tarafs\u0131zl\u0131\u011f\u0131n\u0131n sa\u011flanmas\u0131 i\u00e7in Anayasa De\u011fi\u015fikli\u011finin gerekli oldu\u011funu ancak bu de\u011fi\u015fikli\u011fe t\u00fcm T\u00fcrkiye\u2019nin katk\u0131 sunmas\u0131na olanak verilmesi gerekti\u011fini belirtti. CHP\u2019li Zeybek a\u00e7\u0131lamas\u0131n\u0131n devam\u0131nda \u015fu a\u00e7\u0131klamalarda bulundu; \u201cAKP ve iktidar orta\u011f\u0131n\u0131n kendi mutfaklar\u0131nda yap\u0131lan bir Anayasa De\u011fi\u015fikli\u011fi ba\u015fta yarg\u0131 ba\u011f\u0131ms\u0131zl\u0131\u011f\u0131 olmak \u00fczere hi\u00e7bir soruna \u00e7\u00f6z\u00fcm olmaz. Anayasa De\u011fi\u015fikli\u011fi i\u00e7in ba\u015fta \u00fcniversiteler, barolar, demokratik kitle \u00f6rg\u00fctleri, yurtta\u015flar, sanat\u00e7\u0131lar, insan haklar\u0131 savunucular\u0131 ve ayr\u0131ms\u0131z t\u00fcm muhalefet partilerinin g\u00f6r\u00fc\u015fleri al\u0131narak yap\u0131lmal\u0131d\u0131r.\u201d<\/p>\n<p><strong>ANAYASA VE KANUNLARIN YOK SAYILDI\u011eI ORTAMDA, YEN\u0130 ANAYASA DE\u011e\u0130\u015e\u0130KL\u0130\u011e\u0130 TARTI\u015eMASI YAPMAK NE KADAR SA\u011eLIKLI<\/strong><\/p>\n<p>\u201c18 y\u0131ll\u0131k AKP d\u00f6neminde; hukukun \u00fcst\u00fcnl\u00fc\u011f\u00fc yok say\u0131lmakta, yarg\u0131ya talimat verilmekte, Anayasa Mahkemesinin kararlar\u0131 kabul edilmemekte, birka\u00e7 g\u00fcnl\u00fck Yarg\u0131tay \u00fcyesi Anayasa Mahkemesine atanmakta, yarg\u0131 mensuplar\u0131 s\u00fcrg\u00fcn edilmekte, muhalif siyasi, gazeteci ve \u00f6\u011frenciler yarg\u0131 eli ile sindirilmeye \u00e7al\u0131\u015f\u0131lmakta, yarg\u0131 i\u00e7inde grupla\u015fmalara olanak sa\u011flanmakta, liyakat yok say\u0131lmakta, siyasi kadrola\u015fma artmakta, Y\u00fcr\u00fctme Yarg\u0131y\u0131 kontrol etmektedir. Anayasa ve kanunlar\u0131n yok say\u0131ld\u0131\u011f\u0131 ortamda yeni anayasa de\u011fi\u015fikli\u011fi tart\u0131\u015fmalar\u0131 ne kadar sa\u011fl\u0131kl\u0131 olacakt\u0131r, AKP iktidar\u0131 Yeni Anayasa De\u011fi\u015fikli\u011fi tart\u0131\u015fmalar\u0131 ve Yarg\u0131 Reformu \u00e7al\u0131\u015fmalar\u0131 i\u00e7in \u00f6ncelikle mevcut uygulamalar\u0131n\u0131 sonland\u0131rmal\u0131d\u0131r. \u0130ktidar kendi gelece\u011fi i\u00e7in de\u011fil, \u00fclkenin ve milyonlarca vatanda\u015f\u0131n gelece\u011fi i\u00e7in bir kez olsun siyasi ihtiraslar\u0131n\u0131 b\u0131rakarak \u00e7al\u0131\u015fmalar\u0131n\u0131 yapmal\u0131d\u0131r.\u201d dedi.<\/p>\n<p>&nbsp;<\/p>\n<p>&nbsp;<\/p>\n<p>&nbsp;<\/p>\n<p>&nbsp;<\/p>\n","protected":false},"excerpt":{"rendered":"<p>CHP Antalya Milletvekili ve TBMM Adalet Komisyonu \u00dcyesi Rafet Zeybek, Cumhurba\u015fkan\u0131 Recep Tayyip Erdo\u011fan\u2019\u0131n \u201cYeni Anayasa de\u011fi\u015fikli\u011fi tart\u0131\u015fmalar\u0131 yap\u0131lmal\u0131d\u0131r.\u201d s\u00f6ylemi ve Yarg\u0131 Reformuna dair a\u00e7\u0131klamalarda bulundu. CHP Antalya Milletvekili Zeybek, Yeni Anayasa de\u011fi\u015fikli\u011finin yarg\u0131 ba\u011f\u0131ms\u0131zl\u0131\u011f\u0131n\u0131, hak ve \u00f6zg\u00fcrl\u00fckleri ger\u00e7ek manada g\u00fcvence alt\u0131na almak i\u00e7in yap\u0131lmas\u0131 gerekti\u011fini vurgulad\u0131. YEN\u0130 ANAYASA DE\u011e\u0130\u015e\u0130KL\u0130\u011e\u0130, YARGI BA\u011eIMSIZLI\u011eINI SA\u011eLAMAYA Y\u00d6NEL\u0130K OLMALIDIR [&hellip;]<\/p>\n","protected":false},"author":1,"featured_media":21990,"comment_status":"closed","ping_status":"open","sticky":false,"template":"","format":"standard","meta":[],"categories":[35,62],"tags":[],"amp_enabled":true,"_links":{"self":[{"href":"https:\/\/chpantalya.com\/index.php?rest_route=\/wp\/v2\/posts\/21989"}],"collection":[{"href":"https:\/\/chpantalya.com\/index.php?rest_route=\/wp\/v2\/posts"}],"about":[{"href":"https:\/\/chpantalya.com\/index.php?rest_route=\/wp\/v2\/types\/post"}],"author":[{"embeddable":true,"href":"https:\/\/chpantalya.com\/index.php?rest_route=\/wp\/v2\/users\/1"}],"replies":[{"embeddable":true,"href":"https:\/\/chpantalya.com\/index.php?rest_route=%2Fwp%2Fv2%2Fcomments&post=21989"}],"version-history":[{"count":0,"href":"https:\/\/chpantalya.com\/index.php?rest_route=\/wp\/v2\/posts\/21989\/revisions"}],"wp:featuredmedia":[{"embeddable":true,"href":"https:\/\/chpantalya.com\/index.php?rest_route=\/wp\/v2\/media\/21990"}],"wp:attachment":[{"href":"https:\/\/chpantalya.com\/index.php?rest_route=%2Fwp%2Fv2%2Fmedia&parent=21989"}],"wp:term":[{"taxonomy":"category","embeddable":true,"href":"https:\/\/chpantalya.com\/index.php?rest_route=%2Fwp%2Fv2%2Fcategories&post=21989"},{"taxonomy":"post_tag","embeddable":true,"href":"https:\/\/chpantalya.com\/index.php?rest_route=%2Fwp%2Fv2%2Ftags&post=21989"}],"curies":[{"name":"wp","href":"https:\/\/api.w.org\/{rel}","templated":true}]}}