{"id":22074,"date":"2021-02-12T13:16:53","date_gmt":"2021-02-12T10:16:53","guid":{"rendered":"http:\/\/chpantalya.com\/?p=22074"},"modified":"2021-02-12T13:16:53","modified_gmt":"2021-02-12T10:16:53","slug":"chp-antalya-orgutleri-bir-arada","status":"publish","type":"post","link":"https:\/\/chpantalya.com\/?p=22074","title":{"rendered":"CHP ANTALYA \u00d6RG\u00dcTLER\u0130 B\u0130R ARADA!"},"content":{"rendered":"<p><strong>\u0130L BA\u015eKANI NUSRET BAYAR, \u201cB\u0130Z\u0130 \u0130KT\u0130DARA G\u00d6T\u00dcRECEK OLAN B\u0130RL\u0130K VE BERABERL\u0130\u011e\u0130M\u0130ZD\u0130R\u201d<\/strong><\/p>\n<p>CHP Antalya \u0130l Ba\u015fkan\u0131 Nusret Bayar, g\u00f6revde bir y\u0131l\u0131 geride b\u0131rakmas\u0131 dolay\u0131s\u0131yla ger\u00e7ekle\u015ftirdi\u011fi de\u011ferlendirme toplant\u0131lar\u0131na il\u00e7e ba\u015fkanlar\u0131yla devam etti. Gazipa\u015fa\u2019dan Ka\u015f\u2019a 19 il\u00e7e ba\u015fkan\u0131n\u0131n bir araya geldi\u011fi toplant\u0131 sonras\u0131 Bayar, \u201cBizi iktidara g\u00f6t\u00fcrecek olan birlik ve beraberli\u011fimizdir\u201d dedi.<\/p>\n<p>Antalya\u2019da, g\u00f6revde bir y\u0131l\u0131n\u0131 geride b\u0131rakan Nusret Bayar ba\u015fkanl\u0131\u011f\u0131ndaki CHP \u0130l Y\u00f6netim Kurulu, \u00f6nceki g\u00fcn kendi aralar\u0131nda ger\u00e7ekle\u015ftirdi\u011fi de\u011ferlendirme toplant\u0131s\u0131n\u0131n ard\u0131ndan d\u00fcn 19 il\u00e7e ba\u015fkan\u0131yla bulu\u015ftu. \u0130l Ba\u015fkan\u0131 Bayar\u2019\u0131n \u00e7a\u011fr\u0131s\u0131yla ger\u00e7ekle\u015fen toplant\u0131ya Gazipa\u015fa\u2019dan Ka\u015f\u2019a il\u00e7e ba\u015fkanlar\u0131 eksiksiz kat\u0131ld\u0131. Toplant\u0131ya, Kumluca\u2019dan \u0130l\u00e7e Ba\u015fkan\u0131 Arif Kocac\u0131k\u2019\u0131n devam eden covid-19 karantinas\u0131 s\u00fcreci ve \u0130brad\u0131\u2019dan \u0130l\u00e7e Ba\u015fkan\u0131 Selim \u00d6zalt\u0131n \u015fehir d\u0131\u015f\u0131nda bulunmas\u0131 nedeniyle il\u00e7e ba\u015fkan vekilleri kat\u0131ld\u0131. \u0130l ba\u015fkanl\u0131\u011f\u0131nda ger\u00e7ekle\u015fen bulu\u015fma yakla\u015f\u0131k 2 saat s\u00fcrd\u00fc. Toplant\u0131da, hem CHP \u00f6rg\u00fctlerinin covid-19 salg\u0131n\u0131 alt\u0131nda ge\u00e7en bir y\u0131ll\u0131k \u00e7al\u0131\u015fma s\u00fcreci de\u011ferlendirildi hem de yeni \u00e7al\u0131\u015fma d\u00f6nemine ili\u015fkin fikir al\u0131\u015fveri\u015finde bulunuldu.<\/p>\n<p><strong>\u201cCHP Bir Arada Durabilmenin Ad\u0131d\u0131r\u201d<\/strong><\/p>\n<p>\u0130l Ba\u015fkan\u0131 Bayar, toplant\u0131n\u0131n ard\u0131ndan yapt\u0131\u011f\u0131 de\u011ferlendirmede CHP \u00f6rg\u00fctlerinin birlik ve beraberlik i\u00e7inde Antalya\u2019dan b\u00fcy\u00fck iktidar y\u00fcr\u00fcy\u00fc\u015f\u00fcne destek verdi\u011fini s\u00f6yledi. CHP Antalya il y\u00f6netimi olarak ge\u00e7en y\u0131l 9 \u015eubat\u2019ta ger\u00e7ekle\u015ftirdikleri kongreyle g\u00f6revi devrald\u0131klar\u0131n\u0131 hat\u0131rlatan Bayar, bir y\u0131l\u0131 geride b\u0131rakmalar\u0131 dolay\u0131s\u0131yla bir toplant\u0131lar dizisi ger\u00e7ekle\u015ftirdiklerini s\u00f6yledi. \u00d6nce il y\u00f6netim kurulunu toplad\u0131klar\u0131n\u0131 ard\u0131ndan il\u00e7e ba\u015fkanlar\u0131yla bir araya geldiklerini belirten Ba\u015fkan Bayar, her iki toplant\u0131da da Antalya \u00f6rg\u00fctlerinin bir ve beraber oldu\u011funu g\u00f6rmenin \u00e7ok \u00f6nemli oldu\u011funu dile getirdi. \u201cBizi iktidara g\u00f6t\u00fcrecek olan birlik ve beraberli\u011fimizdir\u201d diyen Ba\u015fkan Bayar, \u201cYa\u015famakta oldu\u011fumuz pandemi d\u00f6nemini bir kez daha g\u00f6sterdi ki, CHP halk\u0131n partisidir. CHP, dayan\u0131\u015fman\u0131n, t\u00fcm zorluklara ra\u011fmen bir arada olman\u0131n, birlikte durabilmenin ad\u0131d\u0131r\u201d dedi.<\/p>\n<p><strong>\u201c\u00dclkemizin Gelece\u011fi \u0130\u00e7in \u0130ktidar Olmaya Mecburuz\u201d<\/strong><\/p>\n<p>D\u00fcnyan\u0131n pandemi nedeniyle \u00e7ok farkl\u0131 bir d\u00f6nemden ge\u00e7ti\u011fine dikkat \u00e7eken Bayar, ancak her \u00fclkenin pandeminin neden oldu\u011fu sosyo-ekonomik sars\u0131nt\u0131lar\u0131 ayn\u0131 \u015fekilde ya\u015famad\u0131\u011f\u0131n\u0131 dile getirdi. T\u00fcrkiye\u2019nin bu d\u00f6nemi en a\u011f\u0131r ya\u015fayan \u00fclkelerin ba\u015f\u0131nda geldi\u011fini dile getiren Bayar, bunda iktidar\u0131n tercihleri kadar beceriksizli\u011finin belirleyici oldu\u011funun alt\u0131n\u0131 \u00e7izdi.\u00a0 AKP Genel Ba\u015fkan\u0131 ve Cumhurba\u015fkan\u0131 Recep Tayyip Erdo\u011fan\u2019\u0131n ya\u015fanan sorunlar\u0131 art\u0131k \u201cYok \u00f6yle \u015fey\u201d diyerek reddetme yolunu se\u00e7ti\u011fini kaydeden Bayar, \u201cNeden olduklar\u0131 tahribat\u0131 onarmak CHP\u2019nin y\u00fcz\u00fc insanlar\u0131na, mahallesine, soka\u011f\u0131na d\u00f6n\u00fck belediyelerine d\u00fc\u015fm\u00fc\u015ft\u00fcr. Bu konuda \u00e7arp\u0131c\u0131 olmas\u0131 a\u00e7\u0131s\u0131ndan, Antalya B\u00fcy\u00fck\u015fehir Belediyemizin, belediyeden sosyal yard\u0131m alan ailelerin \u00fcniversite s\u0131nav\u0131na haz\u0131rlanan \u00e7ocuklar\u0131n\u0131n 2021-Y\u00fcksek\u00f6\u011fretim Kurumlar\u0131 S\u0131nav\u0131 \u00fccretlerini kar\u015f\u0131layaca\u011f\u0131n\u0131 hat\u0131rlatmak isterim. Erdo\u011fan, toplumu kutupla\u015ft\u0131rmak i\u00e7in s\u00f6z\u00fcn batakl\u0131\u011f\u0131nda, dibe do\u011fru \u00e7\u00f6kerken milyonlar\u0131 bir arada tutmak partimize ve Genel Ba\u015fkan\u0131m\u0131z Say\u0131n Kemal K\u0131l\u0131\u00e7daro\u011flu\u2019na d\u00fc\u015fm\u00fc\u015ft\u00fcr. Bir yanda belediyelerimiz di\u011fer yanda parti \u00f6rg\u00fctlerimiz sars\u0131c\u0131 oldu\u011fu kadar hepimizi derinden kayg\u0131land\u0131ran olaylar\u0131n ya\u015fand\u0131\u011f\u0131 bu d\u00f6nemde \u00fclkemizin gelece\u011fi i\u00e7in iktidar olmaya mecburuz. Bu y\u00fcr\u00fcy\u00fc\u015fte, g\u00f6sterdikleri emek ve dayan\u0131\u015fmalar\u0131 i\u00e7in partililerimize ve destekleri dolay\u0131s\u0131yla vatanda\u015flar\u0131m\u0131za \u00e7ok te\u015fekk\u00fcr ederim.\u201d \u015eeklinde konu\u015ftu. Ba\u015fkan Bayar, il\u00e7e ba\u015fkanlar\u0131yla ger\u00e7ekle\u015ftirdi\u011fi toplant\u0131n\u0131n ard\u0131ndan il binas\u0131ndan G\u00fcll\u00fck Caddesi\u2019ne esnaf ziyareti ger\u00e7ekle\u015ftirdi. Ziyarette, il\u00e7e ba\u015fkanlar\u0131n\u0131n yan\u0131 s\u0131ra belediye meclis \u00fcyeleri ve il y\u00f6neticileri de yer ald\u0131.<\/p>\n<p>&nbsp;<iframe loading=\"lazy\" width=\"560\" height=\"315\" src=\"https:\/\/www.youtube.com\/embed\/iQQtqcxhGyM\" frameborder=\"0\" allow=\"accelerometer; autoplay; clipboard-write; encrypted-media; gyroscope; picture-in-picture\" allowfullscreen><\/iframe><\/p>\n\r\n                <style type=\"text\/css\">\r\n                    \r\n                    #tdi_1  .td-doubleSlider-2 .td-item1 {\r\n                        background: url(https:\/\/chpantalya.com\/wp-content\/uploads\/2021\/02\/ESNAF-1-160x120.jpeg) 0 0 no-repeat;\r\n                    }\r\n                    #tdi_1  .td-doubleSlider-2 .td-item2 {\r\n                        background: url(https:\/\/chpantalya.com\/wp-content\/uploads\/2021\/02\/ESNAF-1-160x120.jpg) 0 0 no-repeat;\r\n                    }\r\n                    #tdi_1  .td-doubleSlider-2 .td-item3 {\r\n                        background: url(https:\/\/chpantalya.com\/wp-content\/uploads\/2021\/02\/ESNAF-2-160x120.jpeg) 0 0 no-repeat;\r\n                    }\r\n                    #tdi_1  .td-doubleSlider-2 .td-item4 {\r\n                        background: url(https:\/\/chpantalya.com\/wp-content\/uploads\/2021\/02\/ESNAF-2-160x120.jpg) 0 0 no-repeat;\r\n                    }\r\n                    #tdi_1  .td-doubleSlider-2 .td-item5 {\r\n                        background: url(https:\/\/chpantalya.com\/wp-content\/uploads\/2021\/02\/ESNAF-3-160x120.jpeg) 0 0 no-repeat;\r\n                    }\r\n                    #tdi_1  .td-doubleSlider-2 .td-item6 {\r\n                        background: url(https:\/\/chpantalya.com\/wp-content\/uploads\/2021\/02\/ESNAF-3-160x120.jpg) 0 0 no-repeat;\r\n                    }\r\n                    #tdi_1  .td-doubleSlider-2 .td-item7 {\r\n                        background: url(https:\/\/chpantalya.com\/wp-content\/uploads\/2021\/02\/ESNAF-4-160x120.jpeg) 0 0 no-repeat;\r\n                    }\r\n                    #tdi_1  .td-doubleSlider-2 .td-item8 {\r\n                        background: url(https:\/\/chpantalya.com\/wp-content\/uploads\/2021\/02\/ESNAF-5-160x120.jpeg) 0 0 no-repeat;\r\n                    }\r\n                    #tdi_1  .td-doubleSlider-2 .td-item9 {\r\n                        background: url(https:\/\/chpantalya.com\/wp-content\/uploads\/2021\/02\/ESNAF-6-160x120.jpeg) 0 0 no-repeat;\r\n                    }\r\n                <\/style>\r\n\r\n                <div id=\"tdi_1\" class=\"td-gallery td-slide-on-2-columns\">\r\n                    <div class=\"post_td_gallery\">\r\n                        <div class=\"td-gallery-slide-top\">\r\n                           <div class=\"td-gallery-title\"><\/div>\r\n\r\n                            <div class=\"td-gallery-controls-wrapper\">\r\n                                <div class=\"td-gallery-slide-count\"><span class=\"td-gallery-slide-item-focus\">1<\/span> - 9<\/div>\r\n                                <div class=\"td-gallery-slide-prev-next-but\">\r\n                                    <i class = \"td-icon-left doubleSliderPrevButton\"><\/i>\r\n                                    <i class = \"td-icon-right doubleSliderNextButton\"><\/i>\r\n                                <\/div>\r\n                            <\/div>\r\n                        <\/div>\r\n\r\n                        <div class = \"td-doubleSlider-1 \">\r\n                            <div class = \"td-slider\">\r\n                                \r\n                    <div class = \"td-slide-item td-item1\">\r\n                        <figure class=\"td-slide-galery-figure td-slide-popup-gallery\">\r\n                            <a class=\"slide-gallery-image-link\" href=\"https:\/\/chpantalya.com\/wp-content\/uploads\/2021\/02\/ESNAF-1.jpeg\" title=\"ESNAF (1)\"  data-caption=\"\"  data-description=\"\">\r\n                                <img src=\"https:\/\/chpantalya.com\/wp-content\/uploads\/2021\/02\/ESNAF-1-630x420.jpeg\" srcset=\"https:\/\/chpantalya.com\/wp-content\/uploads\/2021\/02\/ESNAF-1-630x420.jpeg 420w, https:\/\/chpantalya.com\/wp-content\/uploads\/2021\/02\/ESNAF-1-1261x840.jpeg 840w\" sizes=\"(-webkit-min-device-pixel-ratio: 2) 840px, (min-resolution: 192dpi) 840px, 420px\" alt=\"\">\r\n                            <\/a>\r\n                            \r\n                        <\/figure>\r\n                    <\/div>\r\n                    <div class = \"td-slide-item td-item2\">\r\n                        <figure class=\"td-slide-galery-figure td-slide-popup-gallery\">\r\n                            <a class=\"slide-gallery-image-link\" href=\"https:\/\/chpantalya.com\/wp-content\/uploads\/2021\/02\/ESNAF-1.jpg\" title=\"ESNAF (1)\"  data-caption=\"\"  data-description=\"\">\r\n                                <img src=\"https:\/\/chpantalya.com\/wp-content\/uploads\/2021\/02\/ESNAF-1-630x420.jpg\" srcset=\"https:\/\/chpantalya.com\/wp-content\/uploads\/2021\/02\/ESNAF-1-630x420.jpg 420w, https:\/\/chpantalya.com\/wp-content\/uploads\/2021\/02\/ESNAF-1-1260x840.jpg 840w\" sizes=\"(-webkit-min-device-pixel-ratio: 2) 840px, (min-resolution: 192dpi) 840px, 420px\" alt=\"\">\r\n                            <\/a>\r\n                            \r\n                        <\/figure>\r\n                    <\/div>\r\n                    <div class = \"td-slide-item td-item3\">\r\n                        <figure class=\"td-slide-galery-figure td-slide-popup-gallery\">\r\n                            <a class=\"slide-gallery-image-link\" href=\"https:\/\/chpantalya.com\/wp-content\/uploads\/2021\/02\/ESNAF-2.jpeg\" title=\"ESNAF (2)\"  data-caption=\"\"  data-description=\"\">\r\n                                <img src=\"https:\/\/chpantalya.com\/wp-content\/uploads\/2021\/02\/ESNAF-2-630x420.jpeg\" srcset=\"https:\/\/chpantalya.com\/wp-content\/uploads\/2021\/02\/ESNAF-2-630x420.jpeg 420w, https:\/\/chpantalya.com\/wp-content\/uploads\/2021\/02\/ESNAF-2-1261x840.jpeg 840w\" sizes=\"(-webkit-min-device-pixel-ratio: 2) 840px, (min-resolution: 192dpi) 840px, 420px\" alt=\"\">\r\n                            <\/a>\r\n                            \r\n                        <\/figure>\r\n                    <\/div>\r\n                    <div class = \"td-slide-item td-item4\">\r\n                        <figure class=\"td-slide-galery-figure td-slide-popup-gallery\">\r\n                            <a class=\"slide-gallery-image-link\" href=\"https:\/\/chpantalya.com\/wp-content\/uploads\/2021\/02\/ESNAF-2.jpg\" title=\"ESNAF (2)\"  data-caption=\"\"  data-description=\"\">\r\n                                <img src=\"https:\/\/chpantalya.com\/wp-content\/uploads\/2021\/02\/ESNAF-2-630x420.jpg\" srcset=\"https:\/\/chpantalya.com\/wp-content\/uploads\/2021\/02\/ESNAF-2-630x420.jpg 420w, https:\/\/chpantalya.com\/wp-content\/uploads\/2021\/02\/ESNAF-2-1260x840.jpg 840w\" sizes=\"(-webkit-min-device-pixel-ratio: 2) 840px, (min-resolution: 192dpi) 840px, 420px\" alt=\"\">\r\n                            <\/a>\r\n                            \r\n                        <\/figure>\r\n                    <\/div>\r\n                    <div class = \"td-slide-item td-item5\">\r\n                        <figure class=\"td-slide-galery-figure td-slide-popup-gallery\">\r\n                            <a class=\"slide-gallery-image-link\" href=\"https:\/\/chpantalya.com\/wp-content\/uploads\/2021\/02\/ESNAF-3.jpeg\" title=\"ESNAF (3)\"  data-caption=\"\"  data-description=\"\">\r\n                                <img src=\"https:\/\/chpantalya.com\/wp-content\/uploads\/2021\/02\/ESNAF-3-630x420.jpeg\" srcset=\"https:\/\/chpantalya.com\/wp-content\/uploads\/2021\/02\/ESNAF-3-630x420.jpeg 420w, https:\/\/chpantalya.com\/wp-content\/uploads\/2021\/02\/ESNAF-3-1261x840.jpeg 840w\" sizes=\"(-webkit-min-device-pixel-ratio: 2) 840px, (min-resolution: 192dpi) 840px, 420px\" alt=\"\">\r\n                            <\/a>\r\n                            \r\n                        <\/figure>\r\n                    <\/div>\r\n                    <div class = \"td-slide-item td-item6\">\r\n                        <figure class=\"td-slide-galery-figure td-slide-popup-gallery\">\r\n                            <a class=\"slide-gallery-image-link\" href=\"https:\/\/chpantalya.com\/wp-content\/uploads\/2021\/02\/ESNAF-3.jpg\" title=\"ESNAF (3)\"  data-caption=\"\"  data-description=\"\">\r\n                                <img src=\"https:\/\/chpantalya.com\/wp-content\/uploads\/2021\/02\/ESNAF-3-630x420.jpg\" srcset=\"https:\/\/chpantalya.com\/wp-content\/uploads\/2021\/02\/ESNAF-3-630x420.jpg 420w, https:\/\/chpantalya.com\/wp-content\/uploads\/2021\/02\/ESNAF-3-1260x840.jpg 840w\" sizes=\"(-webkit-min-device-pixel-ratio: 2) 840px, (min-resolution: 192dpi) 840px, 420px\" alt=\"\">\r\n                            <\/a>\r\n                            \r\n                        <\/figure>\r\n                    <\/div>\r\n                    <div class = \"td-slide-item td-item7\">\r\n                        <figure class=\"td-slide-galery-figure td-slide-popup-gallery\">\r\n                            <a class=\"slide-gallery-image-link\" href=\"https:\/\/chpantalya.com\/wp-content\/uploads\/2021\/02\/ESNAF-4.jpeg\" title=\"ESNAF (4)\"  data-caption=\"\"  data-description=\"\">\r\n                                <img src=\"https:\/\/chpantalya.com\/wp-content\/uploads\/2021\/02\/ESNAF-4-630x420.jpeg\" srcset=\"https:\/\/chpantalya.com\/wp-content\/uploads\/2021\/02\/ESNAF-4-630x420.jpeg 420w, https:\/\/chpantalya.com\/wp-content\/uploads\/2021\/02\/ESNAF-4-1261x840.jpeg 840w\" sizes=\"(-webkit-min-device-pixel-ratio: 2) 840px, (min-resolution: 192dpi) 840px, 420px\" alt=\"\">\r\n                            <\/a>\r\n                            \r\n                        <\/figure>\r\n                    <\/div>\r\n                    <div class = \"td-slide-item td-item8\">\r\n                        <figure class=\"td-slide-galery-figure td-slide-popup-gallery\">\r\n                            <a class=\"slide-gallery-image-link\" href=\"https:\/\/chpantalya.com\/wp-content\/uploads\/2021\/02\/ESNAF-5.jpeg\" title=\"ESNAF (5)\"  data-caption=\"\"  data-description=\"\">\r\n                                <img src=\"https:\/\/chpantalya.com\/wp-content\/uploads\/2021\/02\/ESNAF-5-630x420.jpeg\" srcset=\"https:\/\/chpantalya.com\/wp-content\/uploads\/2021\/02\/ESNAF-5-630x420.jpeg 420w, https:\/\/chpantalya.com\/wp-content\/uploads\/2021\/02\/ESNAF-5-1261x840.jpeg 840w\" sizes=\"(-webkit-min-device-pixel-ratio: 2) 840px, (min-resolution: 192dpi) 840px, 420px\" alt=\"\">\r\n                            <\/a>\r\n                            \r\n                        <\/figure>\r\n                    <\/div>\r\n                    <div class = \"td-slide-item td-item9\">\r\n                        <figure class=\"td-slide-galery-figure td-slide-popup-gallery\">\r\n                            <a class=\"slide-gallery-image-link\" href=\"https:\/\/chpantalya.com\/wp-content\/uploads\/2021\/02\/ESNAF-6.jpeg\" title=\"ESNAF (6)\"  data-caption=\"\"  data-description=\"\">\r\n                                <img src=\"https:\/\/chpantalya.com\/wp-content\/uploads\/2021\/02\/ESNAF-6-630x420.jpeg\" srcset=\"https:\/\/chpantalya.com\/wp-content\/uploads\/2021\/02\/ESNAF-6-630x420.jpeg 420w, https:\/\/chpantalya.com\/wp-content\/uploads\/2021\/02\/ESNAF-6-1261x840.jpeg 840w\" sizes=\"(-webkit-min-device-pixel-ratio: 2) 840px, (min-resolution: 192dpi) 840px, 420px\" alt=\"\">\r\n                            <\/a>\r\n                            \r\n                        <\/figure>\r\n                    <\/div>\r\n                            <\/div>\r\n                        <\/div>\r\n\r\n                        <div class = \"td-doubleSlider-2\">\r\n                            <div class = \"td-slider\">\r\n                                \r\n                    <div class = \"td-button td-item1\">\r\n                        <div class = \"td-border\"><\/div>\r\n                    <\/div>\r\n                    <div class = \"td-button td-item2\">\r\n                        <div class = \"td-border\"><\/div>\r\n                    <\/div>\r\n                    <div class = \"td-button td-item3\">\r\n                        <div class = \"td-border\"><\/div>\r\n                    <\/div>\r\n                    <div class = \"td-button td-item4\">\r\n                        <div class = \"td-border\"><\/div>\r\n                    <\/div>\r\n                    <div class = \"td-button td-item5\">\r\n                        <div class = \"td-border\"><\/div>\r\n                    <\/div>\r\n                    <div class = \"td-button td-item6\">\r\n                        <div class = \"td-border\"><\/div>\r\n                    <\/div>\r\n                    <div class = \"td-button td-item7\">\r\n                        <div class = \"td-border\"><\/div>\r\n                    <\/div>\r\n                    <div class = \"td-button td-item8\">\r\n                        <div class = \"td-border\"><\/div>\r\n                    <\/div>\r\n                    <div class = \"td-button td-item9\">\r\n                        <div class = \"td-border\"><\/div>\r\n                    <\/div>\r\n                            <\/div>\r\n                        <\/div>\r\n\r\n                    <\/div>\r\n\r\n                <\/div>\r\n                \n","protected":false},"excerpt":{"rendered":"<p>\u0130L BA\u015eKANI NUSRET BAYAR, \u201cB\u0130Z\u0130 \u0130KT\u0130DARA G\u00d6T\u00dcRECEK OLAN B\u0130RL\u0130K VE BERABERL\u0130\u011e\u0130M\u0130ZD\u0130R\u201d CHP Antalya \u0130l Ba\u015fkan\u0131 Nusret Bayar, g\u00f6revde bir y\u0131l\u0131 geride b\u0131rakmas\u0131 dolay\u0131s\u0131yla ger\u00e7ekle\u015ftirdi\u011fi de\u011ferlendirme toplant\u0131lar\u0131na il\u00e7e ba\u015fkanlar\u0131yla devam etti. Gazipa\u015fa\u2019dan Ka\u015f\u2019a 19 il\u00e7e ba\u015fkan\u0131n\u0131n bir araya geldi\u011fi toplant\u0131 sonras\u0131 Bayar, \u201cBizi iktidara g\u00f6t\u00fcrecek olan birlik ve beraberli\u011fimizdir\u201d dedi. Antalya\u2019da, g\u00f6revde bir y\u0131l\u0131n\u0131 geride b\u0131rakan [&hellip;]<\/p>\n","protected":false},"author":1,"featured_media":22080,"comment_status":"closed","ping_status":"open","sticky":false,"template":"","format":"standard","meta":[],"categories":[58],"tags":[],"amp_enabled":true,"_links":{"self":[{"href":"https:\/\/chpantalya.com\/index.php?rest_route=\/wp\/v2\/posts\/22074"}],"collection":[{"href":"https:\/\/chpantalya.com\/index.php?rest_route=\/wp\/v2\/posts"}],"about":[{"href":"https:\/\/chpantalya.com\/index.php?rest_route=\/wp\/v2\/types\/post"}],"author":[{"embeddable":true,"href":"https:\/\/chpantalya.com\/index.php?rest_route=\/wp\/v2\/users\/1"}],"replies":[{"embeddable":true,"href":"https:\/\/chpantalya.com\/index.php?rest_route=%2Fwp%2Fv2%2Fcomments&post=22074"}],"version-history":[{"count":0,"href":"https:\/\/chpantalya.com\/index.php?rest_route=\/wp\/v2\/posts\/22074\/revisions"}],"wp:featuredmedia":[{"embeddable":true,"href":"https:\/\/chpantalya.com\/index.php?rest_route=\/wp\/v2\/media\/22080"}],"wp:attachment":[{"href":"https:\/\/chpantalya.com\/index.php?rest_route=%2Fwp%2Fv2%2Fmedia&parent=22074"}],"wp:term":[{"taxonomy":"category","embeddable":true,"href":"https:\/\/chpantalya.com\/index.php?rest_route=%2Fwp%2Fv2%2Fcategories&post=22074"},{"taxonomy":"post_tag","embeddable":true,"href":"https:\/\/chpantalya.com\/index.php?rest_route=%2Fwp%2Fv2%2Ftags&post=22074"}],"curies":[{"name":"wp","href":"https:\/\/api.w.org\/{rel}","templated":true}]}}